{"id":50067,"date":"2023-03-28T14:53:12","date_gmt":"2023-03-28T18:53:12","guid":{"rendered":"https:\/\/inces.gob.ve\/?p=50067"},"modified":"2023-03-28T15:12:09","modified_gmt":"2023-03-28T19:12:09","slug":"escuela-de-emprendedores-del-inces-vela-por-la-proteccion-de-las-ideas-y-de-la-intelectualidad","status":"publish","type":"post","link":"https:\/\/inces.gob.ve\/index.php\/2023\/03\/28\/escuela-de-emprendedores-del-inces-vela-por-la-proteccion-de-las-ideas-y-de-la-intelectualidad\/","title":{"rendered":"Escuela de Emprendedores del Inces vela por la protecci\u00f3n de las ideas y de la intelectualidad"},"content":{"rendered":"<p align=\"justify\"><span style=\"font-family: helvetica, sans-serif;\"><span style=\"font-size: large;\"><i><b>** Entre las las l\u00edneas estrat\u00e9gicas del Inces destaca la producci\u00f3n de bienes y la prestaci\u00f3n de servicios<\/b><\/i><\/span><\/span><!--more--><\/p>\n<p align=\"justify\"><span style=\"font-family: helvetica, sans-serif;\"><span style=\"font-size: large;\">DIMAS P\u00c1EZ<\/span><\/span><\/p>\n<p align=\"justify\"><span style=\"font-family: helvetica, sans-serif;\"><span style=\"font-size: large;\">F\/Rafael Urbina<\/span><\/span><\/p>\n<p align=\"justify\"><span style=\"font-family: helvetica, sans-serif;\"><span style=\"font-size: large;\">El Inces, preocupado por la econom\u00eda productiva del pa\u00eds, brinda apoyo, a trav\u00e9s de su Escuela de Emprendedores, a todas aquellas personas interesadas en llevar adelante su proyecto de\u00a0 emprendimiento.<\/span><\/span><\/p>\n<p align=\"justify\"><img loading=\"lazy\" decoding=\"async\" class=\"aligncenter wp-image-50071 size-full\" src=\"https:\/\/inces.gob.ve\/wp-content\/uploads\/2023\/03\/Escuela-Emprendedores-4-.jpg\" alt=\"\" width=\"776\" height=\"540\" srcset=\"https:\/\/inces.gob.ve\/wp-content\/uploads\/2023\/03\/Escuela-Emprendedores-4-.jpg 776w, https:\/\/inces.gob.ve\/wp-content\/uploads\/2023\/03\/Escuela-Emprendedores-4--300x209.jpg 300w, https:\/\/inces.gob.ve\/wp-content\/uploads\/2023\/03\/Escuela-Emprendedores-4--768x534.jpg 768w\" sizes=\"auto, (max-width: 776px) 100vw, 776px\" \/><\/p>\n<p align=\"justify\"><span style=\"font-family: helvetica, sans-serif;\"><span style=\"font-size: large;\">En atenci\u00f3n a lo expuesto, el director de Atenci\u00f3n a las Regiones del Servicio Aut\u00f3nomo de la Propiedad Intelectual (SAPI), ente\u00a0 adscrito al Ministerio del Poder Popular de Comercio Nacional, Lic. Eldison Aponte, dict\u00f3 la charla \u201cRegistro de Marca, Patente y Derecho de Autor\u201d en la citada escuela, ubicada en el edificio anexo de la sede principal de la instituci\u00f3n.\u00a0<\/span><\/span><\/p>\n<p align=\"justify\"><img loading=\"lazy\" decoding=\"async\" class=\"aligncenter wp-image-50069 size-full\" src=\"https:\/\/inces.gob.ve\/wp-content\/uploads\/2023\/03\/Escuela-Emprendedores-1-.jpg\" alt=\"\" width=\"800\" height=\"528\" srcset=\"https:\/\/inces.gob.ve\/wp-content\/uploads\/2023\/03\/Escuela-Emprendedores-1-.jpg 800w, https:\/\/inces.gob.ve\/wp-content\/uploads\/2023\/03\/Escuela-Emprendedores-1--300x198.jpg 300w, https:\/\/inces.gob.ve\/wp-content\/uploads\/2023\/03\/Escuela-Emprendedores-1--768x507.jpg 768w\" sizes=\"auto, (max-width: 800px) 100vw, 800px\" \/><\/p>\n<p align=\"justify\"><span style=\"font-family: helvetica, sans-serif;\"><span style=\"font-size: large;\">Aponte explic\u00f3 los aportes que brinda el SAPI a los emprendedores: \u201cNosotros ofrecemos formaciones a los emprendedores sobre registro de patentes, de marca, sobre propiedad intelectual e indicaciones geogr\u00e1ficas protegidas, as\u00ed como los derechos de autor. Tenemos en el pa\u00eds muchos emprendedores en diferentes \u00e1reas, quienes constantemente se est\u00e1n dirigiendo a nuestra sede ubicada en la Torre Norte del Centro Sim\u00f3n Bol\u00edvar, piso 2\u201d.<\/span><\/span><\/p>\n<p align=\"justify\"><img loading=\"lazy\" decoding=\"async\" class=\"alignnone size-medium wp-image-50068\" src=\"https:\/\/inces.gob.ve\/wp-content\/uploads\/2023\/03\/Escuela-Emprendedores6--300x199.jpg\" alt=\"\" width=\"300\" height=\"199\" data-wp-editing=\"1\" srcset=\"https:\/\/inces.gob.ve\/wp-content\/uploads\/2023\/03\/Escuela-Emprendedores6--300x199.jpg 300w, https:\/\/inces.gob.ve\/wp-content\/uploads\/2023\/03\/Escuela-Emprendedores6--768x511.jpg 768w, https:\/\/inces.gob.ve\/wp-content\/uploads\/2023\/03\/Escuela-Emprendedores6-.jpg 788w\" sizes=\"auto, (max-width: 300px) 100vw, 300px\" \/><\/p>\n<p align=\"justify\"><span style=\"font-family: helvetica, sans-serif;\"><span style=\"font-size: large;\">Muchos de los emprendedores son virales en las redes sociales y nosotros les aportamos las herramientas, para que son sean vulnerables al plagio de sus ideas. La intenci\u00f3n en el d\u00eda de hoy en esta escuela es darles la inducci\u00f3n a cada uno de c\u00f3mo pueden ellos proteger\u00a0 su intelectualidad industrial o sus marcas, finaliz\u00f3\u00a0 Eldison Aponte.<\/span><\/span><\/p>\n","protected":false},"excerpt":{"rendered":"<p>** Entre las las l\u00edneas estrat\u00e9gicas del Inces destaca la producci\u00f3n de bienes y la prestaci\u00f3n de servicios<\/p>\n","protected":false},"author":15,"featured_media":50070,"comment_status":"closed","ping_status":"closed","sticky":false,"template":"","format":"standard","meta":{"footnotes":""},"categories":[2],"tags":[],"class_list":["post-50067","post","type-post","status-publish","format-standard","has-post-thumbnail","hentry","category-blog"],"_links":{"self":[{"href":"https:\/\/inces.gob.ve\/index.php\/wp-json\/wp\/v2\/posts\/50067","targetHints":{"allow":["GET"]}}],"collection":[{"href":"https:\/\/inces.gob.ve\/index.php\/wp-json\/wp\/v2\/posts"}],"about":[{"href":"https:\/\/inces.gob.ve\/index.php\/wp-json\/wp\/v2\/types\/post"}],"author":[{"embeddable":true,"href":"https:\/\/inces.gob.ve\/index.php\/wp-json\/wp\/v2\/users\/15"}],"replies":[{"embeddable":true,"href":"https:\/\/inces.gob.ve\/index.php\/wp-json\/wp\/v2\/comments?post=50067"}],"version-history":[{"count":2,"href":"https:\/\/inces.gob.ve\/index.php\/wp-json\/wp\/v2\/posts\/50067\/revisions"}],"predecessor-version":[{"id":50073,"href":"https:\/\/inces.gob.ve\/index.php\/wp-json\/wp\/v2\/posts\/50067\/revisions\/50073"}],"wp:featuredmedia":[{"embeddable":true,"href":"https:\/\/inces.gob.ve\/index.php\/wp-json\/wp\/v2\/media\/50070"}],"wp:attachment":[{"href":"https:\/\/inces.gob.ve\/index.php\/wp-json\/wp\/v2\/media?parent=50067"}],"wp:term":[{"taxonomy":"category","embeddable":true,"href":"https:\/\/inces.gob.ve\/index.php\/wp-json\/wp\/v2\/categories?post=50067"},{"taxonomy":"post_tag","embeddable":true,"href":"https:\/\/inces.gob.ve\/index.php\/wp-json\/wp\/v2\/tags?post=50067"}],"curies":[{"name":"wp","href":"https:\/\/api.w.org\/{rel}","templated":true}]}}