{"id":50118,"date":"2023-03-30T13:49:59","date_gmt":"2023-03-30T17:49:59","guid":{"rendered":"https:\/\/inces.gob.ve\/?p=50118"},"modified":"2023-03-30T13:50:37","modified_gmt":"2023-03-30T17:50:37","slug":"trujillo-nuevos-aprendices-reciben-charla-de-induccion","status":"publish","type":"post","link":"https:\/\/inces.gob.ve\/index.php\/2023\/03\/30\/trujillo-nuevos-aprendices-reciben-charla-de-induccion\/","title":{"rendered":"TRUJILLO | Nuevos aprendices reciben charla de inducci\u00f3n"},"content":{"rendered":"<p style=\"text-align: justify;\"><em><strong><span style=\"font-family: helvetica, arial, sans-serif; font-size: 14pt;\">**Un total de 65\u00a0 aspirantes inscritos en las opciones formativas Vendedor, Asistente Administrativo, Electromec\u00e1nica y Mec\u00e1nica\u00a0 Automotriz\u00a0 estuvieron atentos a las orientaciones nacionales brindadas por la Coordinaci\u00f3n del PNA<\/span><\/strong><\/em><!--more--><\/p>\n<p>&nbsp;<\/p>\n<p style=\"text-align: justify;\"><span style=\"font-family: helvetica, arial, sans-serif; font-size: 14pt;\"><strong>MAR\u00cdA CABRERA<\/strong><\/span><\/p>\n<p style=\"text-align: justify;\"><span style=\"font-family: helvetica, arial, sans-serif; font-size: 14pt;\">El Programa Nacional de Aprendizaje (PNA), coordinado por Evelin Segovia en el estado Trujillo, atendi\u00f3 a los 65 aspirantes a aprendices quienes asistieron a una reuni\u00f3n convocada por el Inces\u00a0para informarle a los nuevos estudiantes sobre el funcionamiento, beneficios y otros aspectos de su inter\u00e9s, acto que se llev\u00f3 a cabo en el auditorio \u201cLuis Beltr\u00e1n Prieto Figueroa\u201d.<\/span><\/p>\n<p style=\"text-align: justify;\"><span style=\"font-family: helvetica, arial, sans-serif; font-size: 14pt;\">Los 65 j\u00f3venes aspirantes a ingresar en el PNA participaron\u00a0previamente\u00a0en la actividad conmemorativa a los 121 a\u00f1os de nacimiento del \u201cMaestro de Maestr os\u201d fundador del Inces, quien fue homenajeado por el personal de este n\u00facleo en los cuatro Centros de Formaci\u00f3n Socialistas de Trujillo, donde se congreg\u00f3 adem\u00e1s parte del p\u00fablico asistente que, desde temprano, acudi\u00f3 a las instalaciones del CFS \u201cAl\u00ed Primera\u201d, principal sede administrativa del organismo en la entidad.<\/span><\/p>\n<p style=\"text-align: justify;\"><span style=\"font-family: helvetica, arial, sans-serif; font-size: 14pt;\">Segovia indic\u00f3 a los aspirantes sobre la oportunidad que se les brinda y la importancia de cumplir con las obligaciones acad\u00e9micas que est\u00e1n vinculadas con posibilidad de hacer sus pasant\u00edas en las empresas donde\u00a0 tendr\u00e1n la opci\u00f3n de demostrar los conocimientos aprendidos en el Inces y hasta de ocupar una vacante laboral.<\/span><\/p>\n<p style=\"text-align: justify;\"><span style=\"font-family: helvetica, arial, sans-serif; font-size: 14pt;\">En tal sentido, Jos\u00e9 Quintero, jefe de Operaciones de Bus Trujillo y Carlos Abreu, Jefe de Seguridad, ofrecieron detalles a los aspirantes sobre las condiciones y necesidades de esta empresa que tiene sedes en varios estados del pa\u00eds y \u201cdonde actualmente se est\u00e1 requiriendo de personal especialista en mec\u00e1nica diesel\u201d.<\/span><\/p>\n<p style=\"text-align: justify;\"><span style=\"font-family: helvetica, arial, sans-serif; font-size: 14pt;\">Ambos representantes de Bus Trujillo fueron escuchados atentamente por los presentes en la actividad quienes mostraron sobrado inter\u00e9s en brindarles buenos beneficios a los aprendices que deseen inclinarse por algunas de estas opciones formativas.<\/span><\/p>\n<p style=\"text-align: justify;\"><span style=\"font-family: helvetica, arial, sans-serif; font-size: 14pt;\">Segovia, tambi\u00e9n aprovech\u00f3 la ocasi\u00f3n para\u00a0 notificar a los aspirantes al PNA que las clases de este nuevo lapso arrancar\u00edan este 21 de marzo.<\/span><\/p>\n","protected":false},"excerpt":{"rendered":"<p>**Un total de 65\u00a0 aspirantes inscritos en las opciones formativas Vendedor, Asistente Administrativo, Electromec\u00e1nica y Mec\u00e1nica\u00a0 Automotriz\u00a0 estuvieron atentos a las orientaciones nacionales brindadas por la Coordinaci\u00f3n del PNA<\/p>\n","protected":false},"author":15,"featured_media":50119,"comment_status":"closed","ping_status":"closed","sticky":false,"template":"","format":"standard","meta":{"footnotes":""},"categories":[2],"tags":[],"class_list":["post-50118","post","type-post","status-publish","format-standard","has-post-thumbnail","hentry","category-blog"],"_links":{"self":[{"href":"https:\/\/inces.gob.ve\/index.php\/wp-json\/wp\/v2\/posts\/50118","targetHints":{"allow":["GET"]}}],"collection":[{"href":"https:\/\/inces.gob.ve\/index.php\/wp-json\/wp\/v2\/posts"}],"about":[{"href":"https:\/\/inces.gob.ve\/index.php\/wp-json\/wp\/v2\/types\/post"}],"author":[{"embeddable":true,"href":"https:\/\/inces.gob.ve\/index.php\/wp-json\/wp\/v2\/users\/15"}],"replies":[{"embeddable":true,"href":"https:\/\/inces.gob.ve\/index.php\/wp-json\/wp\/v2\/comments?post=50118"}],"version-history":[{"count":1,"href":"https:\/\/inces.gob.ve\/index.php\/wp-json\/wp\/v2\/posts\/50118\/revisions"}],"predecessor-version":[{"id":50120,"href":"https:\/\/inces.gob.ve\/index.php\/wp-json\/wp\/v2\/posts\/50118\/revisions\/50120"}],"wp:featuredmedia":[{"embeddable":true,"href":"https:\/\/inces.gob.ve\/index.php\/wp-json\/wp\/v2\/media\/50119"}],"wp:attachment":[{"href":"https:\/\/inces.gob.ve\/index.php\/wp-json\/wp\/v2\/media?parent=50118"}],"wp:term":[{"taxonomy":"category","embeddable":true,"href":"https:\/\/inces.gob.ve\/index.php\/wp-json\/wp\/v2\/categories?post=50118"},{"taxonomy":"post_tag","embeddable":true,"href":"https:\/\/inces.gob.ve\/index.php\/wp-json\/wp\/v2\/tags?post=50118"}],"curies":[{"name":"wp","href":"https:\/\/api.w.org\/{rel}","templated":true}]}}