{"id":50184,"date":"2023-04-10T14:38:30","date_gmt":"2023-04-10T18:38:30","guid":{"rendered":"https:\/\/inces.gob.ve\/?p=50184"},"modified":"2023-04-10T14:39:54","modified_gmt":"2023-04-10T18:39:54","slug":"aragua-se-desarrollo-ponencia-especial-para-la-proteccion-del-ambiente","status":"publish","type":"post","link":"https:\/\/inces.gob.ve\/index.php\/2023\/04\/10\/aragua-se-desarrollo-ponencia-especial-para-la-proteccion-del-ambiente\/","title":{"rendered":"ARAGUA |  Se desarroll\u00f3 ponencia especial para la protecci\u00f3n del ambiente"},"content":{"rendered":"<div dir=\"auto\" style=\"text-align: justify;\"><em><strong><span style=\"font-family: helvetica, arial, sans-serif;\">** A la cita concurrieron estudiantes y profesionales ambientalistas para encontrar soluciones en torno a la protecci\u00f3n de nuestra madre tierra<\/span><\/strong><\/em><\/div>\n<p><!--more--><\/p>\n<div dir=\"auto\" style=\"text-align: justify;\"><\/div>\n<div style=\"text-align: justify;\"><span style=\"font-family: helvetica, arial, sans-serif;\">NINOSKA PATRIZ<\/span><\/div>\n<div dir=\"auto\" style=\"text-align: justify;\"><\/div>\n<div dir=\"auto\" style=\"text-align: justify;\"><span style=\"font-family: helvetica, arial, sans-serif;\">El auditorio del Inces Regi\u00f3n Aragua, ubicado en la Av. Bol\u00edvar Sector La Romana municipio Girardot, fue punto de encuentro ambientalista.<\/span><\/div>\n<div dir=\"auto\"><img loading=\"lazy\" decoding=\"async\" class=\"aligncenter wp-image-50185 size-full\" src=\"https:\/\/inces.gob.ve\/wp-content\/uploads\/2023\/04\/proteccion-del-ambiente-2--scaled-e1681150664547.jpg\" alt=\"\" width=\"800\" height=\"600\" srcset=\"https:\/\/inces.gob.ve\/wp-content\/uploads\/2023\/04\/proteccion-del-ambiente-2--scaled-e1681150664547.jpg 800w, https:\/\/inces.gob.ve\/wp-content\/uploads\/2023\/04\/proteccion-del-ambiente-2--scaled-e1681150664547-300x225.jpg 300w, https:\/\/inces.gob.ve\/wp-content\/uploads\/2023\/04\/proteccion-del-ambiente-2--scaled-e1681150664547-768x576.jpg 768w, https:\/\/inces.gob.ve\/wp-content\/uploads\/2023\/04\/proteccion-del-ambiente-2--scaled-e1681150664547-136x102.jpg 136w\" sizes=\"auto, (max-width: 800px) 100vw, 800px\" \/><\/div>\n<div dir=\"auto\" style=\"text-align: justify;\"><\/div>\n<div dir=\"auto\" style=\"text-align: justify;\"><span style=\"font-family: helvetica, arial, sans-serif;\">En este aspecto la conferencia: Cambio Clim\u00e1tico inici\u00f3 desde las 09:00 a.m., contando con el ponente el ingeniero Jesualdo Mendoza Cuello, quien parti\u00f3 desde su libro: \u00abDesastre ambiental en el planeta tierra\u00bb, en funci\u00f3n de concientizar a los presentes sobre la materia y qui\u00e9n tambi\u00e9n forma parte de la Asociaci\u00f3n de Jubilados y Jubiladas Inces Regi\u00f3n Aragua (ANJI).<\/span><\/div>\n<div dir=\"auto\"><img loading=\"lazy\" decoding=\"async\" class=\"aligncenter wp-image-50189 size-full\" src=\"https:\/\/inces.gob.ve\/wp-content\/uploads\/2023\/04\/proteccion-del-ambiente-7--scaled-e1681150703922.jpg\" alt=\"\" width=\"800\" height=\"600\" srcset=\"https:\/\/inces.gob.ve\/wp-content\/uploads\/2023\/04\/proteccion-del-ambiente-7--scaled-e1681150703922.jpg 800w, https:\/\/inces.gob.ve\/wp-content\/uploads\/2023\/04\/proteccion-del-ambiente-7--scaled-e1681150703922-300x225.jpg 300w, https:\/\/inces.gob.ve\/wp-content\/uploads\/2023\/04\/proteccion-del-ambiente-7--scaled-e1681150703922-768x576.jpg 768w, https:\/\/inces.gob.ve\/wp-content\/uploads\/2023\/04\/proteccion-del-ambiente-7--scaled-e1681150703922-136x102.jpg 136w\" sizes=\"auto, (max-width: 800px) 100vw, 800px\" \/><\/div>\n<div dir=\"auto\" style=\"text-align: justify;\"><\/div>\n<div dir=\"auto\" style=\"text-align: justify;\"><span style=\"font-family: helvetica, arial, sans-serif;\">El mismo estuvo acompa\u00f1ado de la jefa de Centro de la Escuela Pr\u00e1ctica de Agricultura Mar\u00eda Jos\u00e9 D\u00edaz y la Coordinadora de Cultura Cultura Deporte y Recreaci\u00f3n Adela Ram\u00edrez, quienes otorgaron un peque\u00f1o pero significativo reconocimiento al ingeniero Mendoza, por su aporte en tan importante materia.<\/span><\/div>\n<div dir=\"auto\" style=\"text-align: justify;\"><img loading=\"lazy\" decoding=\"async\" class=\"aligncenter wp-image-50188 size-full\" src=\"https:\/\/inces.gob.ve\/wp-content\/uploads\/2023\/04\/proteccion-del-ambiente-6--scaled-e1681150722186.jpg\" alt=\"\" width=\"800\" height=\"600\" srcset=\"https:\/\/inces.gob.ve\/wp-content\/uploads\/2023\/04\/proteccion-del-ambiente-6--scaled-e1681150722186.jpg 800w, https:\/\/inces.gob.ve\/wp-content\/uploads\/2023\/04\/proteccion-del-ambiente-6--scaled-e1681150722186-300x225.jpg 300w, https:\/\/inces.gob.ve\/wp-content\/uploads\/2023\/04\/proteccion-del-ambiente-6--scaled-e1681150722186-768x576.jpg 768w, https:\/\/inces.gob.ve\/wp-content\/uploads\/2023\/04\/proteccion-del-ambiente-6--scaled-e1681150722186-136x102.jpg 136w\" sizes=\"auto, (max-width: 800px) 100vw, 800px\" \/><\/div>\n<div dir=\"auto\" style=\"text-align: justify;\"><span style=\"font-family: helvetica, arial, sans-serif;\">\u00abLa contaminaci\u00f3n del aire y del agua, el calentamiento global, la lluvia \u00e1cida, la deforestaci\u00f3n, los incendios forestales son solo algunos de los problemas ambientales que estamos enfrentando en este momento\u00bb, refiri\u00f3 Mendoza.<\/span><\/div>\n<div dir=\"auto\" style=\"text-align: justify;\"><img loading=\"lazy\" decoding=\"async\" class=\"aligncenter wp-image-50186 size-full\" src=\"https:\/\/inces.gob.ve\/wp-content\/uploads\/2023\/04\/proteccion-del-ambiente-3--scaled-e1681150745201.jpg\" alt=\"\" width=\"800\" height=\"600\" srcset=\"https:\/\/inces.gob.ve\/wp-content\/uploads\/2023\/04\/proteccion-del-ambiente-3--scaled-e1681150745201.jpg 800w, https:\/\/inces.gob.ve\/wp-content\/uploads\/2023\/04\/proteccion-del-ambiente-3--scaled-e1681150745201-300x225.jpg 300w, https:\/\/inces.gob.ve\/wp-content\/uploads\/2023\/04\/proteccion-del-ambiente-3--scaled-e1681150745201-768x576.jpg 768w, https:\/\/inces.gob.ve\/wp-content\/uploads\/2023\/04\/proteccion-del-ambiente-3--scaled-e1681150745201-136x102.jpg 136w\" sizes=\"auto, (max-width: 800px) 100vw, 800px\" \/><\/div>\n<div dir=\"auto\" style=\"text-align: justify;\"><span style=\"font-family: helvetica, arial, sans-serif;\">Al mismo tiempo destac\u00f3 que todos los organismos obtienen del medioambiente el sustento necesario para garantizar su supervivencia, no solo alimento, sino, tambi\u00e9n, refugio, aire o energ\u00eda, de all\u00ed su gran importancia. \u00abPor tal motivo, es primordial, mantener su equilibrio para asegurar la vida tal y como se conoce hoy en d\u00eda\u00bb, asegur\u00f3 el ponente.<\/span><\/div>\n<div dir=\"auto\" style=\"text-align: justify;\"><\/div>\n<div dir=\"auto\" style=\"text-align: justify;\"><span style=\"font-family: helvetica, arial, sans-serif;\">En esta ocasi\u00f3n, el Inces es vitrina para crear conciencia sobre la necesidad de protecci\u00f3n ambiental\u00bb, expres\u00f3 al mismo tiempo que agradeci\u00f3 la oportunidad de mostrar el conjunto de medidas que se toman a nivel p\u00fablico y privado para cuidar nuestro h\u00e1bitat natural, preserv\u00e1ndolo del deterioro y la contaminaci\u00f3n.<\/span><\/div>\n","protected":false},"excerpt":{"rendered":"<p>** A la cita concurrieron estudiantes y profesionales ambientalistas para encontrar soluciones en torno a la protecci\u00f3n de nuestra madre tierra<\/p>\n","protected":false},"author":15,"featured_media":50187,"comment_status":"closed","ping_status":"closed","sticky":false,"template":"","format":"standard","meta":{"footnotes":""},"categories":[2],"tags":[],"class_list":["post-50184","post","type-post","status-publish","format-standard","has-post-thumbnail","hentry","category-blog"],"_links":{"self":[{"href":"https:\/\/inces.gob.ve\/index.php\/wp-json\/wp\/v2\/posts\/50184","targetHints":{"allow":["GET"]}}],"collection":[{"href":"https:\/\/inces.gob.ve\/index.php\/wp-json\/wp\/v2\/posts"}],"about":[{"href":"https:\/\/inces.gob.ve\/index.php\/wp-json\/wp\/v2\/types\/post"}],"author":[{"embeddable":true,"href":"https:\/\/inces.gob.ve\/index.php\/wp-json\/wp\/v2\/users\/15"}],"replies":[{"embeddable":true,"href":"https:\/\/inces.gob.ve\/index.php\/wp-json\/wp\/v2\/comments?post=50184"}],"version-history":[{"count":1,"href":"https:\/\/inces.gob.ve\/index.php\/wp-json\/wp\/v2\/posts\/50184\/revisions"}],"predecessor-version":[{"id":50190,"href":"https:\/\/inces.gob.ve\/index.php\/wp-json\/wp\/v2\/posts\/50184\/revisions\/50190"}],"wp:featuredmedia":[{"embeddable":true,"href":"https:\/\/inces.gob.ve\/index.php\/wp-json\/wp\/v2\/media\/50187"}],"wp:attachment":[{"href":"https:\/\/inces.gob.ve\/index.php\/wp-json\/wp\/v2\/media?parent=50184"}],"wp:term":[{"taxonomy":"category","embeddable":true,"href":"https:\/\/inces.gob.ve\/index.php\/wp-json\/wp\/v2\/categories?post=50184"},{"taxonomy":"post_tag","embeddable":true,"href":"https:\/\/inces.gob.ve\/index.php\/wp-json\/wp\/v2\/tags?post=50184"}],"curies":[{"name":"wp","href":"https:\/\/api.w.org\/{rel}","templated":true}]}}