{"id":50211,"date":"2023-04-11T14:10:37","date_gmt":"2023-04-11T18:10:37","guid":{"rendered":"https:\/\/inces.gob.ve\/?p=50211"},"modified":"2023-04-11T14:11:38","modified_gmt":"2023-04-11T18:11:38","slug":"yaracuy-centros-de-formacion-reciben-a-participantes-de-manera-presencial","status":"publish","type":"post","link":"https:\/\/inces.gob.ve\/index.php\/2023\/04\/11\/yaracuy-centros-de-formacion-reciben-a-participantes-de-manera-presencial\/","title":{"rendered":"YARACUY | Centros de Formaci\u00f3n reciben a participantes de manera presencial"},"content":{"rendered":"<p align=\"justify\"><em><strong><span style=\"font-family: helvetica, sans-serif;\"><span style=\"font-size: large;\">***Con entusiasmo y expectativas los asistentes iniciaron las actividades acad\u00e9micas \u00a0<\/span><\/span><\/strong><\/em><!--more--><\/p>\n<p align=\"justify\"><span style=\"font-family: helvetica, sans-serif;\"><span style=\"font-size: large;\">YOLAICE VARGAS<\/span><\/span><\/p>\n<p align=\"justify\">\u00a0<span style=\"font-family: helvetica, sans-serif;\"><span style=\"font-size: large;\">Para cumplir con las orientaciones del presidente de la rep\u00fablica Nicol\u00e1s Maduro y de la m\u00e1xima autoridad del Instituto Nacional de Capacitaci\u00f3n y Educaci\u00f3n Socialista (Inces), Wuikelman Angel Paredes, se dio inicio a las capacitaciones \u00a0presenciales en los tres CFS (Centro de Formaci\u00f3n Socialista), \u00a0de la entidad Yaracuyana.<\/span><\/span><\/p>\n<p><img loading=\"lazy\" decoding=\"async\" class=\"wp-image-50213 size-full\" src=\"https:\/\/inces.gob.ve\/wp-content\/uploads\/2023\/04\/Centros-For.-reciben-participantes-1--e1681236497348.jpg\" alt=\"\" width=\"800\" height=\"450\" srcset=\"https:\/\/inces.gob.ve\/wp-content\/uploads\/2023\/04\/Centros-For.-reciben-participantes-1--e1681236497348.jpg 800w, https:\/\/inces.gob.ve\/wp-content\/uploads\/2023\/04\/Centros-For.-reciben-participantes-1--e1681236497348-300x169.jpg 300w, https:\/\/inces.gob.ve\/wp-content\/uploads\/2023\/04\/Centros-For.-reciben-participantes-1--e1681236497348-768x432.jpg 768w\" sizes=\"auto, (max-width: 800px) 100vw, 800px\" \/><\/p>\n<p align=\"justify\"><span style=\"font-family: helvetica, sans-serif;\"><span style=\"font-size: large;\">As\u00ed lo dio a conocer el gerente del Inces regi\u00f3n Yaracuy, Dalvi Torrealba, qui\u00e9n destac\u00f3 que, el Instituto inicia una etapa formativa de car\u00e1cter presencial con nueva metodolog\u00eda, debido a que los conceptos son m\u00e1s amplios y los participantes podr\u00e1n acceder a diversidad de unidades curriculares que se traduce en mayor conocimiento y aprendizaje.<\/span><\/span><\/p>\n<p><img loading=\"lazy\" decoding=\"async\" class=\"wp-image-50212 size-full\" src=\"https:\/\/inces.gob.ve\/wp-content\/uploads\/2023\/04\/Centros-For.-reciben-participantes--e1681236532911.jpg\" alt=\"\" width=\"800\" height=\"450\" srcset=\"https:\/\/inces.gob.ve\/wp-content\/uploads\/2023\/04\/Centros-For.-reciben-participantes--e1681236532911.jpg 800w, https:\/\/inces.gob.ve\/wp-content\/uploads\/2023\/04\/Centros-For.-reciben-participantes--e1681236532911-300x169.jpg 300w, https:\/\/inces.gob.ve\/wp-content\/uploads\/2023\/04\/Centros-For.-reciben-participantes--e1681236532911-768x432.jpg 768w\" sizes=\"auto, (max-width: 800px) 100vw, 800px\" \/><\/p>\n<p align=\"justify\"><span style=\"font-family: helvetica, sans-serif;\"><span style=\"font-size: large;\">De igual manera manifest\u00f3 que \u00a0tanto en los tres Centros de Formaci\u00f3n Socialista; San Felipe El Fuerte, Manuel Cede\u00f1o y Prudencio V\u00e1zquez, as\u00ed como en las comunidades iniciaron con gran cantidad de participantes el proceso de capacitaci\u00f3n.<\/span><\/span><\/p>\n<p align=\"justify\"><span style=\"font-family: helvetica, sans-serif;\"><span style=\"font-size: large;\">Entre las formaciones que arrancaron este mes de abril se pueden mencionar: sistema el\u00e9ctrico del autom\u00f3vil, asistente de recursos humanos, arquitectura del computador, instalaciones el\u00e9ctricas, patronaje de prendas de vestir, cultivo de hortalizas en huertos, entre otros.<\/span><\/span><\/p>\n<p><img loading=\"lazy\" decoding=\"async\" class=\"wp-image-50215 size-full\" src=\"https:\/\/inces.gob.ve\/wp-content\/uploads\/2023\/04\/Centros-For.-reciben-participantes-5--e1681236552481.jpg\" alt=\"\" width=\"800\" height=\"450\" srcset=\"https:\/\/inces.gob.ve\/wp-content\/uploads\/2023\/04\/Centros-For.-reciben-participantes-5--e1681236552481.jpg 800w, https:\/\/inces.gob.ve\/wp-content\/uploads\/2023\/04\/Centros-For.-reciben-participantes-5--e1681236552481-300x169.jpg 300w, https:\/\/inces.gob.ve\/wp-content\/uploads\/2023\/04\/Centros-For.-reciben-participantes-5--e1681236552481-768x432.jpg 768w\" sizes=\"auto, (max-width: 800px) 100vw, 800px\" \/><\/p>\n<p align=\"justify\"><span style=\"font-family: helvetica, sans-serif;\"><span style=\"font-size: large;\">Asimismo, el titular del Inces regi\u00f3n Yaracuy, Dalvi Torrealba se\u00f1al\u00f3 que en la sede de la gerencia regional contin\u00faan activos los puntos de registro e inscripciones para facilitar al usuario la entrada al sistema Hacer, al tiempo que se consolida la matr\u00edcula de participantes por formaciones. <\/span><\/span><\/p>\n<p align=\"justify\"><span style=\"font-family: helvetica, sans-serif;\"><span style=\"font-size: large;\">Es de importancia \u00a0mencionar que los asistentes se mostraron con gran entusiasmo y expectantes al momento del inicio de las actividades formativas, expresaron que ven en la instituci\u00f3n una oportunidad de aprendizaje que los impulsa al campo laboral en corto plazo. <\/span><\/span><\/p>\n","protected":false},"excerpt":{"rendered":"<p>***Con entusiasmo y expectativas los asistentes iniciaron las actividades acad\u00e9micas \u00a0<\/p>\n","protected":false},"author":15,"featured_media":50214,"comment_status":"closed","ping_status":"closed","sticky":false,"template":"","format":"standard","meta":{"footnotes":""},"categories":[2],"tags":[],"class_list":["post-50211","post","type-post","status-publish","format-standard","has-post-thumbnail","hentry","category-blog"],"_links":{"self":[{"href":"https:\/\/inces.gob.ve\/index.php\/wp-json\/wp\/v2\/posts\/50211","targetHints":{"allow":["GET"]}}],"collection":[{"href":"https:\/\/inces.gob.ve\/index.php\/wp-json\/wp\/v2\/posts"}],"about":[{"href":"https:\/\/inces.gob.ve\/index.php\/wp-json\/wp\/v2\/types\/post"}],"author":[{"embeddable":true,"href":"https:\/\/inces.gob.ve\/index.php\/wp-json\/wp\/v2\/users\/15"}],"replies":[{"embeddable":true,"href":"https:\/\/inces.gob.ve\/index.php\/wp-json\/wp\/v2\/comments?post=50211"}],"version-history":[{"count":2,"href":"https:\/\/inces.gob.ve\/index.php\/wp-json\/wp\/v2\/posts\/50211\/revisions"}],"predecessor-version":[{"id":50217,"href":"https:\/\/inces.gob.ve\/index.php\/wp-json\/wp\/v2\/posts\/50211\/revisions\/50217"}],"wp:featuredmedia":[{"embeddable":true,"href":"https:\/\/inces.gob.ve\/index.php\/wp-json\/wp\/v2\/media\/50214"}],"wp:attachment":[{"href":"https:\/\/inces.gob.ve\/index.php\/wp-json\/wp\/v2\/media?parent=50211"}],"wp:term":[{"taxonomy":"category","embeddable":true,"href":"https:\/\/inces.gob.ve\/index.php\/wp-json\/wp\/v2\/categories?post=50211"},{"taxonomy":"post_tag","embeddable":true,"href":"https:\/\/inces.gob.ve\/index.php\/wp-json\/wp\/v2\/tags?post=50211"}],"curies":[{"name":"wp","href":"https:\/\/api.w.org\/{rel}","templated":true}]}}