{"id":50232,"date":"2023-04-11T14:42:35","date_gmt":"2023-04-11T18:42:35","guid":{"rendered":"https:\/\/inces.gob.ve\/?p=50232"},"modified":"2023-04-11T14:42:41","modified_gmt":"2023-04-11T18:42:41","slug":"cfs-jorge-rodriguez-arranco-clases-presenciales-con-seis-formaciones","status":"publish","type":"post","link":"https:\/\/inces.gob.ve\/index.php\/2023\/04\/11\/cfs-jorge-rodriguez-arranco-clases-presenciales-con-seis-formaciones\/","title":{"rendered":"CFS Jorge Rodr\u00edguez arranc\u00f3 clases presenciales con seis formaciones"},"content":{"rendered":"<p dir=\"ltr\" style=\"text-align: justify;\"><em><strong>** La cuarta l\u00ednea estrat\u00e9gica del Inces es la creaci\u00f3n de un Sistema de Educaci\u00f3n y Formaci\u00f3n T\u00e9cnica Profesional<\/strong><\/em><!--more--><\/p>\n<p dir=\"ltr\" style=\"text-align: justify;\">DIMAS P\u00c1EZ<\/p>\n<p dir=\"ltr\" style=\"text-align: justify;\">F\/Rafael Urbina<\/p>\n<p dir=\"ltr\" style=\"text-align: justify;\">El Centro de Formaci\u00f3n Socialista (CFS) Jorge Antonio Rodr\u00edguez, ubicado en el edificio anexo del Instituto Nacional de Capacitaci\u00f3n y Educaci\u00f3n Socialista (Inces), bajo la responsabilidad de Madeleyne Hern\u00e1ndez, luego de la transformaci\u00f3n curricular que hizo la instituci\u00f3n, dio comienzo a las formaciones.<\/p>\n<p dir=\"ltr\"><img loading=\"lazy\" decoding=\"async\" class=\"aligncenter wp-image-50233 size-full\" src=\"https:\/\/inces.gob.ve\/wp-content\/uploads\/2023\/04\/Sistema-Educacion-Formacion-2--scaled-e1681238403850.jpg\" alt=\"\" width=\"800\" height=\"536\" srcset=\"https:\/\/inces.gob.ve\/wp-content\/uploads\/2023\/04\/Sistema-Educacion-Formacion-2--scaled-e1681238403850.jpg 800w, https:\/\/inces.gob.ve\/wp-content\/uploads\/2023\/04\/Sistema-Educacion-Formacion-2--scaled-e1681238403850-300x201.jpg 300w, https:\/\/inces.gob.ve\/wp-content\/uploads\/2023\/04\/Sistema-Educacion-Formacion-2--scaled-e1681238403850-768x515.jpg 768w, https:\/\/inces.gob.ve\/wp-content\/uploads\/2023\/04\/Sistema-Educacion-Formacion-2--scaled-e1681238403850-272x182.jpg 272w\" sizes=\"auto, (max-width: 800px) 100vw, 800px\" \/><\/p>\n<p dir=\"ltr\" style=\"text-align: justify;\">En el referido centro est\u00e1n activas las unidades curriculares: Cultura y Patrimonio Nacional Tur\u00edstico, Contabilidad B\u00e1sica, Recursos Humanos, Patronaje de Prenda de Vestir, Reposter\u00eda, Servicios B\u00e1sico de Bar, todos adaptados a la nueva malla curricular.<\/p>\n<p dir=\"ltr\"><img loading=\"lazy\" decoding=\"async\" class=\"aligncenter wp-image-50235 size-full\" src=\"https:\/\/inces.gob.ve\/wp-content\/uploads\/2023\/04\/Sistema-Educacion-Formacion-5--scaled-e1681238434624.jpg\" alt=\"\" width=\"800\" height=\"536\" srcset=\"https:\/\/inces.gob.ve\/wp-content\/uploads\/2023\/04\/Sistema-Educacion-Formacion-5--scaled-e1681238434624.jpg 800w, https:\/\/inces.gob.ve\/wp-content\/uploads\/2023\/04\/Sistema-Educacion-Formacion-5--scaled-e1681238434624-300x201.jpg 300w, https:\/\/inces.gob.ve\/wp-content\/uploads\/2023\/04\/Sistema-Educacion-Formacion-5--scaled-e1681238434624-768x515.jpg 768w, https:\/\/inces.gob.ve\/wp-content\/uploads\/2023\/04\/Sistema-Educacion-Formacion-5--scaled-e1681238434624-272x182.jpg 272w\" sizes=\"auto, (max-width: 800px) 100vw, 800px\" \/><\/p>\n<p dir=\"ltr\" style=\"text-align: justify;\">Los maestros t\u00e9cnicos productivos (MTP), para las mencionadas formaciones ser\u00e1n: Carlos P\u00e9rez, Elizabeth Urdaneta, Peggy Bernal, Juana Mart\u00ednez y el maestro t\u00e9cnico voluntario Jos\u00e9 Luis Gonz\u00e1lez.<\/p>\n<p dir=\"ltr\"><img loading=\"lazy\" decoding=\"async\" class=\"aligncenter wp-image-50234 size-full\" src=\"https:\/\/inces.gob.ve\/wp-content\/uploads\/2023\/04\/Sistema-Educacion-Formacion-3--scaled-e1681238452173.jpg\" alt=\"\" width=\"800\" height=\"536\" srcset=\"https:\/\/inces.gob.ve\/wp-content\/uploads\/2023\/04\/Sistema-Educacion-Formacion-3--scaled-e1681238452173.jpg 800w, https:\/\/inces.gob.ve\/wp-content\/uploads\/2023\/04\/Sistema-Educacion-Formacion-3--scaled-e1681238452173-300x201.jpg 300w, https:\/\/inces.gob.ve\/wp-content\/uploads\/2023\/04\/Sistema-Educacion-Formacion-3--scaled-e1681238452173-768x515.jpg 768w, https:\/\/inces.gob.ve\/wp-content\/uploads\/2023\/04\/Sistema-Educacion-Formacion-3--scaled-e1681238452173-272x182.jpg 272w\" sizes=\"auto, (max-width: 800px) 100vw, 800px\" \/><\/p>\n<p dir=\"ltr\" style=\"text-align: justify;\">En el centro ser\u00e1n formados 127 participantes, que obtendr\u00e1n nuevos conocimientos para su desarrollo intelectual y econ\u00f3mico.<\/p>\n<p dir=\"ltr\"><img loading=\"lazy\" decoding=\"async\" class=\"aligncenter wp-image-50237 size-full\" src=\"https:\/\/inces.gob.ve\/wp-content\/uploads\/2023\/04\/Sistema-Educacion-Formacion-7--scaled-e1681238481945.jpg\" alt=\"\" width=\"800\" height=\"536\" srcset=\"https:\/\/inces.gob.ve\/wp-content\/uploads\/2023\/04\/Sistema-Educacion-Formacion-7--scaled-e1681238481945.jpg 800w, https:\/\/inces.gob.ve\/wp-content\/uploads\/2023\/04\/Sistema-Educacion-Formacion-7--scaled-e1681238481945-300x201.jpg 300w, https:\/\/inces.gob.ve\/wp-content\/uploads\/2023\/04\/Sistema-Educacion-Formacion-7--scaled-e1681238481945-768x515.jpg 768w, https:\/\/inces.gob.ve\/wp-content\/uploads\/2023\/04\/Sistema-Educacion-Formacion-7--scaled-e1681238481945-272x182.jpg 272w\" sizes=\"auto, (max-width: 800px) 100vw, 800px\" \/><\/p>\n","protected":false},"excerpt":{"rendered":"<p>** La cuarta l\u00ednea estrat\u00e9gica del Inces es la creaci\u00f3n de un Sistema de Educaci\u00f3n y Formaci\u00f3n T\u00e9cnica Profesional<\/p>\n","protected":false},"author":15,"featured_media":50236,"comment_status":"closed","ping_status":"closed","sticky":false,"template":"","format":"standard","meta":{"footnotes":""},"categories":[2],"tags":[],"class_list":["post-50232","post","type-post","status-publish","format-standard","has-post-thumbnail","hentry","category-blog"],"_links":{"self":[{"href":"https:\/\/inces.gob.ve\/index.php\/wp-json\/wp\/v2\/posts\/50232","targetHints":{"allow":["GET"]}}],"collection":[{"href":"https:\/\/inces.gob.ve\/index.php\/wp-json\/wp\/v2\/posts"}],"about":[{"href":"https:\/\/inces.gob.ve\/index.php\/wp-json\/wp\/v2\/types\/post"}],"author":[{"embeddable":true,"href":"https:\/\/inces.gob.ve\/index.php\/wp-json\/wp\/v2\/users\/15"}],"replies":[{"embeddable":true,"href":"https:\/\/inces.gob.ve\/index.php\/wp-json\/wp\/v2\/comments?post=50232"}],"version-history":[{"count":2,"href":"https:\/\/inces.gob.ve\/index.php\/wp-json\/wp\/v2\/posts\/50232\/revisions"}],"predecessor-version":[{"id":50239,"href":"https:\/\/inces.gob.ve\/index.php\/wp-json\/wp\/v2\/posts\/50232\/revisions\/50239"}],"wp:featuredmedia":[{"embeddable":true,"href":"https:\/\/inces.gob.ve\/index.php\/wp-json\/wp\/v2\/media\/50236"}],"wp:attachment":[{"href":"https:\/\/inces.gob.ve\/index.php\/wp-json\/wp\/v2\/media?parent=50232"}],"wp:term":[{"taxonomy":"category","embeddable":true,"href":"https:\/\/inces.gob.ve\/index.php\/wp-json\/wp\/v2\/categories?post=50232"},{"taxonomy":"post_tag","embeddable":true,"href":"https:\/\/inces.gob.ve\/index.php\/wp-json\/wp\/v2\/tags?post=50232"}],"curies":[{"name":"wp","href":"https:\/\/api.w.org\/{rel}","templated":true}]}}