{"id":50240,"date":"2023-03-29T09:03:04","date_gmt":"2023-03-29T13:03:04","guid":{"rendered":"https:\/\/inces.gob.ve\/?p=50240"},"modified":"2023-04-11T15:08:22","modified_gmt":"2023-04-11T19:08:22","slug":"aragua-marzo-fue-de-inicio-exitoso-de-formaciones-en-toda-la-region","status":"publish","type":"post","link":"https:\/\/inces.gob.ve\/index.php\/2023\/03\/29\/aragua-marzo-fue-de-inicio-exitoso-de-formaciones-en-toda-la-region\/","title":{"rendered":"Aragua | Marzo fue de inicio exitoso de formaciones en toda la regi\u00f3n"},"content":{"rendered":"<div dir=\"auto\" style=\"text-align: justify;\"><em><span style=\"font-family: helvetica, arial, sans-serif; font-size: 14pt;\">*<strong>* El Inces brinda una oferta formativa de calidad, adaptada a las necesidades y capacidades del pa\u00eds en materia de aprendizaje t\u00e9cnico profesional\u00a0<\/strong><\/span><\/em><\/div>\n<p><!--more--><\/p>\n<div dir=\"auto\" style=\"text-align: justify;\"><\/div>\n<div dir=\"auto\" style=\"text-align: justify;\"><span style=\"font-family: helvetica, arial, sans-serif; font-size: 14pt;\">NINOSKA PATRIZ<\/span><\/div>\n<div dir=\"auto\" style=\"text-align: justify;\"><\/div>\n<div dir=\"auto\" style=\"text-align: justify;\"><span style=\"font-family: helvetica, arial, sans-serif; font-size: 14pt;\">El Instituto Nacional de Capacitaci\u00f3n de Educaci\u00f3n Socialista (Inces Aragua), continuando con su misi\u00f3n de vida, se mantiene formando a Venezuela. Su objetivo es brindar herramientas productivas mediante la capacitaci\u00f3n y certificaci\u00f3n en diferentes ramas del \u00e1mbito ocupacional, siguiendo los lineamientos y pol\u00edticas del Estado.\u00a0<\/span><\/div>\n<div dir=\"auto\"><img loading=\"lazy\" decoding=\"async\" class=\"aligncenter wp-image-50241 size-full\" src=\"https:\/\/inces.gob.ve\/wp-content\/uploads\/2023\/04\/formaciones-toda-region5--e1681239533672.jpg\" alt=\"\" width=\"800\" height=\"450\" srcset=\"https:\/\/inces.gob.ve\/wp-content\/uploads\/2023\/04\/formaciones-toda-region5--e1681239533672.jpg 800w, https:\/\/inces.gob.ve\/wp-content\/uploads\/2023\/04\/formaciones-toda-region5--e1681239533672-300x169.jpg 300w, https:\/\/inces.gob.ve\/wp-content\/uploads\/2023\/04\/formaciones-toda-region5--e1681239533672-768x432.jpg 768w\" sizes=\"auto, (max-width: 800px) 100vw, 800px\" \/><\/div>\n<div dir=\"auto\" style=\"text-align: justify;\"><\/div>\n<div dir=\"auto\" style=\"text-align: justify;\"><span style=\"font-family: helvetica, arial, sans-serif; font-size: 14pt;\">En tal sentido vale destacar que, gracias al desarrollo de planes y programas actualizados seg\u00fan los requerimientos actuales de la naci\u00f3n, el Inces de la mano del pueblo trabajador y afianzando las relaciones interinstitucionales con entes p\u00fablicos y privados di\u00f3 inicio a sus Formaciones 2023.<\/span><\/div>\n<div dir=\"auto\" style=\"text-align: justify;\"><img loading=\"lazy\" decoding=\"async\" class=\"aligncenter wp-image-50242 size-full\" src=\"https:\/\/inces.gob.ve\/wp-content\/uploads\/2023\/04\/formaciones-toda-region-2--e1681239560629.jpg\" alt=\"\" width=\"800\" height=\"600\" srcset=\"https:\/\/inces.gob.ve\/wp-content\/uploads\/2023\/04\/formaciones-toda-region-2--e1681239560629.jpg 800w, https:\/\/inces.gob.ve\/wp-content\/uploads\/2023\/04\/formaciones-toda-region-2--e1681239560629-300x225.jpg 300w, https:\/\/inces.gob.ve\/wp-content\/uploads\/2023\/04\/formaciones-toda-region-2--e1681239560629-768x576.jpg 768w, https:\/\/inces.gob.ve\/wp-content\/uploads\/2023\/04\/formaciones-toda-region-2--e1681239560629-136x102.jpg 136w\" sizes=\"auto, (max-width: 800px) 100vw, 800px\" \/><\/div>\n<div dir=\"auto\" style=\"text-align: justify;\"><span style=\"font-family: helvetica, arial, sans-serif; font-size: 14pt;\">Agradecidos por el esfuerzo y el despliegue tecnol\u00f3gico y humano de la instituci\u00f3n a trav\u00e9s de los distintos equipos de trabajo interno y externo, seguimos fomentando el crecimiento econ\u00f3mico de la patria y de la regi\u00f3n.\u00a0<\/span><\/div>\n<div dir=\"auto\" style=\"text-align: justify;\"><img loading=\"lazy\" decoding=\"async\" class=\"aligncenter wp-image-50243 size-full\" src=\"https:\/\/inces.gob.ve\/wp-content\/uploads\/2023\/04\/formaciones-toda-region-3--e1681239588861.jpg\" alt=\"\" width=\"800\" height=\"600\" srcset=\"https:\/\/inces.gob.ve\/wp-content\/uploads\/2023\/04\/formaciones-toda-region-3--e1681239588861.jpg 800w, https:\/\/inces.gob.ve\/wp-content\/uploads\/2023\/04\/formaciones-toda-region-3--e1681239588861-300x225.jpg 300w, https:\/\/inces.gob.ve\/wp-content\/uploads\/2023\/04\/formaciones-toda-region-3--e1681239588861-768x576.jpg 768w, https:\/\/inces.gob.ve\/wp-content\/uploads\/2023\/04\/formaciones-toda-region-3--e1681239588861-136x102.jpg 136w\" sizes=\"auto, (max-width: 800px) 100vw, 800px\" \/><\/div>\n<div dir=\"auto\" style=\"text-align: justify;\"><span style=\"font-family: helvetica, arial, sans-serif; font-size: 14pt;\">La capacitaci\u00f3n t\u00e9cnico profesional y productiva en las 262 opciones formativas que imparte la instituci\u00f3n, en sus programas: Luisa C\u00e1ceres de Arismendi, Formaci\u00f3n en Entidades de Trabajo, Acreditaci\u00f3n de Saberes Productivos, Formaci\u00f3n Productiva, Programa de Bachillerato Productivo y Programa Nacional de Aprendizaje, se lleva a cabo con \u00e9xito en los distintos Centros de Formaci\u00f3n Socialistas (CFS) del estado Aragua, quienes trabajan de cerca en: centros penitenciarios, comunas y comunidades, empresas, instituciones educativas, entidades militares y Sistemas de Misiones y Grandes Misiones.<\/span><\/div>\n<div dir=\"auto\" style=\"text-align: justify;\"><img loading=\"lazy\" decoding=\"async\" class=\"aligncenter wp-image-50245 size-full\" src=\"https:\/\/inces.gob.ve\/wp-content\/uploads\/2023\/04\/formaciones-toda-region-6--e1681239615960.jpg\" alt=\"\" width=\"800\" height=\"600\" srcset=\"https:\/\/inces.gob.ve\/wp-content\/uploads\/2023\/04\/formaciones-toda-region-6--e1681239615960.jpg 800w, https:\/\/inces.gob.ve\/wp-content\/uploads\/2023\/04\/formaciones-toda-region-6--e1681239615960-300x225.jpg 300w, https:\/\/inces.gob.ve\/wp-content\/uploads\/2023\/04\/formaciones-toda-region-6--e1681239615960-768x576.jpg 768w, https:\/\/inces.gob.ve\/wp-content\/uploads\/2023\/04\/formaciones-toda-region-6--e1681239615960-136x102.jpg 136w\" sizes=\"auto, (max-width: 800px) 100vw, 800px\" \/><\/div>\n<div dir=\"auto\" style=\"text-align: justify;\"><span style=\"font-family: helvetica, arial, sans-serif; font-size: 14pt;\">En este aspecto la invitaci\u00f3n est\u00e1 abierta para la inscripci\u00f3n en el inicio de las Formaciones Ocupacionales Presenciales desde los CFS: Comercial y Metalminero La Victoria, Cagua, El Lim\u00f3n, Polivalente Berm\u00fadez, Escuela Pr\u00e1ctica de Agricultura (EPA), Textil, Construcci\u00f3n, Metalminero Maracay, Comercial Maracay, Programas: Ferroviario, Turismo, Penitenciario, For\u00e1neos: Urdaneta, San Mateo, Ocumare y Colonia Tovar.<\/span><\/div>\n<div dir=\"auto\" style=\"text-align: justify;\"><img loading=\"lazy\" decoding=\"async\" class=\"aligncenter wp-image-50244 size-full\" src=\"https:\/\/inces.gob.ve\/wp-content\/uploads\/2023\/04\/formaciones-toda-region-4--e1681239684993.jpg\" alt=\"\" width=\"800\" height=\"600\" srcset=\"https:\/\/inces.gob.ve\/wp-content\/uploads\/2023\/04\/formaciones-toda-region-4--e1681239684993.jpg 800w, https:\/\/inces.gob.ve\/wp-content\/uploads\/2023\/04\/formaciones-toda-region-4--e1681239684993-300x225.jpg 300w, https:\/\/inces.gob.ve\/wp-content\/uploads\/2023\/04\/formaciones-toda-region-4--e1681239684993-768x576.jpg 768w, https:\/\/inces.gob.ve\/wp-content\/uploads\/2023\/04\/formaciones-toda-region-4--e1681239684993-136x102.jpg 136w\" sizes=\"auto, (max-width: 800px) 100vw, 800px\" \/><\/div>\n<div dir=\"auto\" style=\"text-align: justify;\"><span style=\"font-family: helvetica, arial, sans-serif; font-size: 14pt;\">Entre los logros y avances en esta materia en un primer balance se pudo conocer que se dieron inicio a 112 Formaciones Ocupacionales con car\u00e1cter presencial. Y entre las m\u00e1s solicitadas se encuentran: Organizaci\u00f3n y administraci\u00f3n de oficina, Administraci\u00f3n de Recursos Humanos, Mantenimiento de Computadoras, Arquitectura del Computador, Cultivo de especies de ciclo corto, Principios de Refrigeraci\u00f3n, Panader\u00eda B\u00e1sica y Panader\u00eda Artesanal, Metrolog\u00eda, B\u00e1sico de Herrer\u00eda, Desarrollo sustentable del motor Turismo, Fundamentos de la Recreaci\u00f3n, Juegos como herramientas del aprendizaje, T\u00e9cnicas de animaci\u00f3n para la recreaci\u00f3n y conservaci\u00f3n de alimentos, entre otras.<\/span><\/div>\n","protected":false},"excerpt":{"rendered":"<p>** El Inces brinda una oferta formativa de calidad, adaptada a las necesidades y capacidades del pa\u00eds en materia de aprendizaje t\u00e9cnico profesional\u00a0<\/p>\n","protected":false},"author":15,"featured_media":50246,"comment_status":"closed","ping_status":"closed","sticky":false,"template":"","format":"standard","meta":{"footnotes":""},"categories":[2],"tags":[],"class_list":["post-50240","post","type-post","status-publish","format-standard","has-post-thumbnail","hentry","category-blog"],"_links":{"self":[{"href":"https:\/\/inces.gob.ve\/index.php\/wp-json\/wp\/v2\/posts\/50240","targetHints":{"allow":["GET"]}}],"collection":[{"href":"https:\/\/inces.gob.ve\/index.php\/wp-json\/wp\/v2\/posts"}],"about":[{"href":"https:\/\/inces.gob.ve\/index.php\/wp-json\/wp\/v2\/types\/post"}],"author":[{"embeddable":true,"href":"https:\/\/inces.gob.ve\/index.php\/wp-json\/wp\/v2\/users\/15"}],"replies":[{"embeddable":true,"href":"https:\/\/inces.gob.ve\/index.php\/wp-json\/wp\/v2\/comments?post=50240"}],"version-history":[{"count":2,"href":"https:\/\/inces.gob.ve\/index.php\/wp-json\/wp\/v2\/posts\/50240\/revisions"}],"predecessor-version":[{"id":50248,"href":"https:\/\/inces.gob.ve\/index.php\/wp-json\/wp\/v2\/posts\/50240\/revisions\/50248"}],"wp:featuredmedia":[{"embeddable":true,"href":"https:\/\/inces.gob.ve\/index.php\/wp-json\/wp\/v2\/media\/50246"}],"wp:attachment":[{"href":"https:\/\/inces.gob.ve\/index.php\/wp-json\/wp\/v2\/media?parent=50240"}],"wp:term":[{"taxonomy":"category","embeddable":true,"href":"https:\/\/inces.gob.ve\/index.php\/wp-json\/wp\/v2\/categories?post=50240"},{"taxonomy":"post_tag","embeddable":true,"href":"https:\/\/inces.gob.ve\/index.php\/wp-json\/wp\/v2\/tags?post=50240"}],"curies":[{"name":"wp","href":"https:\/\/api.w.org\/{rel}","templated":true}]}}