{"id":50277,"date":"2023-04-14T13:03:38","date_gmt":"2023-04-14T17:03:38","guid":{"rendered":"https:\/\/inces.gob.ve\/?p=50277"},"modified":"2023-04-14T22:38:25","modified_gmt":"2023-04-15T02:38:25","slug":"inces-actualiza-sus-cursos-y-aspira-atender-a-mas-de-1-000-000-de-venezolanos-en-2023","status":"publish","type":"post","link":"https:\/\/inces.gob.ve\/index.php\/2023\/04\/14\/inces-actualiza-sus-cursos-y-aspira-atender-a-mas-de-1-000-000-de-venezolanos-en-2023\/","title":{"rendered":"Inces actualiza sus cursos y aspira atender a m\u00e1s de 1.000.000 de venezolanos en 2023"},"content":{"rendered":"<p style=\"text-align: justify;\"><span style=\"font-size: 14pt; font-family: helvetica, arial, sans-serif;\"><em><strong>** La casa formativa de Venezuela trabaja con los mismos est\u00e1ndares y objetivos que tiene el Sistema de Naciones Unidas en materia de educaci\u00f3n y formaci\u00f3n t\u00e9cnica profesional\u00a0\u00a0<\/strong><\/em><!--more--><\/span><\/p>\n<p style=\"text-align: justify;\"><span style=\"font-weight: 400; font-size: 14pt; font-family: helvetica, arial, sans-serif;\">El Instituto Nacional de Capacitaci\u00f3n y Educaci\u00f3n Socialista (Inces) dicta en estos momentos 320 formaciones, todas actualizadas y pertinentes, de manera presencial, en m\u00e1s de 140 centros de formaci\u00f3n, y aspira que al finalizar el 2023 al menos un mill\u00f3n de venezolanos hayan pasado por sus aulas.<\/span><\/p>\n<p>&nbsp;<\/p>\n<p style=\"text-align: justify;\"><span style=\"font-weight: 400; font-size: 14pt; font-family: helvetica, arial, sans-serif;\">La informaci\u00f3n la dio a conocer el viceministro de Comunidades Educativas y Uni\u00f3n con el Pueblo y presidente del Inces, Wuikelman Angel, a trav\u00e9s de Uni\u00f3n Radio Noticias, en el espacio Al Instante, conducido por Esther Quiaro.<\/span><\/p>\n<p>&nbsp;<\/p>\n<p style=\"text-align: justify;\"><span style=\"font-weight: 400; font-size: 14pt; font-family: helvetica, arial, sans-serif;\">Asimismo, Angel explic\u00f3 que la instituci\u00f3n que preside pasa hoy por un proceso de sistematizaci\u00f3n en dos vertientes: por una parte la inscripci\u00f3n y emisi\u00f3n de certificados de manera digital y por otras \u201cestamos incorporando, con una metodolog\u00eda muy rigurosa, la sistematizaci\u00f3n de los conocimientos asociados a las competencias ocupacionales que el pa\u00eds requiere\u201d.<\/span><\/p>\n<p>&nbsp;<\/p>\n<p style=\"text-align: justify;\"><span style=\"font-weight: 400; font-size: 14pt; font-family: helvetica, arial, sans-serif;\">Este proceso de sistematizaci\u00f3n est\u00e1 arrojando\u00a0 datos importantes que le permiten a la instituci\u00f3n conocer cu\u00e1les son las ocupaciones de mayor inter\u00e9s para los venezolanos, las necesidades reales de las entidades de trabajo e incluso conocer en qu\u00e9 \u00e1reas del conocimiento se requiere un mayor n\u00famero de facilitadores.\u00a0<\/span><\/p>\n<p>&nbsp;<\/p>\n<p style=\"text-align: justify;\"><span style=\"font-weight: 400; font-size: 14pt; font-family: helvetica, arial, sans-serif;\">A la fecha est\u00e1n en aula m\u00e1s de 100.000 personas, de las cuales m\u00e1s del 70% tienen aprobados estudios de educaci\u00f3n media. Existe adem\u00e1s un alto porcentaje de participantes con estudios de tercer y cuarto nivel que est\u00e1n acudiendo al Inces en unos casos para actualizar sus conocimientos y en otros para conocer nuevas opciones de formaci\u00f3n, de acuerdo a la realidad que plantea el mundo del trabajo.<\/span><\/p>\n<p>&nbsp;<\/p>\n<p style=\"text-align: justify;\"><span style=\"font-weight: 400; font-size: 14pt; font-family: helvetica, arial, sans-serif;\">Emprendimiento y \u00e1reas relacionadas con esta formaci\u00f3n, as\u00ed como cocina, textil, mantenimiento y reparaci\u00f3n de artefactos son algunas de las ocupaciones m\u00e1s demandadas por quienes asisten a los centros formativos.\u00a0<\/span><\/p>\n<p>&nbsp;<br \/>\n<iframe loading=\"lazy\" width=\"560\" height=\"315\" src=\"https:\/\/www.youtube.com\/embed\/leH5LOnK2nY\" title=\"YouTube video player\" frameborder=\"0\" allow=\"accelerometer; autoplay; clipboard-write; encrypted-media; gyroscope; picture-in-picture; web-share\" allowfullscreen><\/iframe><\/p>\n<p style=\"text-align: justify;\"><strong><span style=\"font-size: 14pt; font-family: helvetica, arial, sans-serif;\">FORMACI\u00d3N VIRTUAL<\/span><\/strong><\/p>\n<p style=\"text-align: justify;\"><span style=\"font-weight: 400; font-size: 14pt; font-family: helvetica, arial, sans-serif;\">Las ocupaciones del \u00e1rea digital asociadas a la comunicaci\u00f3n, redes sociales, p\u00e1ginas web y emprendimiento cuentan con un nicho virtual que facilita al interesado un primer acercamiento con la capacitaci\u00f3n que ofrece el Inces desde su Campus Virtual, para luego profundizar, si es de su inter\u00e9s, en las aulas, de manera presencial.<\/span><\/p>\n<p>&nbsp;<\/p>\n<p style=\"text-align: justify;\"><span style=\"font-weight: 400; font-size: 14pt; font-family: helvetica, arial, sans-serif;\">A prop\u00f3sito de este punto, Angel mencion\u00f3 la creaci\u00f3n de la Escuela de Comunicaci\u00f3n y Medios del Inces, iniciativa donde se cuenta con la participaci\u00f3n de los profesionales de la comunicaci\u00f3n para ense\u00f1ar o certificar a quienes trabajan en \u00e1reas como iluminaci\u00f3n, fotograf\u00eda, c\u00e1mara, redacci\u00f3n, etc.\u00a0<\/span><\/p>\n","protected":false},"excerpt":{"rendered":"<p>** La casa formativa de Venezuela trabaja con los mismos est\u00e1ndares y objetivos que tiene el Sistema de Naciones Unidas en materia de educaci\u00f3n y formaci\u00f3n t\u00e9cnica profesional\u00a0\u00a0<\/p>\n","protected":false},"author":4,"featured_media":50116,"comment_status":"closed","ping_status":"closed","sticky":false,"template":"","format":"standard","meta":{"footnotes":""},"categories":[2],"tags":[],"class_list":["post-50277","post","type-post","status-publish","format-standard","has-post-thumbnail","hentry","category-blog"],"_links":{"self":[{"href":"https:\/\/inces.gob.ve\/index.php\/wp-json\/wp\/v2\/posts\/50277","targetHints":{"allow":["GET"]}}],"collection":[{"href":"https:\/\/inces.gob.ve\/index.php\/wp-json\/wp\/v2\/posts"}],"about":[{"href":"https:\/\/inces.gob.ve\/index.php\/wp-json\/wp\/v2\/types\/post"}],"author":[{"embeddable":true,"href":"https:\/\/inces.gob.ve\/index.php\/wp-json\/wp\/v2\/users\/4"}],"replies":[{"embeddable":true,"href":"https:\/\/inces.gob.ve\/index.php\/wp-json\/wp\/v2\/comments?post=50277"}],"version-history":[{"count":8,"href":"https:\/\/inces.gob.ve\/index.php\/wp-json\/wp\/v2\/posts\/50277\/revisions"}],"predecessor-version":[{"id":50307,"href":"https:\/\/inces.gob.ve\/index.php\/wp-json\/wp\/v2\/posts\/50277\/revisions\/50307"}],"wp:featuredmedia":[{"embeddable":true,"href":"https:\/\/inces.gob.ve\/index.php\/wp-json\/wp\/v2\/media\/50116"}],"wp:attachment":[{"href":"https:\/\/inces.gob.ve\/index.php\/wp-json\/wp\/v2\/media?parent=50277"}],"wp:term":[{"taxonomy":"category","embeddable":true,"href":"https:\/\/inces.gob.ve\/index.php\/wp-json\/wp\/v2\/categories?post=50277"},{"taxonomy":"post_tag","embeddable":true,"href":"https:\/\/inces.gob.ve\/index.php\/wp-json\/wp\/v2\/tags?post=50277"}],"curies":[{"name":"wp","href":"https:\/\/api.w.org\/{rel}","templated":true}]}}