{"id":50384,"date":"2023-04-18T17:24:22","date_gmt":"2023-04-18T21:24:22","guid":{"rendered":"https:\/\/inces.gob.ve\/?p=50384"},"modified":"2023-04-18T17:25:33","modified_gmt":"2023-04-18T21:25:33","slug":"miranda-guardia-de-honor-presidencial-se-formara-en-el-inces-en-el-programa-bachillerato-productivo","status":"publish","type":"post","link":"https:\/\/inces.gob.ve\/index.php\/2023\/04\/18\/miranda-guardia-de-honor-presidencial-se-formara-en-el-inces-en-el-programa-bachillerato-productivo\/","title":{"rendered":"MIRANDA | Guardia de Honor Presidencial se formar\u00e1 en el Inces en el programa Bachillerato Productivo."},"content":{"rendered":"<div dir=\"auto\" style=\"text-align: justify;\"><em><strong><span style=\"font-family: helvetica, arial, sans-serif; font-size: 14pt;\">** Uni\u00f3n C\u00edvico-Militar presente en el CFS Electricidad y Electr\u00f3nica \u00abDanilo Anderson\u00bb<\/span><\/strong><\/em><\/div>\n<p><!--more--><\/p>\n<div dir=\"auto\" style=\"text-align: justify;\"><\/div>\n<div dir=\"auto\" style=\"text-align: justify;\"><span style=\"font-family: helvetica, arial, sans-serif; font-size: 14pt;\">El Centro de Formaci\u00f3n Socialsita (CFS) Electricidad y Electr\u00f3nica \u00abDanilo Anderson\u00bb dio Inicio del segundo lapso del programa Bachillerato Productivo con estudiantes del 1ro al 5to periodo.<\/span><\/div>\n<div dir=\"auto\" style=\"text-align: justify;\"><\/div>\n<div dir=\"auto\" style=\"text-align: justify;\"><span style=\"font-family: helvetica, arial, sans-serif; font-size: 14pt;\">Cabe destacar que en el CFS Electricidad y Electr\u00f3nica, la Uni\u00f3n C\u00edvico-Militar est\u00e1 presente en la formaci\u00f3n.<\/span><\/div>\n<div dir=\"auto\" style=\"text-align: justify;\"><\/div>\n<div dir=\"auto\" style=\"text-align: justify;\"><span style=\"font-family: helvetica, arial, sans-serif; font-size: 14pt;\">El personal civil que sigue su prosecuci\u00f3n de estudios, este lapso se destaca por la incorporaci\u00f3n de 34 miembros del personal de tropa de la Guardia de Honor Presidencial (GHP), de su escuela de formaci\u00f3n ubicada en La Casona, sector Santa Cecilia.<\/span><\/div>\n<div dir=\"auto\"><img loading=\"lazy\" decoding=\"async\" class=\"aligncenter wp-image-50386 size-full\" src=\"https:\/\/inces.gob.ve\/wp-content\/uploads\/2023\/04\/Bachillerato-Productivo-4--e1681852929160.jpg\" alt=\"\" width=\"800\" height=\"600\" srcset=\"https:\/\/inces.gob.ve\/wp-content\/uploads\/2023\/04\/Bachillerato-Productivo-4--e1681852929160.jpg 800w, https:\/\/inces.gob.ve\/wp-content\/uploads\/2023\/04\/Bachillerato-Productivo-4--e1681852929160-300x225.jpg 300w, https:\/\/inces.gob.ve\/wp-content\/uploads\/2023\/04\/Bachillerato-Productivo-4--e1681852929160-768x576.jpg 768w, https:\/\/inces.gob.ve\/wp-content\/uploads\/2023\/04\/Bachillerato-Productivo-4--e1681852929160-136x102.jpg 136w\" sizes=\"auto, (max-width: 800px) 100vw, 800px\" \/><\/div>\n<div dir=\"auto\" style=\"text-align: justify;\"><\/div>\n<div dir=\"auto\" style=\"text-align: justify;\"><span style=\"font-family: helvetica, arial, sans-serif; font-size: 14pt;\">Este bachillerato se desarrollar\u00e1 con clases presenciales los d\u00edas viernes de 2 p. m. a 6 p. m. y los s\u00e1bados de las 7:30 a.m.\u00a0a la 6 p.m.\u00a0 (19 horas de formaci\u00f3n presencial).<\/span><\/div>\n<div dir=\"auto\" style=\"text-align: justify;\"><\/div>\n<div dir=\"auto\" style=\"text-align: justify;\"><span style=\"font-family: helvetica, arial, sans-serif; font-size: 14pt;\">Cada d\u00eda tienen la rutina de izada y arriadas de banderas, canto del himno nacional,\u00a0 lectura de un pensamiento del Libertador, efem\u00e9rides patrias de la semana y rese\u00f1a politica-economica del acontecer nacional-internacional, detall\u00f3 el jefe de centro, V\u00edctor Novo.<\/span><\/div>\n","protected":false},"excerpt":{"rendered":"<p>** Uni\u00f3n C\u00edvico-Militar presente en el CFS Electricidad y Electr\u00f3nica \u00abDanilo Anderson\u00bb<\/p>\n","protected":false},"author":15,"featured_media":50385,"comment_status":"closed","ping_status":"closed","sticky":false,"template":"","format":"standard","meta":{"footnotes":""},"categories":[2],"tags":[],"class_list":["post-50384","post","type-post","status-publish","format-standard","has-post-thumbnail","hentry","category-blog"],"_links":{"self":[{"href":"https:\/\/inces.gob.ve\/index.php\/wp-json\/wp\/v2\/posts\/50384","targetHints":{"allow":["GET"]}}],"collection":[{"href":"https:\/\/inces.gob.ve\/index.php\/wp-json\/wp\/v2\/posts"}],"about":[{"href":"https:\/\/inces.gob.ve\/index.php\/wp-json\/wp\/v2\/types\/post"}],"author":[{"embeddable":true,"href":"https:\/\/inces.gob.ve\/index.php\/wp-json\/wp\/v2\/users\/15"}],"replies":[{"embeddable":true,"href":"https:\/\/inces.gob.ve\/index.php\/wp-json\/wp\/v2\/comments?post=50384"}],"version-history":[{"count":3,"href":"https:\/\/inces.gob.ve\/index.php\/wp-json\/wp\/v2\/posts\/50384\/revisions"}],"predecessor-version":[{"id":50389,"href":"https:\/\/inces.gob.ve\/index.php\/wp-json\/wp\/v2\/posts\/50384\/revisions\/50389"}],"wp:featuredmedia":[{"embeddable":true,"href":"https:\/\/inces.gob.ve\/index.php\/wp-json\/wp\/v2\/media\/50385"}],"wp:attachment":[{"href":"https:\/\/inces.gob.ve\/index.php\/wp-json\/wp\/v2\/media?parent=50384"}],"wp:term":[{"taxonomy":"category","embeddable":true,"href":"https:\/\/inces.gob.ve\/index.php\/wp-json\/wp\/v2\/categories?post=50384"},{"taxonomy":"post_tag","embeddable":true,"href":"https:\/\/inces.gob.ve\/index.php\/wp-json\/wp\/v2\/tags?post=50384"}],"curies":[{"name":"wp","href":"https:\/\/api.w.org\/{rel}","templated":true}]}}