{"id":50436,"date":"2023-04-20T16:22:24","date_gmt":"2023-04-20T20:22:24","guid":{"rendered":"https:\/\/inces.gob.ve\/?p=50436"},"modified":"2023-04-20T16:59:33","modified_gmt":"2023-04-20T20:59:33","slug":"caracas-plan-de-formador-de-formadores-inicia-en-los-centros-de-formacion-socialista-de-la-capital","status":"publish","type":"post","link":"https:\/\/inces.gob.ve\/index.php\/2023\/04\/20\/caracas-plan-de-formador-de-formadores-inicia-en-los-centros-de-formacion-socialista-de-la-capital\/","title":{"rendered":"CARACAS| Plan de Formador de Formadores inicia en los centros de formaci\u00f3n socialista de la capital"},"content":{"rendered":"<div style=\"text-align: justify;\"><em><strong>\u00abFormador de formadores es<span style=\"color: #202124; font-family: Google Sans, arial, sans-serif;\">\u00a0un programa formativo que est\u00e1 especialmente dirigido a preparar a todas aquellas personas apasionadas por la docencia y que desean centrar su futuro profesional en la tarea de formar a otras personas a la vez que les transmiten los conocimientos necesarios\u00bb. Mayra Salas, Jefa del CFS Luis Beltr\u00e1n\u00a0Prieto Figueroa.<\/span><\/strong><\/em><\/div>\n<p><!--more--><\/p>\n<p>\u00abFormador de formadores es un programa formativo que est\u00e1 especialmente dirigido a preparar a todas aquellas personas apasionadas por la docencia y que desean centrar su futuro profesional en la tarea de formar a otras personas a la vez que les transmiten los conocimientos necesarios\u00bb. Mayra Salas, Jefa del CFS Luis Beltr\u00e1n Prieto Figueroa.<\/p>\n<p><img loading=\"lazy\" decoding=\"async\" class=\"aligncenter wp-image-50440 size-full\" src=\"https:\/\/inces.gob.ve\/wp-content\/uploads\/2023\/04\/Formador-de-Formadores-6--e1682021929699.jpg\" alt=\"\" width=\"800\" height=\"600\" srcset=\"https:\/\/inces.gob.ve\/wp-content\/uploads\/2023\/04\/Formador-de-Formadores-6--e1682021929699.jpg 800w, https:\/\/inces.gob.ve\/wp-content\/uploads\/2023\/04\/Formador-de-Formadores-6--e1682021929699-300x225.jpg 300w, https:\/\/inces.gob.ve\/wp-content\/uploads\/2023\/04\/Formador-de-Formadores-6--e1682021929699-768x576.jpg 768w, https:\/\/inces.gob.ve\/wp-content\/uploads\/2023\/04\/Formador-de-Formadores-6--e1682021929699-136x102.jpg 136w\" sizes=\"auto, (max-width: 800px) 100vw, 800px\" \/><\/p>\n<div style=\"text-align: justify;\">\n<div>Con el objetivo de afianzar herramientas formativas en el personal que labora en los Centros de Formaci\u00f3n Socialista (CFS), fue iniciado este lunes el plan Formador de Formadores.<\/div>\n<\/div>\n<div style=\"text-align: justify;\"><img loading=\"lazy\" decoding=\"async\" class=\"aligncenter wp-image-50437 size-full\" src=\"https:\/\/inces.gob.ve\/wp-content\/uploads\/2023\/04\/Formador-de-Formadores4--e1682021955542.jpg\" alt=\"\" width=\"800\" height=\"450\" srcset=\"https:\/\/inces.gob.ve\/wp-content\/uploads\/2023\/04\/Formador-de-Formadores4--e1682021955542.jpg 800w, https:\/\/inces.gob.ve\/wp-content\/uploads\/2023\/04\/Formador-de-Formadores4--e1682021955542-300x169.jpg 300w, https:\/\/inces.gob.ve\/wp-content\/uploads\/2023\/04\/Formador-de-Formadores4--e1682021955542-768x432.jpg 768w\" sizes=\"auto, (max-width: 800px) 100vw, 800px\" \/><\/div>\n<div style=\"text-align: justify;\">Los CFS que iniciaron con el plan este lunes fueron Luis Beltr\u00e1n Prieto Figueroa, Jorge A. Rodr\u00edguez, Banca Seguro y Centro Norte, teniendo un total de 198 participantes asistentes entre estos centros de formaci\u00f3n. El resto de los CFS siguen con la captaci\u00f3n para iniciar en el transcurso de la semana.<\/div>\n<p><img loading=\"lazy\" decoding=\"async\" class=\"aligncenter wp-image-50438 size-full\" src=\"https:\/\/inces.gob.ve\/wp-content\/uploads\/2023\/04\/Formador-de-Formadores-2--e1682022043629.jpg\" alt=\"\" width=\"800\" height=\"600\" srcset=\"https:\/\/inces.gob.ve\/wp-content\/uploads\/2023\/04\/Formador-de-Formadores-2--e1682022043629.jpg 800w, https:\/\/inces.gob.ve\/wp-content\/uploads\/2023\/04\/Formador-de-Formadores-2--e1682022043629-300x225.jpg 300w, https:\/\/inces.gob.ve\/wp-content\/uploads\/2023\/04\/Formador-de-Formadores-2--e1682022043629-768x576.jpg 768w, https:\/\/inces.gob.ve\/wp-content\/uploads\/2023\/04\/Formador-de-Formadores-2--e1682022043629-136x102.jpg 136w\" sizes=\"auto, (max-width: 800px) 100vw, 800px\" \/><\/p>\n<div style=\"text-align: justify;\">\u00abGracias al Inces, por iniciar este plan, plan que nos har\u00e1 crecer como formadores, me siento muy contento de poder participar.\u00bb Expreso Mario Torres, maestro t\u00e9cnico productivo<\/div>\n","protected":false},"excerpt":{"rendered":"<p>\u00abFormador de formadores es\u00a0un programa formativo que est\u00e1 especialmente dirigido a preparar a todas aquellas personas apasionadas por la docencia y que desean centrar su futuro profesional en la tarea de formar a otras personas a la vez que les transmiten los conocimientos necesarios\u00bb. Mayra Salas, Jefa del CFS Luis Beltr\u00e1n\u00a0Prieto Figueroa.<\/p>\n","protected":false},"author":15,"featured_media":50440,"comment_status":"closed","ping_status":"closed","sticky":false,"template":"","format":"standard","meta":{"footnotes":""},"categories":[2],"tags":[],"class_list":["post-50436","post","type-post","status-publish","format-standard","has-post-thumbnail","hentry","category-blog"],"_links":{"self":[{"href":"https:\/\/inces.gob.ve\/index.php\/wp-json\/wp\/v2\/posts\/50436","targetHints":{"allow":["GET"]}}],"collection":[{"href":"https:\/\/inces.gob.ve\/index.php\/wp-json\/wp\/v2\/posts"}],"about":[{"href":"https:\/\/inces.gob.ve\/index.php\/wp-json\/wp\/v2\/types\/post"}],"author":[{"embeddable":true,"href":"https:\/\/inces.gob.ve\/index.php\/wp-json\/wp\/v2\/users\/15"}],"replies":[{"embeddable":true,"href":"https:\/\/inces.gob.ve\/index.php\/wp-json\/wp\/v2\/comments?post=50436"}],"version-history":[{"count":2,"href":"https:\/\/inces.gob.ve\/index.php\/wp-json\/wp\/v2\/posts\/50436\/revisions"}],"predecessor-version":[{"id":50442,"href":"https:\/\/inces.gob.ve\/index.php\/wp-json\/wp\/v2\/posts\/50436\/revisions\/50442"}],"wp:featuredmedia":[{"embeddable":true,"href":"https:\/\/inces.gob.ve\/index.php\/wp-json\/wp\/v2\/media\/50440"}],"wp:attachment":[{"href":"https:\/\/inces.gob.ve\/index.php\/wp-json\/wp\/v2\/media?parent=50436"}],"wp:term":[{"taxonomy":"category","embeddable":true,"href":"https:\/\/inces.gob.ve\/index.php\/wp-json\/wp\/v2\/categories?post=50436"},{"taxonomy":"post_tag","embeddable":true,"href":"https:\/\/inces.gob.ve\/index.php\/wp-json\/wp\/v2\/tags?post=50436"}],"curies":[{"name":"wp","href":"https:\/\/api.w.org\/{rel}","templated":true}]}}