{"id":50450,"date":"2023-04-20T17:11:29","date_gmt":"2023-04-20T21:11:29","guid":{"rendered":"https:\/\/inces.gob.ve\/?p=50450"},"modified":"2023-04-20T17:12:02","modified_gmt":"2023-04-20T21:12:02","slug":"yaracuy-con-nutrida-participacion-arranco-el-plan-formador-de-formadores-2","status":"publish","type":"post","link":"https:\/\/inces.gob.ve\/index.php\/2023\/04\/20\/yaracuy-con-nutrida-participacion-arranco-el-plan-formador-de-formadores-2\/","title":{"rendered":"YARACUY | Con nutrida participaci\u00f3n arranc\u00f3 el Plan Formador de Formadores"},"content":{"rendered":"<p style=\"text-align: justify;\"><strong><span style=\"font-family: helvetica, arial, sans-serif; font-size: 14pt;\"><em>**La intenci\u00f3n es avanzar en la construcci\u00f3n del conocimiento para posteriormente sea aplicado por los maestros en los diversos espacios formativos<\/em>.<\/span><\/strong><!--more--><\/p>\n<p>&nbsp;<\/p>\n<p style=\"text-align: justify;\"><span style=\"font-family: helvetica, arial, sans-serif; font-size: 14pt;\">YOLAICE VARGAS<\/span><\/p>\n<p style=\"text-align: justify;\"><span style=\"font-family: helvetica, arial, sans-serif; font-size: 14pt;\">Tal como se ten\u00eda previsto se dio inicio al plan nacional Formador de Formadores, el cual va dirigido en primera medida a los trabajadores del Instituto Nacional de Capacitaci\u00f3n y Educaci\u00f3n Socialista (Inces), as\u00ed como a todas las personas que desean ampliar sus conocimientos en las diferentes \u00e1reas que se abordan en la programaci\u00f3n.<\/span><\/p>\n<p><img loading=\"lazy\" decoding=\"async\" class=\"wp-image-50453 size-full\" src=\"https:\/\/inces.gob.ve\/wp-content\/uploads\/2023\/04\/Formador-de-Formadores-4--e1682024939983.jpg\" alt=\"\" width=\"800\" height=\"450\" srcset=\"https:\/\/inces.gob.ve\/wp-content\/uploads\/2023\/04\/Formador-de-Formadores-4--e1682024939983.jpg 800w, https:\/\/inces.gob.ve\/wp-content\/uploads\/2023\/04\/Formador-de-Formadores-4--e1682024939983-300x169.jpg 300w, https:\/\/inces.gob.ve\/wp-content\/uploads\/2023\/04\/Formador-de-Formadores-4--e1682024939983-768x432.jpg 768w\" sizes=\"auto, (max-width: 800px) 100vw, 800px\" \/><\/p>\n<p style=\"text-align: justify;\"><span style=\"font-family: helvetica, arial, sans-serif; font-size: 14pt;\">En la entidad yaracuyana un n\u00famero importante de personas se dieron cita para participar de las formaciones: Legislaci\u00f3n Laboral e Introducci\u00f3n a la pedagog\u00eda, impartidas por los profesionales Luis Travieso y Antonio Pi\u00f1a respectivamente.<\/span><\/p>\n<p><img loading=\"lazy\" decoding=\"async\" class=\"wp-image-50451 size-full\" src=\"https:\/\/inces.gob.ve\/wp-content\/uploads\/2023\/04\/Formador-de-Formadores-1-e1682024905166.jpg\" alt=\"\" width=\"800\" height=\"450\" srcset=\"https:\/\/inces.gob.ve\/wp-content\/uploads\/2023\/04\/Formador-de-Formadores-1-e1682024905166.jpg 800w, https:\/\/inces.gob.ve\/wp-content\/uploads\/2023\/04\/Formador-de-Formadores-1-e1682024905166-300x169.jpg 300w, https:\/\/inces.gob.ve\/wp-content\/uploads\/2023\/04\/Formador-de-Formadores-1-e1682024905166-768x432.jpg 768w\" sizes=\"auto, (max-width: 800px) 100vw, 800px\" \/><\/p>\n<p style=\"text-align: justify;\"><span style=\"font-family: helvetica, arial, sans-serif; font-size: 14pt;\">Durante el encuentro los ponentes de ambas c\u00e1tedras explicaron conceptos y terminolog\u00edas propias de los temas, de igual manera se construyeron conceptos a partir del conocimiento de cada uno de los asistentes, y se comentan ejemplos de vivencias propias lo que hizo m\u00e1s efectiva y amena la comprensi\u00f3n de la unidad curricular<\/span><\/p>\n<p><img loading=\"lazy\" decoding=\"async\" class=\"wp-image-50455 size-full\" src=\"https:\/\/inces.gob.ve\/wp-content\/uploads\/2023\/04\/Formador-de-Formadores-7--e1682024970354.jpg\" alt=\"\" width=\"800\" height=\"450\" srcset=\"https:\/\/inces.gob.ve\/wp-content\/uploads\/2023\/04\/Formador-de-Formadores-7--e1682024970354.jpg 800w, https:\/\/inces.gob.ve\/wp-content\/uploads\/2023\/04\/Formador-de-Formadores-7--e1682024970354-300x169.jpg 300w, https:\/\/inces.gob.ve\/wp-content\/uploads\/2023\/04\/Formador-de-Formadores-7--e1682024970354-768x432.jpg 768w\" sizes=\"auto, (max-width: 800px) 100vw, 800px\" \/><\/p>\n<p style=\"text-align: justify;\"><span style=\"font-family: helvetica, arial, sans-serif; font-size: 14pt;\">Cabe destacar que los encargados de dirigir las formaciones aplicaron diferentes recursos y estrategias para la evaluaci\u00f3n final, la cual consisti\u00f3 en el an\u00e1lisis y la construcci\u00f3n de ensayos, que posteriormente fueron socializados, permitiendo compartir experiencias y aprendizajes, para finalmente realizar las conclusiones del primer encuentro.<\/span><\/p>\n<figure id=\"attachment_50454\" aria-describedby=\"caption-attachment-50454\" style=\"width: 800px\" class=\"wp-caption aligncenter\"><img loading=\"lazy\" decoding=\"async\" class=\"wp-image-50454 size-full\" src=\"https:\/\/inces.gob.ve\/wp-content\/uploads\/2023\/04\/Formador-de-Formadores-6-1-1-e1682024988909.jpg\" alt=\"\" width=\"800\" height=\"450\" srcset=\"https:\/\/inces.gob.ve\/wp-content\/uploads\/2023\/04\/Formador-de-Formadores-6-1-1-e1682024988909.jpg 800w, https:\/\/inces.gob.ve\/wp-content\/uploads\/2023\/04\/Formador-de-Formadores-6-1-1-e1682024988909-300x169.jpg 300w, https:\/\/inces.gob.ve\/wp-content\/uploads\/2023\/04\/Formador-de-Formadores-6-1-1-e1682024988909-768x432.jpg 768w\" sizes=\"auto, (max-width: 800px) 100vw, 800px\" \/><figcaption id=\"caption-attachment-50454\" class=\"wp-caption-text\">Exif_JPEG_420<\/figcaption><\/figure>\n<p style=\"text-align: justify;\"><span style=\"font-family: helvetica, arial, sans-serif; font-size: 14pt;\">Es importante se\u00f1alar que dicha formaci\u00f3n tendr\u00e1 continuidad durante un mes y se abordar\u00e1n otras unidades curriculares como: Desarrollo Humano y Estrategia y medios de ense\u00f1anza.<\/span><\/p>\n","protected":false},"excerpt":{"rendered":"<p>**La intenci\u00f3n es avanzar en la construcci\u00f3n del conocimiento para posteriormente sea aplicado por los maestros en los diversos espacios formativos.<\/p>\n","protected":false},"author":15,"featured_media":50452,"comment_status":"closed","ping_status":"closed","sticky":false,"template":"","format":"standard","meta":{"footnotes":""},"categories":[2],"tags":[],"class_list":["post-50450","post","type-post","status-publish","format-standard","has-post-thumbnail","hentry","category-blog"],"_links":{"self":[{"href":"https:\/\/inces.gob.ve\/index.php\/wp-json\/wp\/v2\/posts\/50450","targetHints":{"allow":["GET"]}}],"collection":[{"href":"https:\/\/inces.gob.ve\/index.php\/wp-json\/wp\/v2\/posts"}],"about":[{"href":"https:\/\/inces.gob.ve\/index.php\/wp-json\/wp\/v2\/types\/post"}],"author":[{"embeddable":true,"href":"https:\/\/inces.gob.ve\/index.php\/wp-json\/wp\/v2\/users\/15"}],"replies":[{"embeddable":true,"href":"https:\/\/inces.gob.ve\/index.php\/wp-json\/wp\/v2\/comments?post=50450"}],"version-history":[{"count":2,"href":"https:\/\/inces.gob.ve\/index.php\/wp-json\/wp\/v2\/posts\/50450\/revisions"}],"predecessor-version":[{"id":50457,"href":"https:\/\/inces.gob.ve\/index.php\/wp-json\/wp\/v2\/posts\/50450\/revisions\/50457"}],"wp:featuredmedia":[{"embeddable":true,"href":"https:\/\/inces.gob.ve\/index.php\/wp-json\/wp\/v2\/media\/50452"}],"wp:attachment":[{"href":"https:\/\/inces.gob.ve\/index.php\/wp-json\/wp\/v2\/media?parent=50450"}],"wp:term":[{"taxonomy":"category","embeddable":true,"href":"https:\/\/inces.gob.ve\/index.php\/wp-json\/wp\/v2\/categories?post=50450"},{"taxonomy":"post_tag","embeddable":true,"href":"https:\/\/inces.gob.ve\/index.php\/wp-json\/wp\/v2\/tags?post=50450"}],"curies":[{"name":"wp","href":"https:\/\/api.w.org\/{rel}","templated":true}]}}