{"id":50532,"date":"2023-03-28T20:54:30","date_gmt":"2023-03-29T00:54:30","guid":{"rendered":"https:\/\/inces.gob.ve\/?p=50532"},"modified":"2023-04-23T20:57:36","modified_gmt":"2023-04-24T00:57:36","slug":"trujillo-inces-realizo-muestra-productiva-de-mujeres-emprendedoras","status":"publish","type":"post","link":"https:\/\/inces.gob.ve\/index.php\/2023\/03\/28\/trujillo-inces-realizo-muestra-productiva-de-mujeres-emprendedoras\/","title":{"rendered":"TRUJILLO | Inces realiz\u00f3 muestra productiva de mujeres emprendedoras"},"content":{"rendered":"<p style=\"font-weight: 400; text-align: justify;\"><em><strong><span style=\"font-family: helvetica, arial, sans-serif; font-size: 14pt;\">** Un total de 32 mujeres emprendedoras fueron invitadas a las instalaciones del Centro de Formaci\u00f3n Socialista \u201cAl\u00ed Primera\u201d, sede administrativa del Inces Trujillo que con frecuencia es el sitio m\u00e1s concurrido para estos programas de emprendimiento que en los \u00faltimos tres a\u00f1os presenta un auge inusitado en Trujillo y a nivel nacional<\/span><\/strong><\/em><br \/>\n<!--more--><\/p>\n<p style=\"font-weight: 400; text-align: justify;\">\n<p style=\"font-weight: 400; text-align: justify;\"><strong><span style=\"font-family: helvetica, arial, sans-serif;\"><span style=\"font-size: 18.6667px;\">MAR\u00cdA CABRER<\/span><\/span><\/strong><\/p>\n<p style=\"font-weight: 400; text-align: justify;\"><strong><span style=\"font-family: helvetica, arial, sans-serif;\"><span style=\"font-size: 18.6667px;\">A<\/span><\/span><\/strong><\/p>\n<p style=\"font-weight: 400; text-align: justify;\"><span style=\"font-family: helvetica, arial, sans-serif; font-size: 14pt;\">En el Centro de Formaci\u00f3n Socialista \u201cAli Primera\u201d del Inces Trujillo se realiz\u00f3 la Muestra Productiva de Mujeres Emprendedoras programaci\u00f3n que con motivo del Mes de la Mujer el organismo desarrolla en articulaci\u00f3n con las entidades gubernamentales que durante tres d\u00edas se sumaron a esta festividad.<\/span><\/p>\n<p>&nbsp;<\/p>\n<p>&nbsp;<\/p>\n<p style=\"font-weight: 400; text-align: justify;\"><span style=\"font-family: helvetica, arial, sans-serif; font-size: 14pt;\">Inces Trujillo sigui\u00f3 orientaciones nacionales del programa Mujer Productiva Inces para que desde los diferentes n\u00facleos del organismo se desarrollen articulaciones con entidades gubernamentales de los estados para diligenciar gratuitamente sus tr\u00e1mites emprendedores.<\/span><\/p>\n<p>&nbsp;<\/p>\n<p style=\"font-weight: 400; text-align: justify;\"><span style=\"font-family: helvetica, arial, sans-serif; font-size: 14pt;\">Durante el evento los \u00a0representantes del Ministerio de Comercio en Trujillo efectuaron el censo para la debida certificaci\u00f3n de emprendimiento de las asistentes quienes impulsadas por esta acci\u00f3n hicieron acto de presencia tal como estaba previsto.<\/span><\/p>\n<p>&nbsp;<\/p>\n<p style=\"font-weight: 400; text-align: justify;\"><span style=\"font-family: helvetica, arial, sans-serif; font-size: 14pt;\">Un total de 32 mujeres emprendedoras fueron invitadas a las instalaciones del Centro de Formaci\u00f3n Socialista \u201cAl\u00ed Primera\u201d, sede administrativa del Inces Trujillo que con frecuencia es el sitio m\u00e1s utilizado para estos programas de emprendimiento que en los \u00faltimos tres a\u00f1os presenta un auge inusitado en Trujillo y a nivel nacional.<\/span><\/p>\n<p>&nbsp;<\/p>\n<p style=\"font-weight: 400; text-align: justify;\"><span style=\"font-family: helvetica, arial, sans-serif; font-size: 14pt;\">Los rubros mostrados en esta ocasi\u00f3n fueron manicure, dulces criollos, pi\u00f1ater\u00eda, textil, reposter\u00eda, entre otros que \u00a0de acuerdo a las estad\u00edsticas obtenidas por el gobierno del Presidente Nicol\u00e1s Maduro Moros registran un volumen de emprendimiento \u00a0del 65%-70% realizado por mujeres lo cual sirvi\u00f3 de base para que dentro de las prioridades nacionales se considerada el apoyo a este sector.<\/span><\/p>\n<p>&nbsp;<\/p>\n<p style=\"font-weight: 400; text-align: justify;\"><span style=\"font-family: helvetica, arial, sans-serif; font-size: 14pt;\">La programaci\u00f3n cont\u00f3 con un actividad \u00a0cultural liderado por el coordinador de Cultura Deporte y Recreaci\u00f3n del Inces Trujillo, Jos\u00e9 Araujo quien adem\u00e1s nos present\u00f3 a la academia \u201cFast Dance\u201d quien nos mostr\u00f3 un n\u00famero dos \u00a0bailes de danza contempor\u00e1nea y moderna que atrajo la mirada de los asistentes al evento que se extendi\u00f3 hasta entrada horas de la tarde.<\/span><\/p>\n<p>&nbsp;<\/p>\n<p style=\"font-weight: 400; text-align: justify;\"><span style=\"font-family: helvetica, arial, sans-serif; font-size: 14pt;\">El Inces Trujillo est\u00e1 sumado a la programaci\u00f3n con motivo del Mes de La Mujer y esta convocatoria al Consejo Femenino de Trabajadoras Inces desde el programa Encadenamiento Productivo del Inces es para que las mujeres emprendedoras de forma organizada puedan \u00a0acceder con mayor facilidad a la cartera de beneficios que por esta v\u00eda el estado direccionara en un censo formal.<\/span><\/p>\n","protected":false},"excerpt":{"rendered":"<p>** Un total de 32 mujeres emprendedoras fueron invitadas a las instalaciones del Centro de Formaci\u00f3n Socialista \u201cAl\u00ed Primera\u201d, sede administrativa del Inces Trujillo que con frecuencia es el sitio m\u00e1s concurrido para estos programas de emprendimiento que en los \u00faltimos tres a\u00f1os presenta un auge inusitado en Trujillo y a nivel nacional<\/p>\n","protected":false},"author":4,"featured_media":50533,"comment_status":"closed","ping_status":"closed","sticky":false,"template":"","format":"standard","meta":{"footnotes":""},"categories":[2],"tags":[],"class_list":["post-50532","post","type-post","status-publish","format-standard","has-post-thumbnail","hentry","category-blog"],"_links":{"self":[{"href":"https:\/\/inces.gob.ve\/index.php\/wp-json\/wp\/v2\/posts\/50532","targetHints":{"allow":["GET"]}}],"collection":[{"href":"https:\/\/inces.gob.ve\/index.php\/wp-json\/wp\/v2\/posts"}],"about":[{"href":"https:\/\/inces.gob.ve\/index.php\/wp-json\/wp\/v2\/types\/post"}],"author":[{"embeddable":true,"href":"https:\/\/inces.gob.ve\/index.php\/wp-json\/wp\/v2\/users\/4"}],"replies":[{"embeddable":true,"href":"https:\/\/inces.gob.ve\/index.php\/wp-json\/wp\/v2\/comments?post=50532"}],"version-history":[{"count":1,"href":"https:\/\/inces.gob.ve\/index.php\/wp-json\/wp\/v2\/posts\/50532\/revisions"}],"predecessor-version":[{"id":50534,"href":"https:\/\/inces.gob.ve\/index.php\/wp-json\/wp\/v2\/posts\/50532\/revisions\/50534"}],"wp:featuredmedia":[{"embeddable":true,"href":"https:\/\/inces.gob.ve\/index.php\/wp-json\/wp\/v2\/media\/50533"}],"wp:attachment":[{"href":"https:\/\/inces.gob.ve\/index.php\/wp-json\/wp\/v2\/media?parent=50532"}],"wp:term":[{"taxonomy":"category","embeddable":true,"href":"https:\/\/inces.gob.ve\/index.php\/wp-json\/wp\/v2\/categories?post=50532"},{"taxonomy":"post_tag","embeddable":true,"href":"https:\/\/inces.gob.ve\/index.php\/wp-json\/wp\/v2\/tags?post=50532"}],"curies":[{"name":"wp","href":"https:\/\/api.w.org\/{rel}","templated":true}]}}