{"id":50552,"date":"2023-04-24T09:25:05","date_gmt":"2023-04-24T13:25:05","guid":{"rendered":"https:\/\/inces.gob.ve\/?p=50552"},"modified":"2023-04-24T09:28:47","modified_gmt":"2023-04-24T13:28:47","slug":"zulia-369-estudiantes-atienden-el-inces-a-traves-del-cfs-ciudad-paraute-en-tres-municipios-de-la-col","status":"publish","type":"post","link":"https:\/\/inces.gob.ve\/index.php\/2023\/04\/24\/zulia-369-estudiantes-atienden-el-inces-a-traves-del-cfs-ciudad-paraute-en-tres-municipios-de-la-col\/","title":{"rendered":"ZULIA | 369 estudiantes atiende el Inces a trav\u00e9s del CFS Ciudad Paraute en tres municipios de la COL"},"content":{"rendered":"<p style=\"font-weight: 400; text-align: justify;\"><strong><em><span style=\"font-family: helvetica, arial, sans-serif; font-size: 14pt;\">** Nueve planteles de los municipios Baralt, Lagunillas y Sim\u00f3n Bol\u00edvar del Zulia reciben la atenci\u00f3n de sus estudiantes de bachillerato a trav\u00e9s del Inces, que llega a estos espacios, para impartir formaciones como: Fundamentos b\u00e1sicos de la industria petrolera y Arquitectura del computador<\/span><\/em><\/strong><!--more--><\/p>\n<p style=\"font-weight: 400; text-align: justify;\"><strong><span style=\"font-family: helvetica, arial, sans-serif; font-size: 14pt;\">MARIANA ALBARR\u00c1N \/ LENIN R\u00cdOS<\/span><\/strong><\/p>\n<p style=\"font-weight: 400; text-align: justify;\"><span style=\"font-family: helvetica, arial, sans-serif; font-size: 14pt;\">Bien dicen que el optimismo es la fe que conduce al logro, siempre precedido por una formidable preparaci\u00f3n, lo que resume la experiencia de 369 j\u00f3venes, de la Costa Oriental del Lago de Maracaibo, que son atendidos en nueve planteles, por el Instituto Nacional de Capacitaci\u00f3n y Educaci\u00f3n Socialista (Inces) en el Zulia, a trav\u00e9s del Centro de Formaci\u00f3n Socialista (CFS) Ciudad Paraute en siete ocupaciones productivas, que les abren las puertas del \u00e1mbito laboral y en su futura formaci\u00f3n, en la educaci\u00f3n superior.<\/span><\/p>\n<p>&nbsp;<\/p>\n<p style=\"font-weight: 400; text-align: justify;\"><span style=\"font-family: helvetica, arial, sans-serif; font-size: 14pt;\">La formaci\u00f3n t\u00e9cnica profesional lleg\u00f3 para potenciar las habilidades y destrezas de los estudiantes de media general, directamente \u00a0en los municipios Baralt en el Liceo Nocturno Mene Grande; en Sim\u00f3n Bol\u00edvar en el Liceo El Insigne Sim\u00f3n Bol\u00edvar; la Unidad Educativa Nacional Rural V\u00edctor Capo, la Unidad Educativa Caracciolo Parra Le\u00f3n junto al Liceo Ap\u00e1lico S\u00e1nchez, mientras que en Lagunillas el abordaje alcanza el Liceo Nocturno Domitila Flores, la Unidad Educativa Nacional\u00a0 Francisco Antonio Zea, la\u00a0 Escuela\u00a0 T\u00e9cnica\u00a0 Dr. Ra\u00fal Cuenca\u00a0 y la\u00a0 Escuela T\u00e9cnica Gilberto Rodr\u00edguez Ochoa.<\/span><\/p>\n<p>&nbsp;<\/p>\n<p>&nbsp;<\/p>\n<p><img loading=\"lazy\" decoding=\"async\" class=\"aligncenter wp-image-50554 size-large\" src=\"https:\/\/inces.gob.ve\/wp-content\/uploads\/2023\/04\/FuPdly7WIAADzci-768x1024.jpg\" alt=\"\" width=\"640\" height=\"853\" srcset=\"https:\/\/inces.gob.ve\/wp-content\/uploads\/2023\/04\/FuPdly7WIAADzci-768x1024.jpg 768w, https:\/\/inces.gob.ve\/wp-content\/uploads\/2023\/04\/FuPdly7WIAADzci-225x300.jpg 225w, https:\/\/inces.gob.ve\/wp-content\/uploads\/2023\/04\/FuPdly7WIAADzci.jpg 780w\" sizes=\"auto, (max-width: 640px) 100vw, 640px\" \/><\/p>\n<p>&nbsp;<\/p>\n<p style=\"font-weight: 400; text-align: justify;\"><span style=\"font-family: helvetica, arial, sans-serif; font-size: 14pt;\">La jefa del CFS \u00a0Ciudad Paraute del Inces Zulia, Oromaika L\u00e1zaro, describi\u00f3 que el equipo de maestros y maestras t\u00e9cnicas productivos est\u00e1n desplegados impartiendo las unidades curriculares: \u00a0\u00a0Contabilidad B\u00e1sica, Primeros auxilios, Pasteler\u00eda y Reposter\u00eda, Corte de Prendas de Vestir, Fundamentos B\u00e1sicos de la Industria Petrolera, Arquitectura del Computador y Granjas Integrales y Cultivo de Hortalizas en Huertos.<\/span><\/p>\n<p>&nbsp;<\/p>\n<p style=\"font-weight: 400; text-align: justify;\"><span style=\"font-family: helvetica, arial, sans-serif; font-size: 14pt;\">\u201cNos llena de satisfacci\u00f3n y motivaci\u00f3n, observar que en este a\u00f1o escolar, como est\u00e1 madurando la organizaci\u00f3n estudiantil, que se empodera o asume con total pertinencia sus derechos, para elevar su voz y solicitar ser capacitados por el Inces, en Petr\u00f3leo o en Arquitectura del Computador, por considerar que es necesario para su formaci\u00f3n.\u00a0 Tenemos una juventud que nos sorprende al organizar espacios para el sistema t\u00e9cnico productivo, en jornadas especiales, donde a trav\u00e9s de la pr\u00e1ctica plasman el conocimiento adquirido y que tambi\u00e9n agradecen a la instituci\u00f3n, la puesta en marcha del sistema HACER, ya que al concluir su capacitaci\u00f3n, ellos podr\u00e1n descargar sus certificados, desde la web\u201d, detall\u00f3 la jefa del CFS\u00a0 Ciudad Paraute del Inces Zulia<\/span><\/p>\n<p><img loading=\"lazy\" decoding=\"async\" class=\"size-medium wp-image-50553 aligncenter\" src=\"https:\/\/inces.gob.ve\/wp-content\/uploads\/2023\/04\/FuPdly0WcAI48l--300x253.jpg\" alt=\"\" width=\"300\" height=\"253\" data-wp-editing=\"1\" srcset=\"https:\/\/inces.gob.ve\/wp-content\/uploads\/2023\/04\/FuPdly0WcAI48l--300x253.jpg 300w, https:\/\/inces.gob.ve\/wp-content\/uploads\/2023\/04\/FuPdly0WcAI48l--768x646.jpg 768w, https:\/\/inces.gob.ve\/wp-content\/uploads\/2023\/04\/FuPdly0WcAI48l-.jpg 809w\" sizes=\"auto, (max-width: 300px) 100vw, 300px\" \/><\/p>\n<p style=\"font-weight: 400; text-align: justify;\"><span style=\"font-family: helvetica, arial, sans-serif; font-size: 14pt;\">Jos\u00e9 Vicente Far\u00edas Echeverri, gerente regional del Inces Zulia, expuso: \u201cExiste un compromiso firme, de no perder la marcha, en las pol\u00edticas educativas, emanadas por el presidente Nicol\u00e1s Maduro, la ministra del Poder Popular para la Educaci\u00f3n, Yelitze Santaella y del viceministro de Comunidades Educativas y Uni\u00f3n con el Pueblo y presidente de la instituci\u00f3n, Wuikelman \u00c1ngel Paredes, para la capacitaci\u00f3n, en diferentes ocupaciones\u00a0 productivas, que la patria demanda, en \u00e1reas prioritarias para aportar al desarrollo\u201d.\u00a0<\/span><\/p>\n","protected":false},"excerpt":{"rendered":"<p>** Nueve planteles de los municipios Baralt, Lagunillas y Sim\u00f3n Bol\u00edvar del Zulia reciben la atenci\u00f3n de sus estudiantes de bachillerato a trav\u00e9s del Inces, que llega a estos espacios, para impartir formaciones como: Fundamentos b\u00e1sicos de la industria petrolera y Arquitectura del computador<\/p>\n","protected":false},"author":4,"featured_media":50555,"comment_status":"closed","ping_status":"closed","sticky":false,"template":"","format":"standard","meta":{"footnotes":""},"categories":[2],"tags":[],"class_list":["post-50552","post","type-post","status-publish","format-standard","has-post-thumbnail","hentry","category-blog"],"_links":{"self":[{"href":"https:\/\/inces.gob.ve\/index.php\/wp-json\/wp\/v2\/posts\/50552","targetHints":{"allow":["GET"]}}],"collection":[{"href":"https:\/\/inces.gob.ve\/index.php\/wp-json\/wp\/v2\/posts"}],"about":[{"href":"https:\/\/inces.gob.ve\/index.php\/wp-json\/wp\/v2\/types\/post"}],"author":[{"embeddable":true,"href":"https:\/\/inces.gob.ve\/index.php\/wp-json\/wp\/v2\/users\/4"}],"replies":[{"embeddable":true,"href":"https:\/\/inces.gob.ve\/index.php\/wp-json\/wp\/v2\/comments?post=50552"}],"version-history":[{"count":2,"href":"https:\/\/inces.gob.ve\/index.php\/wp-json\/wp\/v2\/posts\/50552\/revisions"}],"predecessor-version":[{"id":50557,"href":"https:\/\/inces.gob.ve\/index.php\/wp-json\/wp\/v2\/posts\/50552\/revisions\/50557"}],"wp:featuredmedia":[{"embeddable":true,"href":"https:\/\/inces.gob.ve\/index.php\/wp-json\/wp\/v2\/media\/50555"}],"wp:attachment":[{"href":"https:\/\/inces.gob.ve\/index.php\/wp-json\/wp\/v2\/media?parent=50552"}],"wp:term":[{"taxonomy":"category","embeddable":true,"href":"https:\/\/inces.gob.ve\/index.php\/wp-json\/wp\/v2\/categories?post=50552"},{"taxonomy":"post_tag","embeddable":true,"href":"https:\/\/inces.gob.ve\/index.php\/wp-json\/wp\/v2\/tags?post=50552"}],"curies":[{"name":"wp","href":"https:\/\/api.w.org\/{rel}","templated":true}]}}