{"id":50558,"date":"2023-04-24T11:01:36","date_gmt":"2023-04-24T15:01:36","guid":{"rendered":"https:\/\/inces.gob.ve\/?p=50558"},"modified":"2023-04-24T11:01:36","modified_gmt":"2023-04-24T15:01:36","slug":"aragua-inces-socializo-sus-planes-estadales-en-el-programa-importancia-del-saber","status":"publish","type":"post","link":"https:\/\/inces.gob.ve\/index.php\/2023\/04\/24\/aragua-inces-socializo-sus-planes-estadales-en-el-programa-importancia-del-saber\/","title":{"rendered":"Aragua | Inces socializ\u00f3 sus planes estadales en el programa Importancia del Saber"},"content":{"rendered":"<div dir=\"auto\" style=\"text-align: justify;\"><strong><em><span style=\"font-family: helvetica, arial, sans-serif; font-size: 14pt;\">** Con la mejor m\u00fasica y la mejor informaci\u00f3n desde la 93.5 FM, orgullosamente mariobricenses y de la mano con el Inces<\/span><\/em><\/strong><\/div>\n<p><!--more--><\/p>\n<div dir=\"auto\" style=\"text-align: justify;\"><\/div>\n<div dir=\"auto\" style=\"text-align: justify;\"><strong><span style=\"font-family: helvetica, arial, sans-serif; font-size: 14pt;\">NINOSKA PATRIZ<\/span><\/strong><\/div>\n<div dir=\"auto\" style=\"text-align: justify;\"><\/div>\n<div dir=\"auto\" style=\"text-align: justify;\"><span style=\"font-family: helvetica, arial, sans-serif; font-size: 14pt;\">Desde el Programa Importancia del Saber, transmitido por Tormenta 93.5 FM, junto a su conductor Ram\u00f3n Iriza, se di\u00f3 a conocer el despliegue conjunto en todos los Centros de Formaci\u00f3n Socialista (CFS) Inces, de la Formaci\u00f3n de Formadores, dirigida a fortalecer y desarrollar las herramientas, procesos did\u00e1cticos y la reflexi\u00f3n pedag\u00f3gica cr\u00edtica de las facilitadoras y los facilitadores, para potenciar los procesos de formaci\u00f3n y autoformaci\u00f3n colectiva integral, continua y permanente, con el objetivo de contribuir e impulsar la investigaci\u00f3n (creatividad) e innovaci\u00f3n en la nueva cultura de trabajo, coadyuvando con la activaci\u00f3n de las potencialidades de la instituci\u00f3n y el restablecimiento del aparato productivo del pa\u00eds. <\/span><\/div>\n<div dir=\"auto\"><\/div>\n<div dir=\"auto\" style=\"text-align: justify;\"><span style=\"font-family: helvetica, arial, sans-serif; font-size: 14pt;\">En el mismo orden de ideas, se realiz\u00f3 un llamado especial a toda la poblaci\u00f3n de la regi\u00f3n arag\u00fce\u00f1a para que desde los puntos de inscripci\u00f3n abiertos se inscriban desde la plataforma HACER en las ocupaciones productivas presenciales o virtuales (Convenio Telef\u00f3nica o Campus Virtual) seg\u00fan su preferencia, visitando el portal web: <a href=\"http:\/\/www.inces.gob.ve\/\" target=\"_blank\" rel=\"noopener noreferrer\" data-saferedirecturl=\"https:\/\/www.google.com\/url?q=http:\/\/www.Inces.gob.ve&amp;source=gmail&amp;ust=1682386589325000&amp;usg=AOvVaw0eVdRCBN-TjV_lwunewjyM\">www.Inces.gob.ve<\/a><\/span><\/div>\n<div dir=\"auto\" style=\"text-align: justify;\"><\/div>\n<div dir=\"auto\" style=\"text-align: justify;\"><\/div>\n<div dir=\"auto\" style=\"text-align: justify;\"><\/div>\n<div dir=\"auto\" style=\"text-align: justify;\"><\/div>\n<div dir=\"auto\" style=\"text-align: justify;\"><span style=\"font-family: helvetica, arial, sans-serif; font-size: 14pt;\">De la misma manera, se reafirm\u00f3 la importancia del Bachillerato Productivo, donde el estudiante adem\u00e1s de obtener su t\u00edtulo de bachiller avalado por el Ministerio del Poder Popular para la Educaci\u00f3n, logra la certificaci\u00f3n de poseer los conocimientos t\u00e9cnicos y profesionales a trav\u00e9s de cursos, talleres y seminarios que facilita el Inces.<\/span><\/div>\n<div dir=\"auto\"><\/div>\n<div dir=\"auto\" style=\"text-align: justify;\"><span style=\"font-family: helvetica, arial, sans-serif; font-size: 14pt;\"> El objetivo del mismo es desarrollar en cada joven un perfil productivo que le permita tener las capacidades, competencias y habilidades para proponer, crear, realizar y\/o ejecutar emprendimientos por y para el trabajo; en aras de su crecimiento personal, profesional, colectivo y comunitario en las diferentes \u00e1reas socioproductivas del estado.<\/span><\/div>\n<div dir=\"auto\" style=\"text-align: justify;\"><\/div>\n<div dir=\"auto\" style=\"text-align: justify;\"><\/div>\n<div dir=\"auto\" style=\"text-align: justify;\"><\/div>\n<div dir=\"auto\" style=\"text-align: justify;\"><span style=\"font-family: helvetica, arial, sans-serif; font-size: 14pt;\">Tambi\u00e9n se inform\u00f3 del Inicio de las actividades formativas correspondientes al Programa Nacional de Aprendizaje (PNA). <\/span><\/div>\n<div dir=\"auto\"><\/div>\n<div dir=\"auto\" style=\"text-align: justify;\"><span style=\"font-family: helvetica, arial, sans-serif; font-size: 14pt;\">Desde esta vitrina comunicacional se explic\u00f3 que este es un programa eminentemente social, cuyo objetivo es contribuir en la formaci\u00f3n integral de los adolescentes, prepar\u00e1ndolos para realizar oficios laborales y lograr su inserci\u00f3n en el mercado laboral, p\u00fablico o privado, como primer empleo. contenido en la Ley sobre el Instituto Nacional de Capacitaci\u00f3n Educativa Socialista (Inces, 2014), la cual establece en el art\u00edculo 33: \u201c&#8230;la Obligaci\u00f3n Civil, que tienen todas las entidades de trabajo que cuentan con quince (15) o m\u00e1s trabajadores y trabajadoras, de contratar y formar a un n\u00famero de aprendices, en el marco del proceso social del trabajo\u201d; bajo la tutela del Inces, en estricto apego a las leyes de la Rep\u00fablica Bolivariana de Venezuela\u00a0<\/span><\/div>\n<div dir=\"auto\" style=\"text-align: justify;\"><\/div>\n<div dir=\"auto\" style=\"text-align: justify;\"><\/div>\n<div dir=\"auto\" style=\"text-align: justify;\"><\/div>\n<div dir=\"auto\" style=\"text-align: justify;\"><\/div>\n<div dir=\"auto\" style=\"text-align: justify;\"><span style=\"font-family: helvetica, arial, sans-serif; font-size: 14pt;\">Y para finalizar, en el mismo orden de importancia, se destac\u00f3 que en el Inces en Aragua se busca la formaci\u00f3n productiva y de calidad dirigida a la clase trabajadora, con la intenci\u00f3n de formar l\u00edderes dentro de las empresas como Formadores en Entidades de Trabajo (FET), para lograr que sean capaces de dirigir a sus compa\u00f1eros, defender sus derechos laborales y proponer ideas en beneficio de la clase obrera en las mesas curriculares para la solicitud de cursos. <\/span><\/div>\n<div dir=\"auto\"><\/div>\n<div dir=\"auto\" style=\"text-align: justify;\"><span style=\"font-family: helvetica, arial, sans-serif; font-size: 14pt;\">Al respecto se explic\u00f3 que el equipo de la Unidad de Formaci\u00f3n Delegada y Adiestramiento est\u00e1 dirigido por Rebeca Carpio, qui\u00e9n realiza la coordinaci\u00f3n de las actividades para formar a los trabajadores y trabajadoras de empresas p\u00fablicas y privadas.\u00a0<\/span><\/div>\n","protected":false},"excerpt":{"rendered":"<p>** Con la mejor m\u00fasica y la mejor informaci\u00f3n desde la 93.5 FM, orgullosamente mariobricenses y de la mano con el Inces<\/p>\n","protected":false},"author":4,"featured_media":50122,"comment_status":"closed","ping_status":"closed","sticky":false,"template":"","format":"standard","meta":{"footnotes":""},"categories":[2],"tags":[],"class_list":["post-50558","post","type-post","status-publish","format-standard","has-post-thumbnail","hentry","category-blog"],"_links":{"self":[{"href":"https:\/\/inces.gob.ve\/index.php\/wp-json\/wp\/v2\/posts\/50558","targetHints":{"allow":["GET"]}}],"collection":[{"href":"https:\/\/inces.gob.ve\/index.php\/wp-json\/wp\/v2\/posts"}],"about":[{"href":"https:\/\/inces.gob.ve\/index.php\/wp-json\/wp\/v2\/types\/post"}],"author":[{"embeddable":true,"href":"https:\/\/inces.gob.ve\/index.php\/wp-json\/wp\/v2\/users\/4"}],"replies":[{"embeddable":true,"href":"https:\/\/inces.gob.ve\/index.php\/wp-json\/wp\/v2\/comments?post=50558"}],"version-history":[{"count":1,"href":"https:\/\/inces.gob.ve\/index.php\/wp-json\/wp\/v2\/posts\/50558\/revisions"}],"predecessor-version":[{"id":50559,"href":"https:\/\/inces.gob.ve\/index.php\/wp-json\/wp\/v2\/posts\/50558\/revisions\/50559"}],"wp:featuredmedia":[{"embeddable":true,"href":"https:\/\/inces.gob.ve\/index.php\/wp-json\/wp\/v2\/media\/50122"}],"wp:attachment":[{"href":"https:\/\/inces.gob.ve\/index.php\/wp-json\/wp\/v2\/media?parent=50558"}],"wp:term":[{"taxonomy":"category","embeddable":true,"href":"https:\/\/inces.gob.ve\/index.php\/wp-json\/wp\/v2\/categories?post=50558"},{"taxonomy":"post_tag","embeddable":true,"href":"https:\/\/inces.gob.ve\/index.php\/wp-json\/wp\/v2\/tags?post=50558"}],"curies":[{"name":"wp","href":"https:\/\/api.w.org\/{rel}","templated":true}]}}