{"id":50710,"date":"2023-04-25T12:59:05","date_gmt":"2023-04-25T16:59:05","guid":{"rendered":"https:\/\/inces.gob.ve\/?p=50710"},"modified":"2023-04-25T13:02:51","modified_gmt":"2023-04-25T17:02:51","slug":"apure-inces-y-la-fundacion-jovenes-del-barrio-fortalecen-convenio","status":"publish","type":"post","link":"https:\/\/inces.gob.ve\/index.php\/2023\/04\/25\/apure-inces-y-la-fundacion-jovenes-del-barrio-fortalecen-convenio\/","title":{"rendered":"APURE | Inces y la Fundaci\u00f3n J\u00f3venes del Barrio fortalecen convenio"},"content":{"rendered":"<p style=\"text-align: justify;\"><em><strong><span style=\"font-family: helvetica, arial, sans-serif; font-size: 14pt;\">** Este convenio fue suscrito por el \u00a0presidente del Instituto Nacional de Capacitaci\u00f3n y Educaci\u00f3n Socialista (Inces), Wuikelman Angel Paredes, y el titular de la Fundaci\u00f3n J\u00f3venes del Barrio, Jos\u00e9 Luis Lugo Salazar.<\/span><\/strong><\/em><!--more--><\/p>\n<p style=\"text-align: justify;\">\n<p style=\"text-align: justify;\"><span style=\"font-family: helvetica, arial, sans-serif; font-size: 14pt;\">En reuni\u00f3n sostenida entre el gerente regional \u00a0Daviel Rodr\u00edguez y el responsable estadal de la fundaci\u00f3n J\u00f3venes del Barrio, Alvaro L\u00f3pez, se convers\u00f3 sobre la transformaci\u00f3n curricular del Inces \u00a0y los programas que se tienen a disposici\u00f3n de la poblaci\u00f3n.<\/span><\/p>\n<p style=\"text-align: justify;\"><span style=\"font-family: helvetica, arial, sans-serif; font-size: 14pt;\">En la actividad el responsable estadal de la fundaci\u00f3n J\u00f3venes del Barrio manifest\u00f3 la necesidad de formar y acreditar a j\u00f3venes de las comunidades que necesitan una herramienta que los motive a salir adelante.<\/span><\/p>\n<p style=\"text-align: justify;\"><span style=\"font-family: helvetica, arial, sans-serif; font-size: 14pt;\">\u00abJ\u00f3venes del Barrio tiene actividades como cine en los barrios, la vida por delante, talento de barrio y actividades recreativas dirigidas a estos j\u00f3venes con situaciones complejas\u00bb Asever\u00f3 L\u00f3pez<\/span><\/p>\n<p style=\"text-align: justify;\"><img loading=\"lazy\" decoding=\"async\" class=\"aligncenter wp-image-50713 size-full\" src=\"https:\/\/inces.gob.ve\/wp-content\/uploads\/2023\/04\/fortalecen-convenio-3-.jpeg\" alt=\"\" width=\"727\" height=\"342\" srcset=\"https:\/\/inces.gob.ve\/wp-content\/uploads\/2023\/04\/fortalecen-convenio-3-.jpeg 727w, https:\/\/inces.gob.ve\/wp-content\/uploads\/2023\/04\/fortalecen-convenio-3--300x141.jpeg 300w\" sizes=\"auto, (max-width: 727px) 100vw, 727px\" \/><\/p>\n<p style=\"text-align: justify;\"><span style=\"font-family: helvetica, arial, sans-serif; font-size: 14pt;\">Por su parte el gerente regional Daviel Rodr\u00edguez puso a disposici\u00f3n las formaciones y programas con lo que pueden apoyar a estos j\u00f3venes:<\/span><br \/>\n<span style=\"font-family: helvetica, arial, sans-serif; font-size: 14pt;\">\u00abPodemos formarlos en las \u00e1reas que requieran, Panader\u00eda, Huertos, Soldadura, textil, contamos con la acreditaci\u00f3n de saberes, el programa Bachillerato Productivo, estamos prestos a fortalecer este convenio abri\u00e9ndole la posibilidad de que adquieran conocimientos que le sirvan de impulso para la inserci\u00f3n en el campo laboral o mejor a\u00fan, poder emprender su propio negocio\u00bb agreg\u00f3.<\/span><\/p>\n<p style=\"text-align: justify;\"><span style=\"font-family: helvetica, arial, sans-serif; font-size: 14pt;\">Es de importancia mencionar que este convenio de cooperaci\u00f3n interinstitucional tiene por objetivo mancomunar esfuerzos y recursos entre J\u00f3venes del Barrio e Inces con la finalidad de garantizar la continuidad, estabilidad y transformaci\u00f3n , as\u00ed como la prestaci\u00f3n de servicios de calidad, el desarrollo de actividades en otras \u00e1reas de intercambio de saberes cient\u00edficos, tecnol\u00f3gicos en pro del \u00a0desarrollo socio productivo.<\/span><\/p>\n","protected":false},"excerpt":{"rendered":"<p>** Este convenio fue suscrito por el \u00a0presidente del Instituto Nacional de Capacitaci\u00f3n y Educaci\u00f3n Socialista (Inces), Wuikelman Angel Paredes, y el titular de la Fundaci\u00f3n J\u00f3venes del Barrio, Jos\u00e9 Luis Lugo Salazar.<\/p>\n","protected":false},"author":15,"featured_media":50711,"comment_status":"closed","ping_status":"closed","sticky":false,"template":"","format":"standard","meta":{"footnotes":""},"categories":[2],"tags":[],"class_list":["post-50710","post","type-post","status-publish","format-standard","has-post-thumbnail","hentry","category-blog"],"_links":{"self":[{"href":"https:\/\/inces.gob.ve\/index.php\/wp-json\/wp\/v2\/posts\/50710","targetHints":{"allow":["GET"]}}],"collection":[{"href":"https:\/\/inces.gob.ve\/index.php\/wp-json\/wp\/v2\/posts"}],"about":[{"href":"https:\/\/inces.gob.ve\/index.php\/wp-json\/wp\/v2\/types\/post"}],"author":[{"embeddable":true,"href":"https:\/\/inces.gob.ve\/index.php\/wp-json\/wp\/v2\/users\/15"}],"replies":[{"embeddable":true,"href":"https:\/\/inces.gob.ve\/index.php\/wp-json\/wp\/v2\/comments?post=50710"}],"version-history":[{"count":4,"href":"https:\/\/inces.gob.ve\/index.php\/wp-json\/wp\/v2\/posts\/50710\/revisions"}],"predecessor-version":[{"id":50717,"href":"https:\/\/inces.gob.ve\/index.php\/wp-json\/wp\/v2\/posts\/50710\/revisions\/50717"}],"wp:featuredmedia":[{"embeddable":true,"href":"https:\/\/inces.gob.ve\/index.php\/wp-json\/wp\/v2\/media\/50711"}],"wp:attachment":[{"href":"https:\/\/inces.gob.ve\/index.php\/wp-json\/wp\/v2\/media?parent=50710"}],"wp:term":[{"taxonomy":"category","embeddable":true,"href":"https:\/\/inces.gob.ve\/index.php\/wp-json\/wp\/v2\/categories?post=50710"},{"taxonomy":"post_tag","embeddable":true,"href":"https:\/\/inces.gob.ve\/index.php\/wp-json\/wp\/v2\/tags?post=50710"}],"curies":[{"name":"wp","href":"https:\/\/api.w.org\/{rel}","templated":true}]}}