{"id":50742,"date":"2023-04-26T12:06:39","date_gmt":"2023-04-26T16:06:39","guid":{"rendered":"https:\/\/inces.gob.ve\/?p=50742"},"modified":"2023-04-26T12:08:19","modified_gmt":"2023-04-26T16:08:19","slug":"falcon-ambito-penitenciario-del-inces-traza-estrategias-educativas","status":"publish","type":"post","link":"https:\/\/inces.gob.ve\/index.php\/2023\/04\/26\/falcon-ambito-penitenciario-del-inces-traza-estrategias-educativas\/","title":{"rendered":"FALC\u00d3N | \u00c1mbito Penitenciario del Inces traza estrategias educativas"},"content":{"rendered":"<p style=\"text-align: justify;\" align=\"center\"><em><strong><span style=\"font-family: helvetica, arial, sans-serif; font-size: 14pt;\">**La actividad se realiza en el contexto del proceso de transformaci\u00f3n curricular de la instituci\u00f3n.<\/span><\/strong><\/em><!--more--><\/p>\n<p style=\"text-align: justify;\"><span style=\"font-size: 14pt; font-family: helvetica, arial, sans-serif;\"><b>MIRIAM GONZ\u00c1LEZ VILLARROEL.<\/b><\/span><\/p>\n<p style=\"text-align: justify;\" align=\"justify\"><span style=\"font-family: helvetica, arial, sans-serif; font-size: 14pt;\">Un productivo encuentro se realiz\u00f3 en la sede de la gerencia regional del Inces en Coro, con el equipo de trabajo del Instituto Nacional de Capacitaci\u00f3n y Educaci\u00f3n Socialista y representantes de las instituciones pertenecientes al \u00c1mbito Penitenciario del estado Falc\u00f3n.<\/span><\/p>\n<p style=\"text-align: justify;\" align=\"justify\"><img loading=\"lazy\" decoding=\"async\" class=\"aligncenter wp-image-50745 size-full\" src=\"https:\/\/inces.gob.ve\/wp-content\/uploads\/2023\/04\/ambito-penitenciario-3.jpg\" alt=\"\" width=\"800\" height=\"790\" srcset=\"https:\/\/inces.gob.ve\/wp-content\/uploads\/2023\/04\/ambito-penitenciario-3.jpg 800w, https:\/\/inces.gob.ve\/wp-content\/uploads\/2023\/04\/ambito-penitenciario-3-300x296.jpg 300w, https:\/\/inces.gob.ve\/wp-content\/uploads\/2023\/04\/ambito-penitenciario-3-768x758.jpg 768w\" sizes=\"auto, (max-width: 800px) 100vw, 800px\" \/><\/p>\n<p style=\"text-align: justify;\" align=\"justify\"><span style=\"font-family: helvetica, arial, sans-serif; font-size: 14pt;\">En la actividad que se realiz\u00f3 como parte del proceso de transformaci\u00f3n curricular, t**La actividad se realiza en el contexto del proceso de transformaci\u00f3n curricular de la instituci\u00f3n.uvo como prop\u00f3sito dar a conocer la transformaci\u00f3n institucional y curricular Inces, cat\u00e1logo de formaciones, registro de los privados de libertad en el Sistema HACER del Inces y dar a conocer el equipo de trabajo del \u00c1mbito Penitenciario Inces Falc\u00f3n.<\/span><\/p>\n<p style=\"text-align: justify;\" align=\"justify\"><img loading=\"lazy\" decoding=\"async\" class=\"aligncenter wp-image-50744 size-full\" src=\"https:\/\/inces.gob.ve\/wp-content\/uploads\/2023\/04\/ambito-penitenciario-2.jpg.jpg\" alt=\"\" width=\"800\" height=\"404\" srcset=\"https:\/\/inces.gob.ve\/wp-content\/uploads\/2023\/04\/ambito-penitenciario-2.jpg.jpg 800w, https:\/\/inces.gob.ve\/wp-content\/uploads\/2023\/04\/ambito-penitenciario-2.jpg-300x152.jpg 300w, https:\/\/inces.gob.ve\/wp-content\/uploads\/2023\/04\/ambito-penitenciario-2.jpg-768x388.jpg 768w\" sizes=\"auto, (max-width: 800px) 100vw, 800px\" \/><\/p>\n<p style=\"text-align: justify;\" align=\"justify\"><span style=\"font-family: helvetica, arial, sans-serif; font-size: 14pt;\">En este mismo sentido, tambi\u00e9n se realiz\u00f3 la revisi\u00f3n de la alianza de cooperaci\u00f3n interinstitucional entre el Ministerio del Poder Popular para el Sistema Penitenciario (Mppsp) y el Inces, en cuanto la atenci\u00f3n en materia de formaci\u00f3n, certificaci\u00f3n y acreditaci\u00f3n de saberes dirigida a la poblaci\u00f3n privada de libertad; as\u00ed como, el desarrollo de proyectos productivos en los establecimientos penitenciarios, entidades de atenci\u00f3n al adolescente en conflicto con la ley penal y las unidades de atenci\u00f3n a los egresados y con beneficios del sistema penal, de acuerdo a lo establecido en la alianza de cooperaci\u00f3n.<\/span><\/p>\n<p style=\"text-align: justify;\" align=\"justify\"><span style=\"font-family: helvetica, arial, sans-serif; font-size: 14pt;\">Tambi\u00e9n, se socializaron los procesos para visualizar a posibles promotores privados de libertad voluntarios (PPLV).<\/span><\/p>\n<p style=\"text-align: justify;\" align=\"justify\"><span style=\"font-family: helvetica, arial, sans-serif; font-size: 14pt;\">Expres\u00f3, Eneyda Mart\u00ednez Rodr\u00edguez, Gerente del Inces, el encuentro tuvo como objetivo lograr un acercamiento con las instituciones que son parte fundamental del Sistema Penitenciario para lograr el proceso formativo de los privados de libertad que se encuentran en los distintos recintos penitenciarios de la regi\u00f3n, as\u00ed como tambi\u00e9n, a los supervisados que se encuentran con medidas probatorias.<\/span><\/p>\n<p style=\"text-align: justify;\" align=\"justify\"><span style=\"font-family: helvetica, arial, sans-serif; font-size: 14pt;\">Es importante destacar, en este encuentro estuvieron presentes: Daisy P\u00e9rez por la Entidad de Atenci\u00f3n Varones Coro; Zoraida Mantilla por la Comunidad Penitenciaria Coro (CPC); \u00c9lide Azuaje por las Unidades T\u00e9cnicas de Supervisi\u00f3n y Orientaci\u00f3n (UTSO) y la delegada Euclidermys Hern\u00e1ndez. Igualmente, por el Inces: Eneyda Mart\u00ednez, Gerente Regional; Karelys Riera, responsable del \u00c1mbito Penitenciario; Dany Borges, coordinador del Programa \u201cLuisa C\u00e1ceres de Arismendi\u201d y Jean Barreto, Apoyo Docente.<\/span><\/p>\n<p style=\"text-align: justify;\" align=\"justify\"><span style=\"font-family: helvetica, arial, sans-serif; font-size: 14pt;\">Prensa Inces Falc\u00f3n<\/span><\/p>\n","protected":false},"excerpt":{"rendered":"<p>**La actividad se realiza en el contexto del proceso de transformaci\u00f3n curricular de la instituci\u00f3n.<\/p>\n","protected":false},"author":15,"featured_media":50746,"comment_status":"closed","ping_status":"closed","sticky":false,"template":"","format":"standard","meta":{"footnotes":""},"categories":[2],"tags":[],"class_list":["post-50742","post","type-post","status-publish","format-standard","has-post-thumbnail","hentry","category-blog"],"_links":{"self":[{"href":"https:\/\/inces.gob.ve\/index.php\/wp-json\/wp\/v2\/posts\/50742","targetHints":{"allow":["GET"]}}],"collection":[{"href":"https:\/\/inces.gob.ve\/index.php\/wp-json\/wp\/v2\/posts"}],"about":[{"href":"https:\/\/inces.gob.ve\/index.php\/wp-json\/wp\/v2\/types\/post"}],"author":[{"embeddable":true,"href":"https:\/\/inces.gob.ve\/index.php\/wp-json\/wp\/v2\/users\/15"}],"replies":[{"embeddable":true,"href":"https:\/\/inces.gob.ve\/index.php\/wp-json\/wp\/v2\/comments?post=50742"}],"version-history":[{"count":2,"href":"https:\/\/inces.gob.ve\/index.php\/wp-json\/wp\/v2\/posts\/50742\/revisions"}],"predecessor-version":[{"id":50748,"href":"https:\/\/inces.gob.ve\/index.php\/wp-json\/wp\/v2\/posts\/50742\/revisions\/50748"}],"wp:featuredmedia":[{"embeddable":true,"href":"https:\/\/inces.gob.ve\/index.php\/wp-json\/wp\/v2\/media\/50746"}],"wp:attachment":[{"href":"https:\/\/inces.gob.ve\/index.php\/wp-json\/wp\/v2\/media?parent=50742"}],"wp:term":[{"taxonomy":"category","embeddable":true,"href":"https:\/\/inces.gob.ve\/index.php\/wp-json\/wp\/v2\/categories?post=50742"},{"taxonomy":"post_tag","embeddable":true,"href":"https:\/\/inces.gob.ve\/index.php\/wp-json\/wp\/v2\/tags?post=50742"}],"curies":[{"name":"wp","href":"https:\/\/api.w.org\/{rel}","templated":true}]}}