{"id":50819,"date":"2023-04-28T16:44:09","date_gmt":"2023-04-28T20:44:09","guid":{"rendered":"https:\/\/inces.gob.ve\/?p=50819"},"modified":"2023-04-28T16:45:04","modified_gmt":"2023-04-28T20:45:04","slug":"caracas-culminan-las-primeras-formaciones-en-el-cfs-jorge-antonio-rodriguez","status":"publish","type":"post","link":"https:\/\/inces.gob.ve\/index.php\/2023\/04\/28\/caracas-culminan-las-primeras-formaciones-en-el-cfs-jorge-antonio-rodriguez\/","title":{"rendered":"Caracas \/ Culminan las primeras formaciones en el CFS. \u201cJorge Antonio Rodr\u00edguez\u201d"},"content":{"rendered":"<div class=\"gmail_quote\" style=\"text-align: justify;\">\n<p><span style=\"font-size: 14pt; font-family: helvetica, arial, sans-serif;\"><strong><em>**El porvenir puede ser brillante, pero el porvenir no se inventa, se prepara y se planifica en el\u00a0<\/em> presente. Luis B. Prieto<\/strong><\/span><\/p>\n<p>&nbsp;<\/p>\n<\/div>\n<p><!--more--><\/p>\n<div class=\"gmail_quote\" style=\"text-align: justify;\"><span style=\"font-size: 14pt; font-family: helvetica, arial, sans-serif;\">En el Centro de Formaci\u00f3n Socialista \u201cJorge Antonio Rodr\u00edguez\u201d, bajo la responsabilidad de Madeleney Hern\u00e1ndez, ubicado en el edificio anexo del Instituto Nacional de Capacitaci\u00f3n y Educaci\u00f3n Socialista (Inces), 45 participantes finalizaron los formaciones de Administraci\u00f3n de Recursos Humanos y Bartender.<\/span><\/div>\n<div><img loading=\"lazy\" decoding=\"async\" class=\"aligncenter wp-image-50821 size-full\" src=\"https:\/\/inces.gob.ve\/wp-content\/uploads\/2023\/04\/formaciones-en-el-CFS-1--scaled-e1682714470136.jpg\" alt=\"\" width=\"800\" height=\"536\" srcset=\"https:\/\/inces.gob.ve\/wp-content\/uploads\/2023\/04\/formaciones-en-el-CFS-1--scaled-e1682714470136.jpg 800w, https:\/\/inces.gob.ve\/wp-content\/uploads\/2023\/04\/formaciones-en-el-CFS-1--scaled-e1682714470136-300x201.jpg 300w, https:\/\/inces.gob.ve\/wp-content\/uploads\/2023\/04\/formaciones-en-el-CFS-1--scaled-e1682714470136-768x515.jpg 768w, https:\/\/inces.gob.ve\/wp-content\/uploads\/2023\/04\/formaciones-en-el-CFS-1--scaled-e1682714470136-272x182.jpg 272w\" sizes=\"auto, (max-width: 800px) 100vw, 800px\" \/><\/div>\n<div class=\"gmail_quote\" style=\"text-align: justify;\"><span style=\"font-size: 14pt; font-family: helvetica, arial, sans-serif;\"><br \/>\nLos maestros t\u00e9cnicos productivos (MTP) encargados de formar a los participantes en los mencionados oficios fueron Peggy Bernal y Daniel Machado, respectivamente.<\/span><\/div>\n<div><img loading=\"lazy\" decoding=\"async\" class=\"aligncenter wp-image-50822 size-full\" src=\"https:\/\/inces.gob.ve\/wp-content\/uploads\/2023\/04\/formaciones-en-el-CFS-2--scaled-e1682714491197.jpg\" alt=\"\" width=\"800\" height=\"536\" srcset=\"https:\/\/inces.gob.ve\/wp-content\/uploads\/2023\/04\/formaciones-en-el-CFS-2--scaled-e1682714491197.jpg 800w, https:\/\/inces.gob.ve\/wp-content\/uploads\/2023\/04\/formaciones-en-el-CFS-2--scaled-e1682714491197-300x201.jpg 300w, https:\/\/inces.gob.ve\/wp-content\/uploads\/2023\/04\/formaciones-en-el-CFS-2--scaled-e1682714491197-768x515.jpg 768w, https:\/\/inces.gob.ve\/wp-content\/uploads\/2023\/04\/formaciones-en-el-CFS-2--scaled-e1682714491197-272x182.jpg 272w\" sizes=\"auto, (max-width: 800px) 100vw, 800px\" \/><\/div>\n<div class=\"gmail_quote\" style=\"text-align: justify;\"><span style=\"font-size: 14pt; font-family: helvetica, arial, sans-serif;\"><br \/>\nAl respecto Peggy Bernal expuso: \u201cEn esta \u00e1rea los participantes se capacitaron, para laborar en cualquier \u00e1rea del departamento de personal: Contrataci\u00f3n y Beneficios, Reclutamiento y selecci\u00f3n, Asesor\u00eda, Documentaci\u00f3n, Gesti\u00f3n Jur\u00eddico, Capacitaci\u00f3n y Entrenamiento, entre otras\u201d.<\/span><\/div>\n<div><img loading=\"lazy\" decoding=\"async\" class=\"aligncenter wp-image-50824 size-full\" src=\"https:\/\/inces.gob.ve\/wp-content\/uploads\/2023\/04\/formaciones-en-el-CFS-5--scaled-e1682714516793.jpg\" alt=\"\" width=\"800\" height=\"536\" srcset=\"https:\/\/inces.gob.ve\/wp-content\/uploads\/2023\/04\/formaciones-en-el-CFS-5--scaled-e1682714516793.jpg 800w, https:\/\/inces.gob.ve\/wp-content\/uploads\/2023\/04\/formaciones-en-el-CFS-5--scaled-e1682714516793-300x201.jpg 300w, https:\/\/inces.gob.ve\/wp-content\/uploads\/2023\/04\/formaciones-en-el-CFS-5--scaled-e1682714516793-768x515.jpg 768w, https:\/\/inces.gob.ve\/wp-content\/uploads\/2023\/04\/formaciones-en-el-CFS-5--scaled-e1682714516793-272x182.jpg 272w\" sizes=\"auto, (max-width: 800px) 100vw, 800px\" \/><\/div>\n<div class=\"gmail_quote\" style=\"text-align: justify;\"><span style=\"font-size: 14pt; font-family: helvetica, arial, sans-serif;\"><br \/>\nPor su parte uno de los participantes, Leudis Su\u00e1rez, dijo: \u201cEl curso que brind\u00f3 el Inces nos lleva a tener conocimientos con respecto a las contrataciones que hacen las empresas o las instituciones con las personas, adem\u00e1s obtuve las herramientas para defenderme como trabajador y puedo laboral en este oficio, porque me siento capacitado para ejercer cualquier cargo en el departamento de Recursos Humanos de cualquier empresa\u201d.<\/span><\/div>\n<div class=\"gmail_quote\" style=\"text-align: justify;\"><span style=\"font-size: 14pt; font-family: helvetica, arial, sans-serif;\"><img loading=\"lazy\" decoding=\"async\" class=\"aligncenter wp-image-50823 size-full\" src=\"https:\/\/inces.gob.ve\/wp-content\/uploads\/2023\/04\/formaciones-en-el-CFS-4--scaled-e1682714550939.jpg\" alt=\"\" width=\"800\" height=\"536\" srcset=\"https:\/\/inces.gob.ve\/wp-content\/uploads\/2023\/04\/formaciones-en-el-CFS-4--scaled-e1682714550939.jpg 800w, https:\/\/inces.gob.ve\/wp-content\/uploads\/2023\/04\/formaciones-en-el-CFS-4--scaled-e1682714550939-300x201.jpg 300w, https:\/\/inces.gob.ve\/wp-content\/uploads\/2023\/04\/formaciones-en-el-CFS-4--scaled-e1682714550939-768x515.jpg 768w, https:\/\/inces.gob.ve\/wp-content\/uploads\/2023\/04\/formaciones-en-el-CFS-4--scaled-e1682714550939-272x182.jpg 272w\" sizes=\"auto, (max-width: 800px) 100vw, 800px\" \/><br \/>\nAs\u00ed mismo al terminar el curso de Bartender, el facilitador Daniel Machado expres\u00f3: \u201cTodos estos j\u00f3venes salen preparados para el campo laboral y pueden ejercer su oficio en cualquier barra, bar de hotel,\u00a0 etc.; ellos est\u00e1n saliendo como Bartender y est\u00e1n preparados para la elaboraci\u00f3n de c\u00f3cteles, tragos, atenci\u00f3n al cliente y todo lo relacionado con el servicio de bar\u201d.<\/span><\/div>\n<div class=\"gmail_quote\" style=\"text-align: justify;\"><span style=\"font-size: 14pt; font-family: helvetica, arial, sans-serif;\"><br \/>\nJhon Capriles, participante del curso de Bartender, asegur\u00f3: \u201cPlaneo usar estos conocimientos adquiridos para trabajar y poner en pr\u00e1ctica todas las t\u00e9cnicas practicadas en el curso, para obtener unas ganancias que me ayuden a mi y mi familia desde punto de vista econ\u00f3mico y salir adelante\u201d.<\/span><\/div>\n","protected":false},"excerpt":{"rendered":"<p>**El porvenir puede ser brillante, pero el porvenir no se inventa, se prepara y se planifica en el\u00a0 presente. Luis B. Prieto &nbsp;<\/p>\n","protected":false},"author":15,"featured_media":50825,"comment_status":"closed","ping_status":"closed","sticky":false,"template":"","format":"standard","meta":{"footnotes":""},"categories":[2],"tags":[],"class_list":["post-50819","post","type-post","status-publish","format-standard","has-post-thumbnail","hentry","category-blog"],"_links":{"self":[{"href":"https:\/\/inces.gob.ve\/index.php\/wp-json\/wp\/v2\/posts\/50819","targetHints":{"allow":["GET"]}}],"collection":[{"href":"https:\/\/inces.gob.ve\/index.php\/wp-json\/wp\/v2\/posts"}],"about":[{"href":"https:\/\/inces.gob.ve\/index.php\/wp-json\/wp\/v2\/types\/post"}],"author":[{"embeddable":true,"href":"https:\/\/inces.gob.ve\/index.php\/wp-json\/wp\/v2\/users\/15"}],"replies":[{"embeddable":true,"href":"https:\/\/inces.gob.ve\/index.php\/wp-json\/wp\/v2\/comments?post=50819"}],"version-history":[{"count":2,"href":"https:\/\/inces.gob.ve\/index.php\/wp-json\/wp\/v2\/posts\/50819\/revisions"}],"predecessor-version":[{"id":50828,"href":"https:\/\/inces.gob.ve\/index.php\/wp-json\/wp\/v2\/posts\/50819\/revisions\/50828"}],"wp:featuredmedia":[{"embeddable":true,"href":"https:\/\/inces.gob.ve\/index.php\/wp-json\/wp\/v2\/media\/50825"}],"wp:attachment":[{"href":"https:\/\/inces.gob.ve\/index.php\/wp-json\/wp\/v2\/media?parent=50819"}],"wp:term":[{"taxonomy":"category","embeddable":true,"href":"https:\/\/inces.gob.ve\/index.php\/wp-json\/wp\/v2\/categories?post=50819"},{"taxonomy":"post_tag","embeddable":true,"href":"https:\/\/inces.gob.ve\/index.php\/wp-json\/wp\/v2\/tags?post=50819"}],"curies":[{"name":"wp","href":"https:\/\/api.w.org\/{rel}","templated":true}]}}