{"id":50856,"date":"2023-04-30T13:13:29","date_gmt":"2023-04-30T17:13:29","guid":{"rendered":"https:\/\/inces.gob.ve\/?p=50856"},"modified":"2023-04-30T13:13:29","modified_gmt":"2023-04-30T17:13:29","slug":"el-inces-visito-el-centro-de-resguardo-la-yaguara-de-la-cpnb-para-ofrecer-formaciones","status":"publish","type":"post","link":"https:\/\/inces.gob.ve\/index.php\/2023\/04\/30\/el-inces-visito-el-centro-de-resguardo-la-yaguara-de-la-cpnb-para-ofrecer-formaciones\/","title":{"rendered":"El Inces visito el Centro de Resguardo la Yaguara de la CPNB para ofrecer formaciones"},"content":{"rendered":"<h3 style=\"text-align: justify;\"><em><span style=\"font-family: helvetica, arial, sans-serif;\"><b>**Las personas cambian cuando se dan cuenta del potencial que tienen\u00a0<\/b><\/span><\/em><\/h3>\n<p><!--more--><\/p>\n<p style=\"text-align: justify;\">\n<p style=\"text-align: justify;\"><span style=\"font-family: helvetica, arial, sans-serif;\"><b>DIMAS P\u00c1EZ<\/b><\/span><\/p>\n<p style=\"text-align: justify;\"><span style=\"font-family: helvetica, arial, sans-serif;\"><b>F\/Maribel Lugo<\/b><\/span><\/p>\n<p style=\"text-align: justify;\">\n<p style=\"text-align: justify;\"><span style=\"font-weight: 400; font-family: helvetica, arial, sans-serif;\">Desde el Centro de Resguardo la Yaguara, del Cuerpo de Polic\u00eda Nacional Bolivariana (CPNB), se realiz\u00f3 un recorrido por los espacios productivos y se convers\u00f3 con los privados de libertad, para el Plan de Formaci\u00f3n de Facilitadores.<\/span><\/p>\n<p style=\"text-align: justify;\">\n<p style=\"text-align: justify;\"><span style=\"font-weight: 400; font-family: helvetica, arial, sans-serif;\">En total, 23 privados voluntarios y dos servidores p\u00fablicos dar\u00e1n inicio a la formaci\u00f3n de facilitadores \u201cPromotor Privado de Libertad Voluntario\u201d\u00a0 (PPLV).<\/span><\/p>\n<p style=\"text-align: justify;\">\n<p style=\"text-align: justify;\"><span style=\"font-weight: 400; font-family: helvetica, arial, sans-serif;\">Este esfuerzo es gracias al trabajo articulado entre varias instancias: Direcci\u00f3n General de la CPNB, comisario jefe Boris Olaizola; Direcci\u00f3n Estrat\u00e9gica del Instituto Nacional de Capacitaci\u00f3n de Educaci\u00f3n Socialista (Inces), Jorge P\u00e9rez y la Gerencia General de Formaci\u00f3n Profesional, Dubravska Torcatty.<\/span><\/p>\n<p style=\"text-align: justify;\"><span style=\"font-weight: 400; font-family: helvetica, arial, sans-serif;\">\u00a0<\/span><\/p>\n<p style=\"text-align: justify;\"><span style=\"font-weight: 400; font-family: helvetica, arial, sans-serif;\">En el recorrido estuvieron presentes, para acompa\u00f1ar a los procesos formativos que se impulsan en el centro, el director general del CPNB, el jefe del Centro de Resguardo, comisario Juan Zambrano y en representaci\u00f3n de la iglesia MAP \u201cRescastando Multitudes Apostol Richard Azocar\u201d Joel Calzadilla. Por el yInces estuvieron presentes la coordinadora del \u00c1mbito Penitenciario Maribel Lugo, adscrita a la Gerencia General de Formaci\u00f3n Profesional, y el jefe del Centro Metalmec\u00e1nica \u201cJaiker V\u00e1squez\u201d,\u00a0 Eudy Otaiza.<\/span><\/p>\n<p style=\"text-align: justify;\">\n<p style=\"text-align: justify;\"><span style=\"font-weight: 400; font-family: helvetica, arial, sans-serif;\">El plan de formaci\u00f3n est\u00e1 previsto, para atender 12 \u00e1reas productivas como: productos de limpieza, siembra y cultivos, panader\u00eda y pasteler\u00eda, electr\u00f3nica, electricidad, control de administraci\u00f3n, carpinter\u00eda\/tapicer\u00eda, mec\u00e1nica de motos, herrer\u00eda, m\u00fasica, gesti\u00f3n de proyectos para la sistematizaci\u00f3n de saberes y barber\u00eda.<\/span><\/p>\n<p style=\"text-align: justify;\"><span style=\"font-weight: 400; font-family: helvetica, arial, sans-serif;\">Se identific\u00f3 la posible construcci\u00f3n de dos (2) unidades curriculares en el \u00e1rea de carpinter\u00eda\/tapicer\u00eda y productos de limpieza.<\/span><\/p>\n","protected":false},"excerpt":{"rendered":"<p>**Las personas cambian cuando se dan cuenta del potencial que tienen\u00a0<\/p>\n","protected":false},"author":4,"featured_media":43166,"comment_status":"closed","ping_status":"closed","sticky":false,"template":"","format":"standard","meta":{"footnotes":""},"categories":[2],"tags":[],"class_list":["post-50856","post","type-post","status-publish","format-standard","has-post-thumbnail","hentry","category-blog"],"_links":{"self":[{"href":"https:\/\/inces.gob.ve\/index.php\/wp-json\/wp\/v2\/posts\/50856","targetHints":{"allow":["GET"]}}],"collection":[{"href":"https:\/\/inces.gob.ve\/index.php\/wp-json\/wp\/v2\/posts"}],"about":[{"href":"https:\/\/inces.gob.ve\/index.php\/wp-json\/wp\/v2\/types\/post"}],"author":[{"embeddable":true,"href":"https:\/\/inces.gob.ve\/index.php\/wp-json\/wp\/v2\/users\/4"}],"replies":[{"embeddable":true,"href":"https:\/\/inces.gob.ve\/index.php\/wp-json\/wp\/v2\/comments?post=50856"}],"version-history":[{"count":1,"href":"https:\/\/inces.gob.ve\/index.php\/wp-json\/wp\/v2\/posts\/50856\/revisions"}],"predecessor-version":[{"id":50857,"href":"https:\/\/inces.gob.ve\/index.php\/wp-json\/wp\/v2\/posts\/50856\/revisions\/50857"}],"wp:featuredmedia":[{"embeddable":true,"href":"https:\/\/inces.gob.ve\/index.php\/wp-json\/wp\/v2\/media\/43166"}],"wp:attachment":[{"href":"https:\/\/inces.gob.ve\/index.php\/wp-json\/wp\/v2\/media?parent=50856"}],"wp:term":[{"taxonomy":"category","embeddable":true,"href":"https:\/\/inces.gob.ve\/index.php\/wp-json\/wp\/v2\/categories?post=50856"},{"taxonomy":"post_tag","embeddable":true,"href":"https:\/\/inces.gob.ve\/index.php\/wp-json\/wp\/v2\/tags?post=50856"}],"curies":[{"name":"wp","href":"https:\/\/api.w.org\/{rel}","templated":true}]}}