{"id":50905,"date":"2023-05-02T12:43:37","date_gmt":"2023-05-02T16:43:37","guid":{"rendered":"https:\/\/inces.gob.ve\/?p=50905"},"modified":"2023-05-02T12:43:37","modified_gmt":"2023-05-02T16:43:37","slug":"tachira-inces-forma-a-42-jovenes-con-capacidades-especiales","status":"publish","type":"post","link":"https:\/\/inces.gob.ve\/index.php\/2023\/05\/02\/tachira-inces-forma-a-42-jovenes-con-capacidades-especiales\/","title":{"rendered":"T\u00c1CHIRA | Inces forma a 42 j\u00f3venes con capacidades especiales"},"content":{"rendered":"<p style=\"text-align: justify;\"><em><span style=\"font-family: helvetica, arial, sans-serif; font-size: 14pt;\"><b>** Inces forma a 42 j\u00f3venes con capacidades especiales en T\u00e1chira<\/b><\/span><\/em><!--more--><\/p>\n<p style=\"text-align: justify;\">\n<p style=\"text-align: justify;\"><strong><span style=\"font-family: helvetica, arial, sans-serif; font-size: 14pt;\">LINNY DELGADO <\/span><\/strong><\/p>\n<p style=\"text-align: justify;\"><span style=\"font-family: helvetica, arial, sans-serif; font-size: 14pt;\">El Instituto Nacional de Capacitaci\u00f3n y Educaci\u00f3n Socialista (Inces) T\u00e1chira, brindar\u00e1 formaci\u00f3n t\u00e9cnica profesional en Panader\u00eda Artesanal y Reposter\u00eda a 42 j\u00f3venes estudiantes del Taller de Educaci\u00f3n Laboral modalidad Educaci\u00f3n Especial del municipio San Crist\u00f3bal.<\/span><\/p>\n<p>&nbsp;<\/p>\n<p style=\"text-align: justify;\"><span style=\"font-family: helvetica, arial, sans-serif; font-size: 14pt;\">Con un significativo acto, el Inces dio inicio a la formaci\u00f3n de Panader\u00eda, que tendr\u00e1 una duraci\u00f3n de 88 horas y est\u00e1 dirigida a j\u00f3venes de 15 a\u00f1os, que realizan sus estudios en el taller laboral; quienes ser\u00e1n capacitados para aprender la t\u00e9cnica en oficios productivos.<\/span><\/p>\n<p>&nbsp;<\/p>\n<p style=\"text-align: justify;\"><span style=\"font-family: helvetica, arial, sans-serif; font-size: 14pt;\">Durante la actividad, estuvieron presentes directivos y profesores del Taller Laboral, quienes expresaron gran entusiasmo por la iniciativa, que ofrece a estos j\u00f3venes, la oportunidad de <\/span><span style=\"font-family: helvetica, arial, sans-serif; font-size: 14pt;\">que puedan formarse y efectuar su propio emprendimiento.<\/span><\/p>\n<p>&nbsp;<\/p>\n<p style=\"text-align: justify;\"><span style=\"font-family: helvetica, arial, sans-serif; font-size: 14pt;\">Doris Devia, directora del Taller de Educaci\u00f3n Laboral, inform\u00f3 que la instituci\u00f3n ha contado en reiteradas oportunidades con el apoyo del Inces y hoy nuevamente hacen realidad este importante proyecto.<\/span><\/p>\n<p>&nbsp;<\/p>\n<p style=\"text-align: justify;\"><span style=\"font-family: helvetica, arial, sans-serif; font-size: 14pt;\">\u201cEl Inces siempre ha abierto sus puertas para beneficiar nuestros muchachos, en su proyecto de vida; para capacitarlos en cualquier arte u oficio que les sirva a ellos para poder desenvolverse de manera independiente en la vida\u201d.<\/span><\/p>\n<p>&nbsp;<\/p>\n<p style=\"text-align: justify;\"><span style=\"font-family: helvetica, arial, sans-serif; font-size: 14pt;\">Por su parte Geovanni Gonz\u00e1lez, gerente regional del Inces T\u00e1chira, a\u00f1adi\u00f3 que la capacitaci\u00f3n de estos j\u00f3venes forma parte del Plan de Formaci\u00f3n T\u00e9cnico profesional que adelanta el Inces en todo el pa\u00eds, el cual no solo los formar\u00e1 en el \u00e1rea gastron\u00f3mica, sino adem\u00e1s recibir\u00e1n capacitaci\u00f3n en el \u00e1rea textil e industrial.<\/span><\/p>\n<p>&nbsp;<\/p>\n<p style=\"text-align: justify;\"><span style=\"font-family: helvetica, arial, sans-serif; font-size: 14pt;\">\u201cNos encontramos llevando a cabo un inicio de formaci\u00f3n para j\u00f3venes con capacidades especiales en el \u00e1rea de panader\u00eda, en el \u00e1rea textil y en el \u00e1rea industrial, como es reparaci\u00f3n de m\u00e1quinas de coser; d\u00e1ndoles las herramientas a estos j\u00f3venes, para el emprendimiento y la producci\u00f3n. Repetimos, esto en el marco del inicio de la formaci\u00f3n, que est\u00e1 realizando el Inces en m\u00e1s de 500 ocupaciones productivas\u201d, puntualiz\u00f3 Gonz\u00e1lez.<\/span><\/p>\n","protected":false},"excerpt":{"rendered":"<p>** Inces forma a 42 j\u00f3venes con capacidades especiales en T\u00e1chira<\/p>\n","protected":false},"author":4,"featured_media":50906,"comment_status":"closed","ping_status":"closed","sticky":false,"template":"","format":"standard","meta":{"footnotes":""},"categories":[2],"tags":[],"class_list":["post-50905","post","type-post","status-publish","format-standard","has-post-thumbnail","hentry","category-blog"],"_links":{"self":[{"href":"https:\/\/inces.gob.ve\/index.php\/wp-json\/wp\/v2\/posts\/50905","targetHints":{"allow":["GET"]}}],"collection":[{"href":"https:\/\/inces.gob.ve\/index.php\/wp-json\/wp\/v2\/posts"}],"about":[{"href":"https:\/\/inces.gob.ve\/index.php\/wp-json\/wp\/v2\/types\/post"}],"author":[{"embeddable":true,"href":"https:\/\/inces.gob.ve\/index.php\/wp-json\/wp\/v2\/users\/4"}],"replies":[{"embeddable":true,"href":"https:\/\/inces.gob.ve\/index.php\/wp-json\/wp\/v2\/comments?post=50905"}],"version-history":[{"count":2,"href":"https:\/\/inces.gob.ve\/index.php\/wp-json\/wp\/v2\/posts\/50905\/revisions"}],"predecessor-version":[{"id":50971,"href":"https:\/\/inces.gob.ve\/index.php\/wp-json\/wp\/v2\/posts\/50905\/revisions\/50971"}],"wp:featuredmedia":[{"embeddable":true,"href":"https:\/\/inces.gob.ve\/index.php\/wp-json\/wp\/v2\/media\/50906"}],"wp:attachment":[{"href":"https:\/\/inces.gob.ve\/index.php\/wp-json\/wp\/v2\/media?parent=50905"}],"wp:term":[{"taxonomy":"category","embeddable":true,"href":"https:\/\/inces.gob.ve\/index.php\/wp-json\/wp\/v2\/categories?post=50905"},{"taxonomy":"post_tag","embeddable":true,"href":"https:\/\/inces.gob.ve\/index.php\/wp-json\/wp\/v2\/tags?post=50905"}],"curies":[{"name":"wp","href":"https:\/\/api.w.org\/{rel}","templated":true}]}}