{"id":50913,"date":"2023-05-02T14:41:44","date_gmt":"2023-05-02T18:41:44","guid":{"rendered":"https:\/\/inces.gob.ve\/?p=50913"},"modified":"2023-05-02T14:48:18","modified_gmt":"2023-05-02T18:48:18","slug":"detras-de-un-departamento-audiovisual-bregan-seres-comprometidos-con-la-verdad","status":"publish","type":"post","link":"https:\/\/inces.gob.ve\/index.php\/2023\/05\/02\/detras-de-un-departamento-audiovisual-bregan-seres-comprometidos-con-la-verdad\/","title":{"rendered":"Detr\u00e1s de un Departamento Audiovisual bregan seres comprometidos con la verdad"},"content":{"rendered":"<p align=\"justify\"><span style=\"font-family: helvetica, sans-serif;\"><span style=\"font-size: large;\"><i><b>*** De estas unidades deben surgir buenos guiones, textos y gr\u00e1ficas, planes de producci\u00f3n realistas, buenos an\u00e1lisis de los tiempos y las dimensiones de lo escrito, racionalizaci\u00f3n de los recursos disponibles y cuidado de detalles de \u00faltima hora o de post producci\u00f3n\u2026<\/b><\/i><\/span><\/span><!--more--><\/p>\n<p align=\"justify\"><span style=\"font-family: helvetica, sans-serif;\"><span style=\"font-size: large;\">Es sabido en el Instituto Nacional de Capacitaci\u00f3n y Educaci\u00f3n Socialista (Inces) que los medios audiovisuales\u00a0ayudan a presentar conceptos de una manera objetiva, clara y accesible. Adem\u00e1s de proporcionar diferentes medios de aprendizaje, como corresponde al campo educativo, y estimulando el inter\u00e9s, la motivaci\u00f3n del participante a la vez renovando la capacidad de atenci\u00f3n y ayuda a retener las ideas por m\u00e1s tiempo.<\/span><\/span><\/p>\n<p align=\"justify\"><span style=\"font-family: helvetica, sans-serif;\"><span style=\"font-size: large;\">Un comunicador audiovisual planifica, estructura y realiza productos desde una perspectiva creativa, est\u00e9tica y tecnol\u00f3gica, y los expresa a trav\u00e9s de im\u00e1genes, textos y sonidos. Para tal fin, integra el uso de los lenguajes audiovisuales, la apreciaci\u00f3n est\u00e9tica y el conocimiento de las estructuras narrativas.<\/span><\/span><\/p>\n<p align=\"justify\"><img loading=\"lazy\" decoding=\"async\" class=\"aligncenter wp-image-50914 size-full\" src=\"https:\/\/inces.gob.ve\/wp-content\/uploads\/2023\/05\/guiones-textos-y-graficas-1--e1683052711719.jpeg\" alt=\"\" width=\"800\" height=\"600\" srcset=\"https:\/\/inces.gob.ve\/wp-content\/uploads\/2023\/05\/guiones-textos-y-graficas-1--e1683052711719.jpeg 800w, https:\/\/inces.gob.ve\/wp-content\/uploads\/2023\/05\/guiones-textos-y-graficas-1--e1683052711719-300x225.jpeg 300w, https:\/\/inces.gob.ve\/wp-content\/uploads\/2023\/05\/guiones-textos-y-graficas-1--e1683052711719-768x576.jpeg 768w, https:\/\/inces.gob.ve\/wp-content\/uploads\/2023\/05\/guiones-textos-y-graficas-1--e1683052711719-136x102.jpeg 136w\" sizes=\"auto, (max-width: 800px) 100vw, 800px\" \/><\/p>\n<p align=\"justify\"><span style=\"font-family: helvetica, sans-serif;\"><span style=\"font-size: large;\">Desde hace d\u00e9cadas en los a\u00f1os 60, el Inces cuenta con un departamento que agrupa profesionales dados al empe\u00f1o de desarrollar ideas y resolver problemas con habilidades para manejar diferentes equipos t\u00e9cnicos como c\u00e1maras fotogr\u00e1ficas, video, equipos de sonido y sistemas de montaje. <\/span><\/span><\/p>\n<p align=\"justify\"><span style=\"font-family: helvetica, sans-serif;\"><span style=\"font-size: large;\">Conforman este equipo, entre otros, dos personas de juventud acumulada que desbordan voluntad hacia el trabajo y flexibilidad en la acci\u00f3n. Ellos son el emblem\u00e1tico Rafael \u00c1ngel Urbina (Fot\u00f3grafo) y Dimas P\u00e1ez (Comunicador Social). Con ellos y su trabajo diario, transcurri\u00f3 la tertulia del programa radial \u201cSomos Inces\u201d 237, que como todos los martes, en nuevo horario, se emite de 9 a 10 de la ma\u00f1ana por la voz de la verdad, Radio Miraflores.<\/span><\/span><\/p>\n<p align=\"justify\"><span style=\"font-family: helvetica, sans-serif;\"><span style=\"font-size: large;\">Urbina es un ejemplo de tes\u00f3n laboral, con muy breve interrupci\u00f3n en su desempe\u00f1o hist\u00f3rico, como producto de su jubilaci\u00f3n, regres\u00f3 para \u201cpatear calle\u201d como toda su vida y est\u00e1 muy cerca de los 60 a\u00f1os en la instituci\u00f3n.<\/span><\/span><\/p>\n<p align=\"justify\">\u201c<span style=\"font-family: helvetica, sans-serif;\"><span style=\"font-size: large;\">La fotograf\u00eda ha logrado ubicarse en todos los \u00e1mbitos (artes, prensa, familia etc\u00e9tera) y se apoder\u00f3 del mundo. Es el basti\u00f3n del recuerdo profesional, social y familiar\u201d. Bajo su cabellera todav\u00eda abundante y cana, afirma Rafael que fotograf\u00eda y prensa son una simbiosis indisoluble, una dupla inquebrantable. \u201cLo que el periodista plantea en el texto, yo lo complemento en la gr\u00e1fica\u201d.<\/span><\/span><\/p>\n<p align=\"justify\"><span style=\"font-family: helvetica, sans-serif;\"><span style=\"font-size: large;\">La ocasi\u00f3n es propicia para expresar su consejo a los n\u00f3veles participantes: conozcan la historia y el ciclo evolutivo de la fotograf\u00eda. Hay que documentarse, formarse y actualizarse diariamente.<\/span><\/span><\/p>\n<p align=\"justify\"><span style=\"font-family: helvetica, sans-serif;\"><span style=\"font-size: large;\">El otro muchacho es el comunicador Dimas P\u00e1ez, quien se entusiasm\u00f3 con el oficio acompa\u00f1ando a otros ya formados. Considera que el fotoreportero es la mano derecha del periodista y que ambos se mantienen por su labor, en permanente actualizaci\u00f3n nacional e internacional.<\/span><\/span><\/p>\n<p align=\"justify\"><span style=\"font-family: helvetica, sans-serif;\"><span style=\"font-size: large;\">Directo en sus referencias manifiesta que el comunicador de hoy, a pesar de los inmensos avances tecnol\u00f3gicos, debe sustentarse en la verdad, con objetividad e imparcialidad, dejando que las opiniones se las elabore el propio lector o espectador. \u201cRecomiendo a las generaciones por venir, solo expresar o exponer lo visto y averiguado. La creatividad tiene otros escenarios\u201d.<\/span><\/span><\/p>\n<p align=\"justify\"><span style=\"font-family: helvetica, sans-serif;\"><span style=\"font-size: large;\">Como dato final para el lector, el Inces est\u00e1 manejando un nuevo perfil curricular en Fotograf\u00eda Digital y como siempre, invita a la colectividad a involucrarse en la nueva Escuela de Medios y Comunicaci\u00f3n Inces, donde conviven aprendizajes vitales para la Venezuela de hoy.<\/span><\/span><\/p>\n","protected":false},"excerpt":{"rendered":"<p>*** De estas unidades deben surgir buenos guiones, textos y gr\u00e1ficas, planes de producci\u00f3n realistas, buenos an\u00e1lisis de los tiempos y las dimensiones de lo escrito, racionalizaci\u00f3n de los recursos disponibles y cuidado de detalles de \u00faltima hora o de post producci\u00f3n\u2026<\/p>\n","protected":false},"author":15,"featured_media":50915,"comment_status":"closed","ping_status":"closed","sticky":false,"template":"","format":"standard","meta":{"footnotes":""},"categories":[2],"tags":[],"class_list":["post-50913","post","type-post","status-publish","format-standard","has-post-thumbnail","hentry","category-blog"],"_links":{"self":[{"href":"https:\/\/inces.gob.ve\/index.php\/wp-json\/wp\/v2\/posts\/50913","targetHints":{"allow":["GET"]}}],"collection":[{"href":"https:\/\/inces.gob.ve\/index.php\/wp-json\/wp\/v2\/posts"}],"about":[{"href":"https:\/\/inces.gob.ve\/index.php\/wp-json\/wp\/v2\/types\/post"}],"author":[{"embeddable":true,"href":"https:\/\/inces.gob.ve\/index.php\/wp-json\/wp\/v2\/users\/15"}],"replies":[{"embeddable":true,"href":"https:\/\/inces.gob.ve\/index.php\/wp-json\/wp\/v2\/comments?post=50913"}],"version-history":[{"count":2,"href":"https:\/\/inces.gob.ve\/index.php\/wp-json\/wp\/v2\/posts\/50913\/revisions"}],"predecessor-version":[{"id":50917,"href":"https:\/\/inces.gob.ve\/index.php\/wp-json\/wp\/v2\/posts\/50913\/revisions\/50917"}],"wp:featuredmedia":[{"embeddable":true,"href":"https:\/\/inces.gob.ve\/index.php\/wp-json\/wp\/v2\/media\/50915"}],"wp:attachment":[{"href":"https:\/\/inces.gob.ve\/index.php\/wp-json\/wp\/v2\/media?parent=50913"}],"wp:term":[{"taxonomy":"category","embeddable":true,"href":"https:\/\/inces.gob.ve\/index.php\/wp-json\/wp\/v2\/categories?post=50913"},{"taxonomy":"post_tag","embeddable":true,"href":"https:\/\/inces.gob.ve\/index.php\/wp-json\/wp\/v2\/tags?post=50913"}],"curies":[{"name":"wp","href":"https:\/\/api.w.org\/{rel}","templated":true}]}}