{"id":50918,"date":"2023-05-03T13:40:46","date_gmt":"2023-05-03T17:40:46","guid":{"rendered":"https:\/\/inces.gob.ve\/?p=50918"},"modified":"2023-05-05T08:05:06","modified_gmt":"2023-05-05T12:05:06","slug":"escuela-de-emprendedores-realizo-una-charla-sobre-la-estructura-organizativa-de-una-empresa-o-emprendimiento","status":"publish","type":"post","link":"https:\/\/inces.gob.ve\/index.php\/2023\/05\/03\/escuela-de-emprendedores-realizo-una-charla-sobre-la-estructura-organizativa-de-una-empresa-o-emprendimiento\/","title":{"rendered":"Escuela de Emprendedores realiz\u00f3 una charla sobre la estructura organizativa de una empresa o emprendimiento"},"content":{"rendered":"<p dir=\"ltr\" style=\"text-align: justify;\"><em><strong><span style=\"font-family: helvetica, arial, sans-serif; font-size: 14pt;\">**Las pol\u00edticas de emprendimiento, dise\u00f1adas por el Gobierno Bolivariano, han tenido un impulso importante y cuenta con la Ley de Est\u00edmulo y Protecci\u00f3n al Emprendimiento<\/span><\/strong><\/em><!--more--><\/p>\n<p dir=\"ltr\">\n<p dir=\"ltr\" style=\"text-align: justify;\"><strong><span style=\"font-family: helvetica, arial, sans-serif; font-size: 14pt;\">DIMAS P\u00c1EZ<\/span><\/strong><\/p>\n<p dir=\"ltr\" style=\"text-align: justify;\"><span style=\"font-family: helvetica, arial, sans-serif; font-size: 14pt;\">F\/Rafael Urbina<\/span><\/p>\n<p dir=\"ltr\">\n<p dir=\"ltr\" style=\"text-align: justify;\"><span style=\"font-family: helvetica, arial, sans-serif; font-size: 14pt;\">La Escuela de Emprendedores del Instituto Nacional de Capacitaci\u00f3n y Educaci\u00f3n Socialista (Inces), ubicada en el edificio anexo de la sede principal del ente,\u00a0 dict\u00f3 la charla \u201cEstructura Organizativa de una Empresa o Emprendimiento\u201d, con la idea de enriquecer el conocimiento de los asistentes sobre la materia. La actividad estuvo a cargo de los facilitadores Carlos Izquierdo y Maryori Guerrero.<\/span><\/p>\n<p dir=\"ltr\">\n<p dir=\"ltr\" style=\"text-align: justify;\"><span style=\"font-family: helvetica, arial, sans-serif; font-size: 14pt;\">Los temas tratados en la charla fueron: comercializacion, impuesto, branding (marca), redes sociales, marketing, creaci\u00f3n de empresas, facturaci\u00f3n, entre otros.<\/span><\/p>\n<p dir=\"ltr\">\n<p style=\"text-align: justify;\"><img loading=\"lazy\" decoding=\"async\" class=\"aligncenter wp-image-50920 size-large\" src=\"https:\/\/inces.gob.ve\/wp-content\/uploads\/2023\/05\/DSC_0523-1024x685.jpg\" alt=\"\" width=\"640\" height=\"428\" srcset=\"https:\/\/inces.gob.ve\/wp-content\/uploads\/2023\/05\/DSC_0523-1024x685.jpg 1024w, https:\/\/inces.gob.ve\/wp-content\/uploads\/2023\/05\/DSC_0523-300x201.jpg 300w, https:\/\/inces.gob.ve\/wp-content\/uploads\/2023\/05\/DSC_0523-768x514.jpg 768w, https:\/\/inces.gob.ve\/wp-content\/uploads\/2023\/05\/DSC_0523-1536x1028.jpg 1536w, https:\/\/inces.gob.ve\/wp-content\/uploads\/2023\/05\/DSC_0523-2048x1371.jpg 2048w, https:\/\/inces.gob.ve\/wp-content\/uploads\/2023\/05\/DSC_0523-272x182.jpg 272w\" sizes=\"auto, (max-width: 640px) 100vw, 640px\" \/><\/p>\n<p dir=\"ltr\" style=\"text-align: justify;\"><span style=\"font-family: helvetica, arial, sans-serif; font-size: 14pt;\">Carlos Izquierdo, declar\u00f3: \u201cEsta charla les sirve a los emprendedores para organizarse mejor y conocer una forma distinta de llevar su emprendimiento. Hacer que su idea sea factible y sostenible, pero sobre todo, que sea constante, que le permita\u00a0 salir adelante y que puedan convertir su idea en una realidad\u201d.<\/span><\/p>\n<p style=\"text-align: justify;\"><img loading=\"lazy\" decoding=\"async\" class=\"aligncenter wp-image-50922 size-full\" src=\"https:\/\/inces.gob.ve\/wp-content\/uploads\/2023\/05\/DSC_0530-scaled-e1683135564300.jpg\" alt=\"\" width=\"800\" height=\"536\" srcset=\"https:\/\/inces.gob.ve\/wp-content\/uploads\/2023\/05\/DSC_0530-scaled-e1683135564300.jpg 800w, https:\/\/inces.gob.ve\/wp-content\/uploads\/2023\/05\/DSC_0530-scaled-e1683135564300-300x201.jpg 300w, https:\/\/inces.gob.ve\/wp-content\/uploads\/2023\/05\/DSC_0530-scaled-e1683135564300-768x515.jpg 768w, https:\/\/inces.gob.ve\/wp-content\/uploads\/2023\/05\/DSC_0530-scaled-e1683135564300-272x182.jpg 272w\" sizes=\"auto, (max-width: 800px) 100vw, 800px\" \/><\/p>\n<p dir=\"ltr\" style=\"text-align: justify;\"><span style=\"font-family: helvetica, arial, sans-serif; font-size: 14pt;\">Aqu\u00ed se mencionaron temas como por ejemplo la misi\u00f3n (qu\u00e9 hacemos), la visi\u00f3n (a d\u00f3nde queremos ir) y los valores que son los que construyen el emprendimiento y lo que le da fiabilidad al cliente. Aqu\u00ed les entregamos unas herramientas. Aparte de ello, hablamos del branding (marca) y la estructura de costo, que es muy importante para que el emprendedor pueda seguir adelante y que su proyecto se mantenga en el tiempo.<\/span><\/p>\n<p style=\"text-align: justify;\"><img loading=\"lazy\" decoding=\"async\" class=\"aligncenter wp-image-50919 size-full\" src=\"https:\/\/inces.gob.ve\/wp-content\/uploads\/2023\/05\/DSC_0522-scaled-e1683135583970.jpg\" alt=\"\" width=\"800\" height=\"536\" srcset=\"https:\/\/inces.gob.ve\/wp-content\/uploads\/2023\/05\/DSC_0522-scaled-e1683135583970.jpg 800w, https:\/\/inces.gob.ve\/wp-content\/uploads\/2023\/05\/DSC_0522-scaled-e1683135583970-300x201.jpg 300w, https:\/\/inces.gob.ve\/wp-content\/uploads\/2023\/05\/DSC_0522-scaled-e1683135583970-768x515.jpg 768w, https:\/\/inces.gob.ve\/wp-content\/uploads\/2023\/05\/DSC_0522-scaled-e1683135583970-272x182.jpg 272w\" sizes=\"auto, (max-width: 800px) 100vw, 800px\" \/><\/p>\n<p dir=\"ltr\" style=\"text-align: justify;\"><span style=\"font-family: helvetica, arial, sans-serif; font-size: 14pt;\">Es muy importante que se eduquen en los temas ya mencionados, porque en alg\u00fan momento van a ser emprendedores y luego empresarios y tienen que formalizar sus emprendimientos, crear las actas constitutivas, llevar los impuestos, y por eso necesitan tener un conocimiento, \u00bfpara qu\u00e9?, para que por desconocimiento no caigan en incumplimiento de la ley y puedan llevar sus emprendimientos de manera legal. Adem\u00e1s puedan optar por los cr\u00e9ditos que en estos momentos hay.<\/span><\/p>\n<p dir=\"ltr\" style=\"text-align: justify;\"><span style=\"font-family: helvetica, arial, sans-serif; font-size: 14pt;\">Por su parte Maryori\u00a0 Guerrero les hizo la invitaci\u00f3n a los emprendedores y emprendedoras, para que se acerquen a la escuela del Inces sede y participen\u00a0 en las charlas que se dictan, para adquirir los conocimientos apropiados, para cumplir sus sue\u00f1os y alcanzar sus metas.<\/span><\/p>\n","protected":false},"excerpt":{"rendered":"<p>**Las pol\u00edticas de emprendimiento, dise\u00f1adas por el Gobierno Bolivariano, han tenido un impulso importante y cuenta con la Ley de Est\u00edmulo y Protecci\u00f3n al Emprendimiento<\/p>\n","protected":false},"author":15,"featured_media":50921,"comment_status":"closed","ping_status":"closed","sticky":false,"template":"","format":"standard","meta":{"footnotes":""},"categories":[2],"tags":[],"class_list":["post-50918","post","type-post","status-publish","format-standard","has-post-thumbnail","hentry","category-blog"],"_links":{"self":[{"href":"https:\/\/inces.gob.ve\/index.php\/wp-json\/wp\/v2\/posts\/50918","targetHints":{"allow":["GET"]}}],"collection":[{"href":"https:\/\/inces.gob.ve\/index.php\/wp-json\/wp\/v2\/posts"}],"about":[{"href":"https:\/\/inces.gob.ve\/index.php\/wp-json\/wp\/v2\/types\/post"}],"author":[{"embeddable":true,"href":"https:\/\/inces.gob.ve\/index.php\/wp-json\/wp\/v2\/users\/15"}],"replies":[{"embeddable":true,"href":"https:\/\/inces.gob.ve\/index.php\/wp-json\/wp\/v2\/comments?post=50918"}],"version-history":[{"count":4,"href":"https:\/\/inces.gob.ve\/index.php\/wp-json\/wp\/v2\/posts\/50918\/revisions"}],"predecessor-version":[{"id":50974,"href":"https:\/\/inces.gob.ve\/index.php\/wp-json\/wp\/v2\/posts\/50918\/revisions\/50974"}],"wp:featuredmedia":[{"embeddable":true,"href":"https:\/\/inces.gob.ve\/index.php\/wp-json\/wp\/v2\/media\/50921"}],"wp:attachment":[{"href":"https:\/\/inces.gob.ve\/index.php\/wp-json\/wp\/v2\/media?parent=50918"}],"wp:term":[{"taxonomy":"category","embeddable":true,"href":"https:\/\/inces.gob.ve\/index.php\/wp-json\/wp\/v2\/categories?post=50918"},{"taxonomy":"post_tag","embeddable":true,"href":"https:\/\/inces.gob.ve\/index.php\/wp-json\/wp\/v2\/tags?post=50918"}],"curies":[{"name":"wp","href":"https:\/\/api.w.org\/{rel}","templated":true}]}}