{"id":50925,"date":"2023-05-03T14:21:46","date_gmt":"2023-05-03T18:21:46","guid":{"rendered":"https:\/\/inces.gob.ve\/?p=50925"},"modified":"2023-05-03T14:21:46","modified_gmt":"2023-05-03T18:21:46","slug":"cojedes-mujer-productiva-inces-junto-a-la-hermandad-catolica-celebra-el-dia-internacional-del-trabajador","status":"publish","type":"post","link":"https:\/\/inces.gob.ve\/index.php\/2023\/05\/03\/cojedes-mujer-productiva-inces-junto-a-la-hermandad-catolica-celebra-el-dia-internacional-del-trabajador\/","title":{"rendered":"COJEDES | Mujer productiva Inces junto a la hermandad Cat\u00f3lica Celebra el D\u00eda Internacional del Trabajador"},"content":{"rendered":"<p style=\"text-align: justify;\"><strong><em><span style=\"font-family: helvetica, arial, sans-serif; font-size: 14pt;\">** Las mujeres que se unen al campo productivo son cada d\u00edas m\u00e1s<\/span><\/em><\/strong><!--more--><\/p>\n<p style=\"text-align: justify;\">\n<p style=\"text-align: justify;\"><strong><span style=\"font-family: helvetica, arial, sans-serif; font-size: 14pt;\">NATALY REYES<\/span><\/strong><\/p>\n<p style=\"text-align: justify;\"><strong><span style=\"font-family: helvetica, arial, sans-serif; font-size: 14pt;\">F\/ Carlos Hern\u00e1ndez<\/span><\/strong><\/p>\n<p style=\"text-align: justify;\">\n<p style=\"text-align: justify;\"><span style=\"font-weight: 400; font-family: helvetica, arial, sans-serif; font-size: 14pt;\">Como parte de las celebraciones del D\u00eda del Trabajador, la Coordinaci\u00f3n Mujer Inces Productiva y el grupo Infancia Misionera de la Iglesia Cat\u00f3lica Nuestra Se\u00f1ora de la Chiquinquir\u00e1, del municipio Tinaco del estado Cojedes, decidieron preparar un d\u00eda recreativo y de oraci\u00f3n para conocer las bellezas naturales del sector.\u00a0<\/span><\/p>\n<p style=\"text-align: justify;\">\n<p style=\"text-align: justify;\"><span style=\"font-weight: 400; font-family: helvetica, arial, sans-serif; font-size: 14pt;\">Durante este paseo, los participantes degustaron las recetas gastron\u00f3micas de diferentes salsas preparadas por la Mujer Productiva Erika Suarez, qui\u00e9n ense\u00f1a en sus formaci\u00f3n de cocina los famosos bollos ali\u00f1ados.<\/span><\/p>\n<p style=\"text-align: justify;\">\n<p style=\"text-align: justify;\"><span style=\"font-weight: 400; font-family: helvetica, arial, sans-serif; font-size: 14pt;\">Como parte del paseo, los asistentes degustaron ricas salsas\u00a0 preparadas con base de berenjenas, piment\u00f3n y ali\u00f1os mixtos.<\/span><\/p>\n<p style=\"text-align: justify;\">\n<p style=\"text-align: justify;\"><span style=\"font-weight: 400; font-family: helvetica, arial, sans-serif; font-size: 14pt;\">Adem\u00e1s, pudieron disfrutar de postres con base en la cocina criolla, tales como la rica chicha de harina de topocho disecado y el famoso quesillo de harina de ma\u00edz, el cual en Inces productivo siempre es procesado por los participantes.<\/span><\/p>\n<p style=\"text-align: justify;\">\n<p style=\"text-align: justify;\"><span style=\"font-weight: 400; font-family: helvetica, arial, sans-serif; font-size: 14pt;\">Al respecto, Nancy Perez, coordinadora de Mujeres Productivas Inces, explic\u00f3 la importancia de compartir momentos de diversi\u00f3n y experiencias vividas con personas creativas, emprendedoras y productivas: \u201cEsto puede servir de motivaci\u00f3n para nuestros entornos familiares, comunitarios o institucionales\u00bb.\u00a0<\/span><\/p>\n<p style=\"text-align: justify;\">\n<p style=\"text-align: justify;\"><span style=\"font-weight: 400; font-family: helvetica, arial, sans-serif; font-size: 14pt;\">Finalmente dijo: \u201cEsta actividad no solo fue un momento de celebraci\u00f3n por el D\u00eda del Trabajador, sino tambi\u00e9n junto a nuestra hermandad cat\u00f3lica, una oportunidad para valorar y agradecer a Dios todo lo que a trav\u00e9s de la naturaleza \u00c8l nos ofrece\u00bb.<\/span><\/p>\n<p style=\"text-align: justify;\">\n","protected":false},"excerpt":{"rendered":"<p>** Las mujeres que se unen al campo productivo son cada d\u00edas m\u00e1s<\/p>\n","protected":false},"author":4,"featured_media":50926,"comment_status":"closed","ping_status":"closed","sticky":false,"template":"","format":"standard","meta":{"footnotes":""},"categories":[2],"tags":[],"class_list":["post-50925","post","type-post","status-publish","format-standard","has-post-thumbnail","hentry","category-blog"],"_links":{"self":[{"href":"https:\/\/inces.gob.ve\/index.php\/wp-json\/wp\/v2\/posts\/50925","targetHints":{"allow":["GET"]}}],"collection":[{"href":"https:\/\/inces.gob.ve\/index.php\/wp-json\/wp\/v2\/posts"}],"about":[{"href":"https:\/\/inces.gob.ve\/index.php\/wp-json\/wp\/v2\/types\/post"}],"author":[{"embeddable":true,"href":"https:\/\/inces.gob.ve\/index.php\/wp-json\/wp\/v2\/users\/4"}],"replies":[{"embeddable":true,"href":"https:\/\/inces.gob.ve\/index.php\/wp-json\/wp\/v2\/comments?post=50925"}],"version-history":[{"count":1,"href":"https:\/\/inces.gob.ve\/index.php\/wp-json\/wp\/v2\/posts\/50925\/revisions"}],"predecessor-version":[{"id":50927,"href":"https:\/\/inces.gob.ve\/index.php\/wp-json\/wp\/v2\/posts\/50925\/revisions\/50927"}],"wp:featuredmedia":[{"embeddable":true,"href":"https:\/\/inces.gob.ve\/index.php\/wp-json\/wp\/v2\/media\/50926"}],"wp:attachment":[{"href":"https:\/\/inces.gob.ve\/index.php\/wp-json\/wp\/v2\/media?parent=50925"}],"wp:term":[{"taxonomy":"category","embeddable":true,"href":"https:\/\/inces.gob.ve\/index.php\/wp-json\/wp\/v2\/categories?post=50925"},{"taxonomy":"post_tag","embeddable":true,"href":"https:\/\/inces.gob.ve\/index.php\/wp-json\/wp\/v2\/tags?post=50925"}],"curies":[{"name":"wp","href":"https:\/\/api.w.org\/{rel}","templated":true}]}}