{"id":50992,"date":"2023-05-08T14:11:40","date_gmt":"2023-05-08T18:11:40","guid":{"rendered":"https:\/\/inces.gob.ve\/?p=50992"},"modified":"2023-05-08T14:17:07","modified_gmt":"2023-05-08T18:17:07","slug":"zulia-el-inces-avanza-con-el-pfap-asistente-administrativo-en-el-territorio","status":"publish","type":"post","link":"https:\/\/inces.gob.ve\/index.php\/2023\/05\/08\/zulia-el-inces-avanza-con-el-pfap-asistente-administrativo-en-el-territorio\/","title":{"rendered":"ZULIA | El Inces avanza con el PFAP Asistente Administrativo en el territorio"},"content":{"rendered":"<p style=\"text-align: justify;\"><em><strong><span style=\"font-family: helvetica, arial, sans-serif; font-size: 14pt;\">** En una \u00a0Base de Misiones \u00a0y en un Consejo Comunal \u00a0del municipio San Francisco el CFS \u00a0Metal Minero del Inces Zulia, forma \u00a0en una ocupaci\u00f3n productiva de f\u00e1cil inserci\u00f3n laboral.<\/span><\/strong><\/em><!--more--><\/p>\n<p style=\"text-align: justify;\"><span style=\"font-family: helvetica, arial, sans-serif; font-size: 14pt;\">MARIANA ALBARR\u00c1N \/ LENIN R\u00cdOS<\/span><\/p>\n<p style=\"text-align: justify;\"><span style=\"font-family: helvetica, arial, sans-serif; font-size: 14pt;\">El crecimiento de Venezuela, es tarea de todos y todas, con \u00a0trabajo, esfuerzo y \u00a0amor profundo, para construir una Patria de avanzada, como practican en el n\u00facleo de \u00a0un consejo comunal y en una base de misi\u00f3n del Zulia junto al Instituto Nacional de Capacitaci\u00f3n y Educaci\u00f3n Socialista (INCES), donde un grupo de participantes \u00a0se forman en un Proyecto de Formaci\u00f3n y Autoformaci\u00f3n Productiva (PFAP) de Asistente Administrativo, que proporcionan competencias , en particular t\u00e9cnicas y profesionales , para el mundo laboral.<\/span><\/p>\n<p><img loading=\"lazy\" decoding=\"async\" class=\"aligncenter wp-image-50993 size-full\" src=\"https:\/\/inces.gob.ve\/wp-content\/uploads\/2023\/05\/PFAP-Asistente-Administrativo1--e1683569388168.jpg\" alt=\"\" width=\"800\" height=\"600\" srcset=\"https:\/\/inces.gob.ve\/wp-content\/uploads\/2023\/05\/PFAP-Asistente-Administrativo1--e1683569388168.jpg 800w, https:\/\/inces.gob.ve\/wp-content\/uploads\/2023\/05\/PFAP-Asistente-Administrativo1--e1683569388168-300x225.jpg 300w, https:\/\/inces.gob.ve\/wp-content\/uploads\/2023\/05\/PFAP-Asistente-Administrativo1--e1683569388168-768x576.jpg 768w, https:\/\/inces.gob.ve\/wp-content\/uploads\/2023\/05\/PFAP-Asistente-Administrativo1--e1683569388168-136x102.jpg 136w\" sizes=\"auto, (max-width: 800px) 100vw, 800px\" \/><\/p>\n<p style=\"text-align: justify;\"><span style=\"font-family: helvetica, arial, sans-serif; font-size: 14pt;\">\u00a0Durante las \u00faltimas semanas, dos grupos est\u00e1n avanzando paso a paso, bajo liderazgo de la Maestra T\u00e9cnica Productiva, Yesenis S\u00e1nchez del Centro de Formaci\u00f3n Socialista Metal Minero del Inces Zulia, en el municipio San Francisco. Un grupo integrado por 30 participantes y atendido en la Base de Misi\u00f3n Dar\u00edo Vivas y otro en el \u00e1mbito del Consejo Comunal Divino Ni\u00f1o, del sector El Callao, espacios a donde se apunta a la formaci\u00f3n t\u00e9cnica, como instrumento de desarrollo de competencias b\u00e1sicas y actitudes para facilitar el acceso a la din\u00e1mica del actual mercado laboral.<\/span><\/p>\n<p><img loading=\"lazy\" decoding=\"async\" class=\"aligncenter wp-image-50995 size-full\" src=\"https:\/\/inces.gob.ve\/wp-content\/uploads\/2023\/05\/PFAP-Asistente-Administrativo-2--e1683569412767.jpg\" alt=\"\" width=\"800\" height=\"600\" srcset=\"https:\/\/inces.gob.ve\/wp-content\/uploads\/2023\/05\/PFAP-Asistente-Administrativo-2--e1683569412767.jpg 800w, https:\/\/inces.gob.ve\/wp-content\/uploads\/2023\/05\/PFAP-Asistente-Administrativo-2--e1683569412767-300x225.jpg 300w, https:\/\/inces.gob.ve\/wp-content\/uploads\/2023\/05\/PFAP-Asistente-Administrativo-2--e1683569412767-768x576.jpg 768w, https:\/\/inces.gob.ve\/wp-content\/uploads\/2023\/05\/PFAP-Asistente-Administrativo-2--e1683569412767-136x102.jpg 136w\" sizes=\"auto, (max-width: 800px) 100vw, 800px\" \/><\/p>\n<p style=\"text-align: justify;\"><span style=\"font-family: helvetica, arial, sans-serif; font-size: 14pt;\">Los participantes del PFAP Asistente Administrativo, atendidos por el Inces Zulia, en sus territorios, cursan como parte de la programaci\u00f3n la Unidad Curricular Administraci\u00f3n Recursos Humanos, tem\u00e1tica que les permite interactuar y demostrar el aprendizaje obtenido, a trav\u00e9s de din\u00e1micas y exposiciones, lo que demuestra el \u00e9xito del sistema t\u00e9cnico que sale al encuentro de saberes.<\/span><\/p>\n<p><img loading=\"lazy\" decoding=\"async\" class=\"aligncenter wp-image-50996 \" src=\"https:\/\/inces.gob.ve\/wp-content\/uploads\/2023\/05\/PFAP-Asistente-Administrativo-5.jpg\" alt=\"\" width=\"443\" height=\"437\" srcset=\"https:\/\/inces.gob.ve\/wp-content\/uploads\/2023\/05\/PFAP-Asistente-Administrativo-5.jpg 680w, https:\/\/inces.gob.ve\/wp-content\/uploads\/2023\/05\/PFAP-Asistente-Administrativo-5-300x296.jpg 300w\" sizes=\"auto, (max-width: 443px) 100vw, 443px\" \/><\/p>\n<p style=\"text-align: justify;\"><span style=\"font-family: helvetica, arial, sans-serif; font-size: 14pt;\">\u00a0El Gerente del Inces Zulia, Jos\u00e9 Vicente Far\u00edas Echeverri expres\u00f3: \u201cHemos anclado la formaci\u00f3n en el territorio, lo que se traduce en que vamos a las comunidades, entidades de trabajo, Bases de Misiones, Centros Penitenciarios y cualquier espacio, para que no existan obst\u00e1culos o barreras para la preparaci\u00f3n, tal como lo promovi\u00f3 nuestro fundador el maestro Luis Beltr\u00e1n Prieto Figueroa, que consider\u00f3 que la educaci\u00f3n ten\u00eda que salir de los espacios convencionales y llegar a donde existiera la necesidad de atenci\u00f3n\u201d, asever<\/span>\u00f3.<\/p>\n","protected":false},"excerpt":{"rendered":"<p>** En una \u00a0Base de Misiones \u00a0y en un Consejo Comunal \u00a0del municipio San Francisco el CFS \u00a0Metal Minero del Inces Zulia, forma \u00a0en una ocupaci\u00f3n productiva de f\u00e1cil inserci\u00f3n laboral.<\/p>\n","protected":false},"author":15,"featured_media":50994,"comment_status":"closed","ping_status":"closed","sticky":false,"template":"","format":"standard","meta":{"footnotes":""},"categories":[2],"tags":[],"class_list":["post-50992","post","type-post","status-publish","format-standard","has-post-thumbnail","hentry","category-blog"],"_links":{"self":[{"href":"https:\/\/inces.gob.ve\/index.php\/wp-json\/wp\/v2\/posts\/50992","targetHints":{"allow":["GET"]}}],"collection":[{"href":"https:\/\/inces.gob.ve\/index.php\/wp-json\/wp\/v2\/posts"}],"about":[{"href":"https:\/\/inces.gob.ve\/index.php\/wp-json\/wp\/v2\/types\/post"}],"author":[{"embeddable":true,"href":"https:\/\/inces.gob.ve\/index.php\/wp-json\/wp\/v2\/users\/15"}],"replies":[{"embeddable":true,"href":"https:\/\/inces.gob.ve\/index.php\/wp-json\/wp\/v2\/comments?post=50992"}],"version-history":[{"count":2,"href":"https:\/\/inces.gob.ve\/index.php\/wp-json\/wp\/v2\/posts\/50992\/revisions"}],"predecessor-version":[{"id":50998,"href":"https:\/\/inces.gob.ve\/index.php\/wp-json\/wp\/v2\/posts\/50992\/revisions\/50998"}],"wp:featuredmedia":[{"embeddable":true,"href":"https:\/\/inces.gob.ve\/index.php\/wp-json\/wp\/v2\/media\/50994"}],"wp:attachment":[{"href":"https:\/\/inces.gob.ve\/index.php\/wp-json\/wp\/v2\/media?parent=50992"}],"wp:term":[{"taxonomy":"category","embeddable":true,"href":"https:\/\/inces.gob.ve\/index.php\/wp-json\/wp\/v2\/categories?post=50992"},{"taxonomy":"post_tag","embeddable":true,"href":"https:\/\/inces.gob.ve\/index.php\/wp-json\/wp\/v2\/tags?post=50992"}],"curies":[{"name":"wp","href":"https:\/\/api.w.org\/{rel}","templated":true}]}}