{"id":51004,"date":"2023-05-07T11:00:09","date_gmt":"2023-05-07T15:00:09","guid":{"rendered":"https:\/\/inces.gob.ve\/?p=51004"},"modified":"2023-05-09T09:47:20","modified_gmt":"2023-05-09T13:47:20","slug":"escuela-de-futsal-del-inces-celebro-su-primer-aniversario","status":"publish","type":"post","link":"https:\/\/inces.gob.ve\/index.php\/2023\/05\/07\/escuela-de-futsal-del-inces-celebro-su-primer-aniversario\/","title":{"rendered":"Escuela de Futsal del Inces celebr\u00f3 su primer aniversario"},"content":{"rendered":"<p style=\"text-align: justify;\"><span style=\"font-size: 14pt; font-family: helvetica, arial, sans-serif;\"><i><span style=\"font-weight: 400;\">** Voleibol y basquet son otras dos disciplinas impartidas en el Inces para los hijos de los trabajadores y para la comunidad del punto y c\u00edrculo<\/span><\/i><\/span><!--more--><\/p>\n<p style=\"text-align: justify;\">\n<p style=\"text-align: justify;\"><span style=\"font-size: 14pt; font-family: helvetica, arial, sans-serif;\"><b><i>LONGINA TOVAR<\/i><\/b><\/span><\/p>\n<p style=\"text-align: justify;\"><span style=\"font-weight: 400; font-size: 14pt; font-family: helvetica, arial, sans-serif;\">Este viernes 5 de mayo la Escuela de Futsal del Inces arrib\u00f3 a su primer aniversario, fecha festejada por todos los salistas, entrenadores, colaboradores, representantes y la Gerencia General de Cultura, Deporte, Recreaci\u00f3n y Participaci\u00f3n Comunal.<\/span><\/p>\n<p style=\"text-align: justify;\">\n<p><img loading=\"lazy\" decoding=\"async\" class=\"aligncenter wp-image-51007 size-large\" src=\"https:\/\/inces.gob.ve\/wp-content\/uploads\/2023\/05\/DSC_0901-1024x685.jpg\" alt=\"\" width=\"640\" height=\"428\" srcset=\"https:\/\/inces.gob.ve\/wp-content\/uploads\/2023\/05\/DSC_0901-1024x685.jpg 1024w, https:\/\/inces.gob.ve\/wp-content\/uploads\/2023\/05\/DSC_0901-300x201.jpg 300w, https:\/\/inces.gob.ve\/wp-content\/uploads\/2023\/05\/DSC_0901-768x514.jpg 768w, https:\/\/inces.gob.ve\/wp-content\/uploads\/2023\/05\/DSC_0901-1536x1028.jpg 1536w, https:\/\/inces.gob.ve\/wp-content\/uploads\/2023\/05\/DSC_0901-2048x1371.jpg 2048w, https:\/\/inces.gob.ve\/wp-content\/uploads\/2023\/05\/DSC_0901-272x182.jpg 272w\" sizes=\"auto, (max-width: 640px) 100vw, 640px\" \/><\/p>\n<p>&nbsp;<\/p>\n<p style=\"text-align: justify;\"><span style=\"font-weight: 400; font-size: 14pt; font-family: helvetica, arial, sans-serif;\">La cita fue en la cancha del edificio anexo, espacio donde la comunidad deportiva pudo disfrutar de la presentaci\u00f3n del grupo de baile Estrellas de Venezuela y de una excepcional exhibici\u00f3n de kickboxing a cargo de las medallistas de oro de los V Juegos Deportivos del Alba, Helen y Geraldine Riera.<\/span><\/p>\n<p>&nbsp;<\/p>\n<p><img loading=\"lazy\" decoding=\"async\" class=\"aligncenter wp-image-51012 size-large\" src=\"https:\/\/inces.gob.ve\/wp-content\/uploads\/2023\/05\/DSC_0857-1024x685.jpg\" alt=\"\" width=\"640\" height=\"428\" srcset=\"https:\/\/inces.gob.ve\/wp-content\/uploads\/2023\/05\/DSC_0857-1024x685.jpg 1024w, https:\/\/inces.gob.ve\/wp-content\/uploads\/2023\/05\/DSC_0857-300x201.jpg 300w, https:\/\/inces.gob.ve\/wp-content\/uploads\/2023\/05\/DSC_0857-768x514.jpg 768w, https:\/\/inces.gob.ve\/wp-content\/uploads\/2023\/05\/DSC_0857-1536x1028.jpg 1536w, https:\/\/inces.gob.ve\/wp-content\/uploads\/2023\/05\/DSC_0857-2048x1371.jpg 2048w, https:\/\/inces.gob.ve\/wp-content\/uploads\/2023\/05\/DSC_0857-272x182.jpg 272w\" sizes=\"auto, (max-width: 640px) 100vw, 640px\" \/><\/p>\n<p style=\"text-align: justify;\">\n<p style=\"text-align: justify;\"><span style=\"font-weight: 400; font-size: 14pt; font-family: helvetica, arial, sans-serif;\">La gerente general de Cultura, Francia Marruco, manifest\u00f3 estar emocionada porque el proyecto de la Escuela de Futsal se ha mantenido en el tiempo, mientras reconoci\u00f3 que es un logro de todo el equipo de deporte, adscrito a su gerencia, en especial del profesor Leo Avilez, quien trabaja de lunes a lunes, e incluso en vacaciones de ser necesario, para garantizar la continuidad del trabajo que se hace con los salistas.<\/span><\/p>\n<p style=\"text-align: justify;\">\n<p><img loading=\"lazy\" decoding=\"async\" class=\"aligncenter wp-image-51016 size-large\" src=\"https:\/\/inces.gob.ve\/wp-content\/uploads\/2023\/05\/DSC_0808-1024x685.jpg\" alt=\"\" width=\"640\" height=\"428\" srcset=\"https:\/\/inces.gob.ve\/wp-content\/uploads\/2023\/05\/DSC_0808-1024x685.jpg 1024w, https:\/\/inces.gob.ve\/wp-content\/uploads\/2023\/05\/DSC_0808-300x201.jpg 300w, https:\/\/inces.gob.ve\/wp-content\/uploads\/2023\/05\/DSC_0808-768x514.jpg 768w, https:\/\/inces.gob.ve\/wp-content\/uploads\/2023\/05\/DSC_0808-1536x1028.jpg 1536w, https:\/\/inces.gob.ve\/wp-content\/uploads\/2023\/05\/DSC_0808-2048x1371.jpg 2048w, https:\/\/inces.gob.ve\/wp-content\/uploads\/2023\/05\/DSC_0808-272x182.jpg 272w\" sizes=\"auto, (max-width: 640px) 100vw, 640px\" \/><\/p>\n<p>&nbsp;<\/p>\n<p style=\"text-align: justify;\"><span style=\"font-weight: 400; font-size: 14pt; font-family: helvetica, arial, sans-serif;\">El evento, animado por el reconocido Jhonny Pereda, fue propicio para agradecer el trabajo de otros importantes trabajadores y colaboradores de la escuela: Luis Berm\u00fadez y Valeska Rond\u00f3n.<\/span><\/p>\n<p>&nbsp;<\/p>\n<p style=\"text-align: justify;\"><img loading=\"lazy\" decoding=\"async\" class=\"aligncenter wp-image-51017 size-large\" src=\"https:\/\/inces.gob.ve\/wp-content\/uploads\/2023\/05\/DSC_0840-1-1024x685.jpg\" alt=\"\" width=\"640\" height=\"428\" srcset=\"https:\/\/inces.gob.ve\/wp-content\/uploads\/2023\/05\/DSC_0840-1-1024x685.jpg 1024w, https:\/\/inces.gob.ve\/wp-content\/uploads\/2023\/05\/DSC_0840-1-300x201.jpg 300w, https:\/\/inces.gob.ve\/wp-content\/uploads\/2023\/05\/DSC_0840-1-768x514.jpg 768w, https:\/\/inces.gob.ve\/wp-content\/uploads\/2023\/05\/DSC_0840-1-1536x1028.jpg 1536w, https:\/\/inces.gob.ve\/wp-content\/uploads\/2023\/05\/DSC_0840-1-2048x1371.jpg 2048w, https:\/\/inces.gob.ve\/wp-content\/uploads\/2023\/05\/DSC_0840-1-272x182.jpg 272w\" sizes=\"auto, (max-width: 640px) 100vw, 640px\" \/><\/p>\n<p>&nbsp;<\/p>\n<p style=\"text-align: justify;\"><strong><span style=\"font-size: 14pt; font-family: helvetica, arial, sans-serif;\">NACIMIENTO DE LA ESCUELA<\/span><\/strong><\/p>\n<p style=\"text-align: justify;\"><span style=\"font-weight: 400; font-size: 14pt; font-family: helvetica, arial, sans-serif;\">El entrenador y responsable de la Escuela de Futsal en todas sus categor\u00edas, Leo Aviles, recuerda que en el a\u00f1o 2020 propuso la creaci\u00f3n de una escuela deportiva que abarcara tres disciplinas: voleibol, b\u00e1squet y f\u00fatbol sala.<\/span><\/p>\n<p style=\"text-align: justify;\">\n<p><img loading=\"lazy\" decoding=\"async\" class=\"aligncenter wp-image-51013 size-large\" src=\"https:\/\/inces.gob.ve\/wp-content\/uploads\/2023\/05\/DSC_0841-1024x685.jpg\" alt=\"\" width=\"640\" height=\"428\" srcset=\"https:\/\/inces.gob.ve\/wp-content\/uploads\/2023\/05\/DSC_0841-1024x685.jpg 1024w, https:\/\/inces.gob.ve\/wp-content\/uploads\/2023\/05\/DSC_0841-300x201.jpg 300w, https:\/\/inces.gob.ve\/wp-content\/uploads\/2023\/05\/DSC_0841-768x514.jpg 768w, https:\/\/inces.gob.ve\/wp-content\/uploads\/2023\/05\/DSC_0841-1536x1028.jpg 1536w, https:\/\/inces.gob.ve\/wp-content\/uploads\/2023\/05\/DSC_0841-2048x1371.jpg 2048w, https:\/\/inces.gob.ve\/wp-content\/uploads\/2023\/05\/DSC_0841-272x182.jpg 272w\" sizes=\"auto, (max-width: 640px) 100vw, 640px\" \/><\/p>\n<p>&nbsp;<\/p>\n<p style=\"text-align: justify;\"><span style=\"font-size: 14pt; font-family: helvetica, arial, sans-serif;\"><span style=\"font-weight: 400;\">\u201cSomos un centro de formaci\u00f3n y tambi\u00e9n de trabajo, entonces <\/span><span style=\"font-weight: 400;\">\u00bf<\/span><span style=\"font-weight: 400;\">por qu\u00e9 no ser tambi\u00e9n un centro deportivo? A mi jefe inmediato le gust\u00f3 la idea y se aprob\u00f3 el proyecto. La idea era arrancar en mayo de 2020. La fecha de la inauguraci\u00f3n coincidi\u00f3 con el decreto de la pandemia. Recuerdo que el jueves est\u00e1bamos en la cancha preparando todo para la inauguraci\u00f3n al d\u00eda siguiente y por razones obvias no se pudo\u201d.<\/span><\/span><\/p>\n<p style=\"text-align: justify;\">\n<p><img loading=\"lazy\" decoding=\"async\" class=\"aligncenter wp-image-51010 size-large\" src=\"https:\/\/inces.gob.ve\/wp-content\/uploads\/2023\/05\/DSC_0876-1024x685.jpg\" alt=\"\" width=\"640\" height=\"428\" srcset=\"https:\/\/inces.gob.ve\/wp-content\/uploads\/2023\/05\/DSC_0876-1024x685.jpg 1024w, https:\/\/inces.gob.ve\/wp-content\/uploads\/2023\/05\/DSC_0876-300x201.jpg 300w, https:\/\/inces.gob.ve\/wp-content\/uploads\/2023\/05\/DSC_0876-768x514.jpg 768w, https:\/\/inces.gob.ve\/wp-content\/uploads\/2023\/05\/DSC_0876-1536x1028.jpg 1536w, https:\/\/inces.gob.ve\/wp-content\/uploads\/2023\/05\/DSC_0876-2048x1371.jpg 2048w, https:\/\/inces.gob.ve\/wp-content\/uploads\/2023\/05\/DSC_0876-272x182.jpg 272w\" sizes=\"auto, (max-width: 640px) 100vw, 640px\" \/><\/p>\n<p>&nbsp;<\/p>\n<p style=\"text-align: justify;\"><span style=\"font-weight: 400; font-size: 14pt; font-family: helvetica, arial, sans-serif;\">Avilez cont\u00f3 que una vez que se activaron de nuevo todos los procesos en el Inces se retom\u00f3 el proyecto de la escuela deportiva.\u00a0 \u201cAbrimos de nuevo el proceso de inscripci\u00f3n y logramos captar 86 ni\u00f1os en las categor\u00edas sub-8, sub-10, sub-12, sub- 14, sub- 16 y sub- 18\u201d.<\/span><\/p>\n<p style=\"text-align: justify;\">\n<p style=\"text-align: justify;\"><span style=\"font-weight: 400; font-size: 14pt; font-family: helvetica, arial, sans-serif;\">Sin embargo, ese n\u00famero se ha incrementado en este a\u00f1o a 150 ni\u00f1os; lo que arroja como dato curioso, que la escuela cuente con 26 ni\u00f1as, un n\u00famero excepcional en esta disciplina deportiva.<\/span><\/p>\n<p style=\"text-align: justify;\">\n<p><img loading=\"lazy\" decoding=\"async\" class=\"aligncenter wp-image-51019 size-large\" src=\"https:\/\/inces.gob.ve\/wp-content\/uploads\/2023\/05\/WhatsApp-Image-2023-05-09-at-9.45.14-AM-1024x864.jpeg\" alt=\"\" width=\"640\" height=\"540\" srcset=\"https:\/\/inces.gob.ve\/wp-content\/uploads\/2023\/05\/WhatsApp-Image-2023-05-09-at-9.45.14-AM-1024x864.jpeg 1024w, https:\/\/inces.gob.ve\/wp-content\/uploads\/2023\/05\/WhatsApp-Image-2023-05-09-at-9.45.14-AM-300x253.jpeg 300w, https:\/\/inces.gob.ve\/wp-content\/uploads\/2023\/05\/WhatsApp-Image-2023-05-09-at-9.45.14-AM-768x648.jpeg 768w, https:\/\/inces.gob.ve\/wp-content\/uploads\/2023\/05\/WhatsApp-Image-2023-05-09-at-9.45.14-AM.jpeg 1080w\" sizes=\"auto, (max-width: 640px) 100vw, 640px\" \/><\/p>\n<p>&nbsp;<\/p>\n<p style=\"text-align: justify;\"><span style=\"font-weight: 400; font-size: 14pt; font-family: helvetica, arial, sans-serif;\">En la actualidad la escuela cuenta con todas las categor\u00edas con el agregado de tres sub-12, dos sub-14 y una femenina infantil.<\/span><\/p>\n<p style=\"text-align: justify;\">\n<p style=\"text-align: justify;\"><span style=\"font-weight: 400; font-size: 14pt; font-family: helvetica, arial, sans-serif;\">El reto de la escuela para este a\u00f1o es concretar la liga de padres y madres, una tradici\u00f3n que se estila siempre en las escuelas de f\u00fatbol, sin embargo Avilez espera por la motivaci\u00f3n de los representantes para cumplir con este objetivo.<\/span><\/p>\n","protected":false},"excerpt":{"rendered":"<p>** Voleibol y basquet son otras dos disciplinas impartidas en el Inces para los hijos de los trabajadores y para la comunidad del punto y c\u00edrculo<\/p>\n","protected":false},"author":4,"featured_media":51008,"comment_status":"closed","ping_status":"closed","sticky":false,"template":"","format":"standard","meta":{"footnotes":""},"categories":[2],"tags":[],"class_list":["post-51004","post","type-post","status-publish","format-standard","has-post-thumbnail","hentry","category-blog"],"_links":{"self":[{"href":"https:\/\/inces.gob.ve\/index.php\/wp-json\/wp\/v2\/posts\/51004","targetHints":{"allow":["GET"]}}],"collection":[{"href":"https:\/\/inces.gob.ve\/index.php\/wp-json\/wp\/v2\/posts"}],"about":[{"href":"https:\/\/inces.gob.ve\/index.php\/wp-json\/wp\/v2\/types\/post"}],"author":[{"embeddable":true,"href":"https:\/\/inces.gob.ve\/index.php\/wp-json\/wp\/v2\/users\/4"}],"replies":[{"embeddable":true,"href":"https:\/\/inces.gob.ve\/index.php\/wp-json\/wp\/v2\/comments?post=51004"}],"version-history":[{"count":2,"href":"https:\/\/inces.gob.ve\/index.php\/wp-json\/wp\/v2\/posts\/51004\/revisions"}],"predecessor-version":[{"id":51020,"href":"https:\/\/inces.gob.ve\/index.php\/wp-json\/wp\/v2\/posts\/51004\/revisions\/51020"}],"wp:featuredmedia":[{"embeddable":true,"href":"https:\/\/inces.gob.ve\/index.php\/wp-json\/wp\/v2\/media\/51008"}],"wp:attachment":[{"href":"https:\/\/inces.gob.ve\/index.php\/wp-json\/wp\/v2\/media?parent=51004"}],"wp:term":[{"taxonomy":"category","embeddable":true,"href":"https:\/\/inces.gob.ve\/index.php\/wp-json\/wp\/v2\/categories?post=51004"},{"taxonomy":"post_tag","embeddable":true,"href":"https:\/\/inces.gob.ve\/index.php\/wp-json\/wp\/v2\/tags?post=51004"}],"curies":[{"name":"wp","href":"https:\/\/api.w.org\/{rel}","templated":true}]}}