{"id":51042,"date":"2023-05-09T16:21:24","date_gmt":"2023-05-09T20:21:24","guid":{"rendered":"https:\/\/inces.gob.ve\/?p=51042"},"modified":"2023-05-09T16:21:31","modified_gmt":"2023-05-09T20:21:31","slug":"yaracuy-participantes-de-la-unidad-curricular-sea-demuestran-con-practicas-lo-aprendido-en-aulas","status":"publish","type":"post","link":"https:\/\/inces.gob.ve\/index.php\/2023\/05\/09\/yaracuy-participantes-de-la-unidad-curricular-sea-demuestran-con-practicas-lo-aprendido-en-aulas\/","title":{"rendered":"Yaracuy | Participantes de la unidad curricular SEA demuestran con pr\u00e1cticas lo aprendido en aulas"},"content":{"rendered":"<p style=\"text-align: justify;\"><strong><span style=\"font-family: helvetica, arial, sans-serif; font-size: 14pt;\"><em>*** En el transcurso de la capacitaci\u00f3n los asistentes a la formaci\u00f3n han abordado diversos temas que van acompa\u00f1ados de las pr\u00e1cticas respectivas <\/em><\/span><\/strong><!--more--><\/p>\n<p>&nbsp;<\/p>\n<p style=\"text-align: justify;\"><span style=\"font-family: helvetica, arial, sans-serif; font-size: 14pt;\"><strong>YOLAICE VARGAS<\/strong><\/span><\/p>\n<p style=\"text-align: justify;\"><span style=\"font-family: helvetica, arial, sans-serif; font-size: 14pt;\">Con el firme prop\u00f3sito de formar para el trabajo y la vida, el Instituto Nacional de Capacitaci\u00f3n y Educaci\u00f3n Socialista (Inces), en Yaracuy, contin\u00faa su ciclo formativo en este segundo trimestre del a\u00f1o 2023, en donde se incluyen las pr\u00e1cticas como elemento fundamental en el proceso de capacitaci\u00f3n.<\/span><\/p>\n<figure id=\"attachment_51047\" aria-describedby=\"caption-attachment-51047\" style=\"width: 800px\" class=\"wp-caption aligncenter\"><img loading=\"lazy\" decoding=\"async\" class=\"wp-image-51047 size-full\" src=\"https:\/\/inces.gob.ve\/wp-content\/uploads\/2023\/05\/lo-aprendido-en-aulas-6--e1683663551525.jpg\" alt=\"\" width=\"800\" height=\"450\" srcset=\"https:\/\/inces.gob.ve\/wp-content\/uploads\/2023\/05\/lo-aprendido-en-aulas-6--e1683663551525.jpg 800w, https:\/\/inces.gob.ve\/wp-content\/uploads\/2023\/05\/lo-aprendido-en-aulas-6--e1683663551525-300x169.jpg 300w, https:\/\/inces.gob.ve\/wp-content\/uploads\/2023\/05\/lo-aprendido-en-aulas-6--e1683663551525-768x432.jpg 768w\" sizes=\"auto, (max-width: 800px) 100vw, 800px\" \/><figcaption id=\"caption-attachment-51047\" class=\"wp-caption-text\">Exif_JPEG_420<\/figcaption><\/figure>\n<p style=\"text-align: justify;\"><span style=\"font-family: helvetica, arial, sans-serif; font-size: 14pt;\">Los participantes de la Unidad Curricular (UC), Sistema El\u00e9ctrico del Autom\u00f3vil, realizan pr\u00e1cticas de lo aprendido en el aula de clases, asimismo los integrantes de la UC reciben formaci\u00f3n en otras \u00e1reas como: valores \u00e9ticos, conservaci\u00f3n del ambiente, seguridad y salud en el trabajo.<\/span><\/p>\n<figure id=\"attachment_51045\" aria-describedby=\"caption-attachment-51045\" style=\"width: 800px\" class=\"wp-caption aligncenter\"><img loading=\"lazy\" decoding=\"async\" class=\"wp-image-51045 size-full\" src=\"https:\/\/inces.gob.ve\/wp-content\/uploads\/2023\/05\/lo-aprendido-en-aulas-3--e1683663567268.jpg\" alt=\"\" width=\"800\" height=\"450\" srcset=\"https:\/\/inces.gob.ve\/wp-content\/uploads\/2023\/05\/lo-aprendido-en-aulas-3--e1683663567268.jpg 800w, https:\/\/inces.gob.ve\/wp-content\/uploads\/2023\/05\/lo-aprendido-en-aulas-3--e1683663567268-300x169.jpg 300w, https:\/\/inces.gob.ve\/wp-content\/uploads\/2023\/05\/lo-aprendido-en-aulas-3--e1683663567268-768x432.jpg 768w\" sizes=\"auto, (max-width: 800px) 100vw, 800px\" \/><figcaption id=\"caption-attachment-51045\" class=\"wp-caption-text\">Exif_JPEG_420<\/figcaption><\/figure>\n<p style=\"text-align: justify;\"><span style=\"font-family: helvetica, arial, sans-serif; font-size: 14pt;\">Es necesario resaltar que los temas mencionados \u00a0complementan la formaci\u00f3n, puesto que se debe tener conocimiento sobre las \u00e1reas que se vinculan con el trabajador en los diversos ambientes laborales, en busca de la excelencia no solo del profesional sino adem\u00e1s del ser humano en su esencia.<\/span><\/p>\n<p style=\"text-align: justify;\"><span style=\"font-family: helvetica, arial, sans-serif; font-size: 14pt;\"><strong>Otras UC en el motor industrial<\/strong><\/span><\/p>\n<p style=\"text-align: justify;\"><span style=\"font-family: helvetica, arial, sans-serif; font-size: 14pt;\">De igual manera en el Centro de Formaci\u00f3n Socialista San Felipe El Fuerte, se llevan a cabo otras UC como lo son: soldadura b\u00e1sica, instalaciones el\u00e9ctricas industriales, ajuste mec\u00e1nico, circuitos electr\u00f3nicos entre otros.<\/span><\/p>\n<figure id=\"attachment_51044\" aria-describedby=\"caption-attachment-51044\" style=\"width: 800px\" class=\"wp-caption aligncenter\"><img loading=\"lazy\" decoding=\"async\" class=\"wp-image-51044 size-full\" src=\"https:\/\/inces.gob.ve\/wp-content\/uploads\/2023\/05\/lo-aprendido-en-aulas-2--e1683663596563.jpg\" alt=\"\" width=\"800\" height=\"450\" srcset=\"https:\/\/inces.gob.ve\/wp-content\/uploads\/2023\/05\/lo-aprendido-en-aulas-2--e1683663596563.jpg 800w, https:\/\/inces.gob.ve\/wp-content\/uploads\/2023\/05\/lo-aprendido-en-aulas-2--e1683663596563-300x169.jpg 300w, https:\/\/inces.gob.ve\/wp-content\/uploads\/2023\/05\/lo-aprendido-en-aulas-2--e1683663596563-768x432.jpg 768w\" sizes=\"auto, (max-width: 800px) 100vw, 800px\" \/><figcaption id=\"caption-attachment-51044\" class=\"wp-caption-text\">Exif_JPEG_420<\/figcaption><\/figure>\n<p style=\"text-align: justify;\"><span style=\"font-family: helvetica, arial, sans-serif; font-size: 14pt;\">Adem\u00e1s est\u00e1n por iniciar otras formaciones\u00a0 a saber: C\u00f3mputos m\u00e9tricos, plomer\u00eda, \u00e9tica para la vida, nociones de metalurgia, sistema de control de motores el\u00e9ctricos.<\/span><\/p>\n<figure id=\"attachment_51043\" aria-describedby=\"caption-attachment-51043\" style=\"width: 300px\" class=\"wp-caption alignnone\"><img loading=\"lazy\" decoding=\"async\" class=\"size-medium wp-image-51043\" src=\"https:\/\/inces.gob.ve\/wp-content\/uploads\/2023\/05\/lo-aprendido-en-aulas-1-e1683663616419-300x169.jpg\" alt=\"\" width=\"300\" height=\"169\" data-wp-editing=\"1\" srcset=\"https:\/\/inces.gob.ve\/wp-content\/uploads\/2023\/05\/lo-aprendido-en-aulas-1-e1683663616419-300x169.jpg 300w, https:\/\/inces.gob.ve\/wp-content\/uploads\/2023\/05\/lo-aprendido-en-aulas-1-e1683663616419-768x432.jpg 768w, https:\/\/inces.gob.ve\/wp-content\/uploads\/2023\/05\/lo-aprendido-en-aulas-1-e1683663616419.jpg 800w\" sizes=\"auto, (max-width: 300px) 100vw, 300px\" \/><figcaption id=\"caption-attachment-51043\" class=\"wp-caption-text\">Exif_JPEG_420<\/figcaption><\/figure>\n<p style=\"text-align: justify;\"><span style=\"font-family: helvetica, arial, sans-serif; font-size: 14pt;\">Recordarle a la comunidad en general que pueden inscribirse en la p\u00e1gina del Inces, <a href=\"http:\/\/www.inces.gob.ve\" data-saferedirecturl=\"https:\/\/www.google.com\/url?q=http:\/\/www.inces.gob.ve&amp;source=gmail&amp;ust=1683747902281000&amp;usg=AOvVaw1BfcSRLNtcwIyNjAo8O62h\">www.inces.gob.ve<\/a> o dirigirse a las instalaciones de la gerencia regional ubicada en la avenida La Paz frente al parque exposici\u00f3n Severiano Gim\u00e9nez.<\/span><\/p>\n","protected":false},"excerpt":{"rendered":"<p>*** En el transcurso de la capacitaci\u00f3n los asistentes a la formaci\u00f3n han abordado diversos temas que van acompa\u00f1ados de las pr\u00e1cticas respectivas<\/p>\n","protected":false},"author":15,"featured_media":51046,"comment_status":"closed","ping_status":"closed","sticky":false,"template":"","format":"standard","meta":{"footnotes":""},"categories":[2],"tags":[],"class_list":["post-51042","post","type-post","status-publish","format-standard","has-post-thumbnail","hentry","category-blog"],"_links":{"self":[{"href":"https:\/\/inces.gob.ve\/index.php\/wp-json\/wp\/v2\/posts\/51042","targetHints":{"allow":["GET"]}}],"collection":[{"href":"https:\/\/inces.gob.ve\/index.php\/wp-json\/wp\/v2\/posts"}],"about":[{"href":"https:\/\/inces.gob.ve\/index.php\/wp-json\/wp\/v2\/types\/post"}],"author":[{"embeddable":true,"href":"https:\/\/inces.gob.ve\/index.php\/wp-json\/wp\/v2\/users\/15"}],"replies":[{"embeddable":true,"href":"https:\/\/inces.gob.ve\/index.php\/wp-json\/wp\/v2\/comments?post=51042"}],"version-history":[{"count":2,"href":"https:\/\/inces.gob.ve\/index.php\/wp-json\/wp\/v2\/posts\/51042\/revisions"}],"predecessor-version":[{"id":51049,"href":"https:\/\/inces.gob.ve\/index.php\/wp-json\/wp\/v2\/posts\/51042\/revisions\/51049"}],"wp:featuredmedia":[{"embeddable":true,"href":"https:\/\/inces.gob.ve\/index.php\/wp-json\/wp\/v2\/media\/51046"}],"wp:attachment":[{"href":"https:\/\/inces.gob.ve\/index.php\/wp-json\/wp\/v2\/media?parent=51042"}],"wp:term":[{"taxonomy":"category","embeddable":true,"href":"https:\/\/inces.gob.ve\/index.php\/wp-json\/wp\/v2\/categories?post=51042"},{"taxonomy":"post_tag","embeddable":true,"href":"https:\/\/inces.gob.ve\/index.php\/wp-json\/wp\/v2\/tags?post=51042"}],"curies":[{"name":"wp","href":"https:\/\/api.w.org\/{rel}","templated":true}]}}