{"id":51148,"date":"2023-05-11T10:03:35","date_gmt":"2023-05-11T14:03:35","guid":{"rendered":"https:\/\/inces.gob.ve\/?p=51148"},"modified":"2023-05-15T10:07:15","modified_gmt":"2023-05-15T14:07:15","slug":"yaracuy-mas-de-60-jovenes-iniciaron-formacion-en-el-programa-nacional-de-aprendizaje","status":"publish","type":"post","link":"https:\/\/inces.gob.ve\/index.php\/2023\/05\/11\/yaracuy-mas-de-60-jovenes-iniciaron-formacion-en-el-programa-nacional-de-aprendizaje\/","title":{"rendered":"YARACUY | M\u00e1s de 60 J\u00f3venes iniciaron formaci\u00f3n en el Programa Nacional de Aprendizaje"},"content":{"rendered":"<p style=\"font-weight: 400; text-align: justify;\"><span style=\"font-family: helvetica, arial, sans-serif; font-size: 14pt;\"><em>*** Los participantes se capacitar\u00e1n en las \u00e1reas: analista contable, asistente administrativo, mec\u00e1nica de refrigeraci\u00f3n y electricidad industrial<\/em><\/span><!--more--><\/p>\n<p>&nbsp;<\/p>\n<p style=\"font-weight: 400; text-align: justify;\"><span style=\"font-family: helvetica, arial, sans-serif; font-size: 14pt;\"><b>YOLAICE VARGAS<\/b><\/span><\/p>\n<p style=\"font-weight: 400; text-align: justify;\"><span style=\"font-family: helvetica, arial, sans-serif; font-size: 14pt;\">El Instituto Nacional de Capacitaci\u00f3n y Educaci\u00f3n Socialista (Inces), retoma de manera progresiva la formaci\u00f3n de los aprendices en los Centros de Formaci\u00f3n, con la integraci\u00f3n de m\u00e1s de 60 j\u00f3venes a las aulas de clases quienes se capacitaran en los oficios: analista contable, asistente administrativo, electricidad industrial \u00a0y mec\u00e1nica en refrigeraci\u00f3n.<\/span><\/p>\n<p>&nbsp;<\/p>\n<p style=\"font-weight: 400; text-align: justify;\"><span style=\"font-family: helvetica, arial, sans-serif; font-size: 14pt;\">El gerente regional del Inces, Dalvi Torrealba se\u00f1al\u00f3 que luego de un proceso de captaci\u00f3n y posterior selecci\u00f3n de los aprendices se da inicio a este ciclo formativo que tiene duraci\u00f3n de dos a\u00f1os, un a\u00f1o de teor\u00eda y el siguiente de pr\u00e1cticas profesionales en las entidades de trabajo quienes son aliadas de la instituci\u00f3n y cumplen con el PNA.<\/span><\/p>\n<p>&nbsp;<\/p>\n<p style=\"font-weight: 400; text-align: justify;\"><span style=\"font-family: helvetica, arial, sans-serif; font-size: 14pt;\">Asimismo, mencion\u00f3 que gracias a los convenios con la empresa privada se ha logrado la reapertura de cursos que hab\u00edan estado estancados por a\u00f1os,\u00a0 tal como es el caso del curso mec\u00e1nica en refrigeraci\u00f3n y el de electricidad.<\/span><\/p>\n<p>&nbsp;<\/p>\n<p><img loading=\"lazy\" decoding=\"async\" class=\"wp-image-51150 size-large\" src=\"https:\/\/inces.gob.ve\/wp-content\/uploads\/2023\/05\/IMG_20230508_094256-1024x576.jpg\" alt=\"\" width=\"640\" height=\"360\" srcset=\"https:\/\/inces.gob.ve\/wp-content\/uploads\/2023\/05\/IMG_20230508_094256-1024x576.jpg 1024w, https:\/\/inces.gob.ve\/wp-content\/uploads\/2023\/05\/IMG_20230508_094256-300x169.jpg 300w, https:\/\/inces.gob.ve\/wp-content\/uploads\/2023\/05\/IMG_20230508_094256-768x432.jpg 768w, https:\/\/inces.gob.ve\/wp-content\/uploads\/2023\/05\/IMG_20230508_094256-1536x864.jpg 1536w, https:\/\/inces.gob.ve\/wp-content\/uploads\/2023\/05\/IMG_20230508_094256.jpg 2048w\" sizes=\"auto, (max-width: 640px) 100vw, 640px\" \/><\/p>\n<p>&nbsp;<\/p>\n<p style=\"font-weight: 400; text-align: justify;\"><span style=\"font-family: helvetica, arial, sans-serif; font-size: 14pt;\">El titular del Inces en Yaracuy, indic\u00f3 que las empresas suscritas a este convenio son: Destiler\u00eda Yaracuy, El Grupo Ebenezer, Funeraria la Maracay, Laboratorios Cofasa, Laboratorios Chacao, Inversora Dunarisa, Cobervenca, \u00a0Faensa, Alambre, las cuales aportaron algunos insumos necesarios para el acondicionamiento de los ambientes de formaci\u00f3n.<\/span><\/p>\n<p>&nbsp;<\/p>\n<p style=\"font-weight: 400; text-align: justify;\"><span style=\"font-family: helvetica, arial, sans-serif; font-size: 14pt;\">De igual manera las entidades de trabajo realizaron entrega de equipos y herramientas a utilizar por los participantes tanto en sus pr\u00e1cticas acad\u00e9micas, como para bienestar y comodidad de los estudiantes, entre estos podemos mencionar,\u00a0 como cortadoras de plasma, guantes, m\u00e1quina para soldar, horno microondas, cafeteras, dispensadores de agua, laptops, v\u00eddeo beam, entre otros. \u00a0<\/span><\/p>\n<p style=\"font-weight: 400; text-align: justify;\"><strong><span style=\"font-family: helvetica, arial, sans-serif; font-size: 14pt;\">Aprendices manifiestan su experiencia<\/span><\/strong><\/p>\n<p style=\"font-weight: 400; text-align: justify;\"><span style=\"font-family: helvetica, arial, sans-serif; font-size: 14pt;\">Los j\u00f3venes participantes del PNA coinciden en lo gratificante que es ser part\u00edcipe del programa nacional de aprendizaje, ya que ven en el Inces una oportunidad de estudio que les permitir\u00e1 entrar al mundo laboral a la par de sus estudios.<\/span><\/p>\n<p>&nbsp;<\/p>\n<p style=\"font-weight: 400; text-align: justify;\"><span style=\"font-family: helvetica, arial, sans-serif; font-size: 14pt;\">Skarlet Rea integrante del curso mec\u00e1nica de refrigeraci\u00f3n se\u00f1al\u00f3 que se inclina m\u00e1s por esta \u00e1rea y aprovechar\u00e1 al m\u00e1ximo todo el conocimiento de la c\u00e1tedra, expres\u00f3 adem\u00e1s \u201cno todas las mujeres somos iguales, yo soy diferente, soy la \u00fanica mujer en este curso y dar\u00e9 lo mejor de m\u00ed\u201d<\/span><\/p>\n<p>&nbsp;<\/p>\n<p style=\"font-weight: 400; text-align: justify;\"><span style=\"font-family: helvetica, arial, sans-serif; font-size: 14pt;\">Por su parte Mar\u00eda Garc\u00eda participante del curso analista contable manifest\u00f3 que se inclina por el mundo de las matem\u00e1ticas y que vio en el Inces la oportunidad para entrar en el campo laboral en\u00a0 una buena empresa.<\/span><\/p>\n<p>&nbsp;<\/p>\n<p><img loading=\"lazy\" decoding=\"async\" class=\"wp-image-51149 size-large\" src=\"https:\/\/inces.gob.ve\/wp-content\/uploads\/2023\/05\/IMG_20230510_105810-1024x576.jpg\" alt=\"\" width=\"640\" height=\"360\" srcset=\"https:\/\/inces.gob.ve\/wp-content\/uploads\/2023\/05\/IMG_20230510_105810-1024x576.jpg 1024w, https:\/\/inces.gob.ve\/wp-content\/uploads\/2023\/05\/IMG_20230510_105810-300x169.jpg 300w, https:\/\/inces.gob.ve\/wp-content\/uploads\/2023\/05\/IMG_20230510_105810-768x432.jpg 768w, https:\/\/inces.gob.ve\/wp-content\/uploads\/2023\/05\/IMG_20230510_105810-1536x864.jpg 1536w, https:\/\/inces.gob.ve\/wp-content\/uploads\/2023\/05\/IMG_20230510_105810.jpg 2048w\" sizes=\"auto, (max-width: 640px) 100vw, 640px\" \/><\/p>\n<p style=\"font-weight: 400; text-align: justify;\"><span style=\"font-family: helvetica, arial, sans-serif; font-size: 14pt;\">Es importante destacar que el Inces seguir\u00e1 sumando empresas a los convenios suscritos para aperturar otros cursos formativos, as\u00ed lo asegur\u00f3 el gerente del ente Dalvi Torrealba.\u00a0<\/span><\/p>\n","protected":false},"excerpt":{"rendered":"<p>*** Los participantes se capacitar\u00e1n en las \u00e1reas: analista contable, asistente administrativo, mec\u00e1nica de refrigeraci\u00f3n y electricidad industrial<\/p>\n","protected":false},"author":4,"featured_media":51151,"comment_status":"closed","ping_status":"closed","sticky":false,"template":"","format":"standard","meta":{"footnotes":""},"categories":[2],"tags":[],"class_list":["post-51148","post","type-post","status-publish","format-standard","has-post-thumbnail","hentry","category-blog"],"_links":{"self":[{"href":"https:\/\/inces.gob.ve\/index.php\/wp-json\/wp\/v2\/posts\/51148","targetHints":{"allow":["GET"]}}],"collection":[{"href":"https:\/\/inces.gob.ve\/index.php\/wp-json\/wp\/v2\/posts"}],"about":[{"href":"https:\/\/inces.gob.ve\/index.php\/wp-json\/wp\/v2\/types\/post"}],"author":[{"embeddable":true,"href":"https:\/\/inces.gob.ve\/index.php\/wp-json\/wp\/v2\/users\/4"}],"replies":[{"embeddable":true,"href":"https:\/\/inces.gob.ve\/index.php\/wp-json\/wp\/v2\/comments?post=51148"}],"version-history":[{"count":1,"href":"https:\/\/inces.gob.ve\/index.php\/wp-json\/wp\/v2\/posts\/51148\/revisions"}],"predecessor-version":[{"id":51152,"href":"https:\/\/inces.gob.ve\/index.php\/wp-json\/wp\/v2\/posts\/51148\/revisions\/51152"}],"wp:featuredmedia":[{"embeddable":true,"href":"https:\/\/inces.gob.ve\/index.php\/wp-json\/wp\/v2\/media\/51151"}],"wp:attachment":[{"href":"https:\/\/inces.gob.ve\/index.php\/wp-json\/wp\/v2\/media?parent=51148"}],"wp:term":[{"taxonomy":"category","embeddable":true,"href":"https:\/\/inces.gob.ve\/index.php\/wp-json\/wp\/v2\/categories?post=51148"},{"taxonomy":"post_tag","embeddable":true,"href":"https:\/\/inces.gob.ve\/index.php\/wp-json\/wp\/v2\/tags?post=51148"}],"curies":[{"name":"wp","href":"https:\/\/api.w.org\/{rel}","templated":true}]}}