{"id":51347,"date":"2023-05-22T12:16:21","date_gmt":"2023-05-22T16:16:21","guid":{"rendered":"https:\/\/inces.gob.ve\/?p=51347"},"modified":"2023-05-22T15:19:56","modified_gmt":"2023-05-22T19:19:56","slug":"aragua-madres-trabajadoras-fueron-homenajeadas-en-una-actividad-especialmente-organizada-para-ellas","status":"publish","type":"post","link":"https:\/\/inces.gob.ve\/index.php\/2023\/05\/22\/aragua-madres-trabajadoras-fueron-homenajeadas-en-una-actividad-especialmente-organizada-para-ellas\/","title":{"rendered":"ARAGUA\u00a0 | Madres trabajadoras fueron homenajeadas en una actividad especialmente organizada para ellas"},"content":{"rendered":"<div dir=\"auto\" style=\"text-align: justify;\"><strong><em><span style=\"font-family: helvetica, arial, sans-serif; font-size: 14pt;\">** Con gran emoci\u00f3n se esper\u00f3 la llegada de las madres trabajadoras en la Sede Inces Regi\u00f3n Aragua<\/span><\/em><\/strong><\/div>\n<p><!--more--><\/p>\n<div dir=\"auto\" style=\"text-align: justify;\"><\/div>\n<div dir=\"auto\" style=\"text-align: justify;\"><\/div>\n<div dir=\"auto\" style=\"text-align: justify;\"><strong><span style=\"font-family: helvetica, arial, sans-serif; font-size: 14pt;\">NINOSKA PATRIZ<\/span><\/strong><\/div>\n<div dir=\"auto\" style=\"text-align: justify;\"><\/div>\n<div dir=\"auto\" style=\"text-align: justify;\"><span style=\"font-family: helvetica, arial, sans-serif; font-size: 14pt;\">Con especial atenci\u00f3n y mucho cari\u00f1o se prepar\u00f3 el pasado fin de semana un exquisito almuerzo y deliciosa torta alusiva a la fecha, para el recibimiento de las madres en su d\u00eda, la cual inici\u00f3 con una misa de acci\u00f3n de gracias.<\/span><\/div>\n<div dir=\"auto\" style=\"text-align: justify;\"><\/div>\n<div dir=\"auto\" style=\"text-align: justify;\"><\/div>\n<div dir=\"auto\" style=\"text-align: justify;\"><span style=\"font-family: helvetica, arial, sans-serif; font-size: 14pt;\">Al respecto, en honor a su gran importancia, se destac\u00f3 el valor de las asistentes, como l\u00edderes, motivadoras, multiplicadoras, con fuerte esp\u00edritu de servicio, siendo pilares de inspiraci\u00f3n en la sociedad.<\/span><\/div>\n<div dir=\"auto\" style=\"text-align: justify;\"><\/div>\n<div dir=\"auto\" style=\"text-align: justify;\"><\/div>\n<div dir=\"auto\" style=\"text-align: justify;\"><span style=\"font-family: helvetica, arial, sans-serif; font-size: 14pt;\">Las mismas fueron recibidas por Yelitza Rodr\u00edguez, gerente regional Inces Aragua, contando con el apoyo del equipo promotor, conformado por Talento Humano, Formaci\u00f3n Profesional, Infraestructura y Servicios, Inform\u00e1tica, Planificaci\u00f3n, Administraci\u00f3n y el apoyo especial de los jefes de los diferentes Centros de Formaci\u00f3n Socialista y dem\u00e1s trabajadores y trabajadoras.<\/span><\/div>\n<div dir=\"auto\" style=\"text-align: justify;\"><\/div>\n<div dir=\"auto\" style=\"text-align: justify;\"><\/div>\n<div dir=\"auto\" style=\"text-align: justify;\"><span style=\"font-family: helvetica, arial, sans-serif; font-size: 14pt;\">Por su parte, madres presentes agradecieron el merecido agasajo, el cual cont\u00f3 con mariachis en vivo y ambientaci\u00f3n musical con canciones bailables para todos los gustos.<\/span><\/div>\n<div dir=\"auto\" style=\"text-align: justify;\"><\/div>\n<div dir=\"auto\" style=\"text-align: justify;\"><\/div>\n<div dir=\"auto\" style=\"text-align: justify;\"><span style=\"font-family: helvetica, arial, sans-serif; font-size: 14pt;\">La ocasi\u00f3n fue oportunidad propicia para corresponder al caudal inagotable de amor y fortaleza con la cual se despiertan a diario para levantar a los hijos e hijas de la patria. Y siendo una celebraci\u00f3n de nivel internacional, se enviaron infinitas bendiciones y felicitaciones a todas las madres, representantes o responsables del papel materno en cada hogar o familia venezolana.<\/span><\/div>\n<div dir=\"auto\" style=\"text-align: justify;\"><\/div>\n<div dir=\"auto\" style=\"text-align: justify;\"><\/div>\n<div dir=\"auto\" style=\"text-align: justify;\"><span style=\"font-family: helvetica, arial, sans-serif; font-size: 14pt;\">Durante el agasaj\u00f3 a las madres trabajadoras recibieron perfumes como un detalle significativo de cari\u00f1o. Al mismo tiempo,\u00a0 Rodr\u00edguez las felicito e invit\u00f3 a continuar la marcha hacia el logro de sus sue\u00f1os, con el mismo \u00e1nimo aguerrido que caracteriza a la mujer venezolana por excelencia.<\/span><\/div>\n","protected":false},"excerpt":{"rendered":"<p>** Con gran emoci\u00f3n se esper\u00f3 la llegada de las madres trabajadoras en la Sede Inces Regi\u00f3n Aragua<\/p>\n","protected":false},"author":4,"featured_media":51348,"comment_status":"closed","ping_status":"closed","sticky":false,"template":"","format":"standard","meta":{"footnotes":""},"categories":[2],"tags":[],"class_list":["post-51347","post","type-post","status-publish","format-standard","has-post-thumbnail","hentry","category-blog"],"_links":{"self":[{"href":"https:\/\/inces.gob.ve\/index.php\/wp-json\/wp\/v2\/posts\/51347","targetHints":{"allow":["GET"]}}],"collection":[{"href":"https:\/\/inces.gob.ve\/index.php\/wp-json\/wp\/v2\/posts"}],"about":[{"href":"https:\/\/inces.gob.ve\/index.php\/wp-json\/wp\/v2\/types\/post"}],"author":[{"embeddable":true,"href":"https:\/\/inces.gob.ve\/index.php\/wp-json\/wp\/v2\/users\/4"}],"replies":[{"embeddable":true,"href":"https:\/\/inces.gob.ve\/index.php\/wp-json\/wp\/v2\/comments?post=51347"}],"version-history":[{"count":1,"href":"https:\/\/inces.gob.ve\/index.php\/wp-json\/wp\/v2\/posts\/51347\/revisions"}],"predecessor-version":[{"id":51349,"href":"https:\/\/inces.gob.ve\/index.php\/wp-json\/wp\/v2\/posts\/51347\/revisions\/51349"}],"wp:featuredmedia":[{"embeddable":true,"href":"https:\/\/inces.gob.ve\/index.php\/wp-json\/wp\/v2\/media\/51348"}],"wp:attachment":[{"href":"https:\/\/inces.gob.ve\/index.php\/wp-json\/wp\/v2\/media?parent=51347"}],"wp:term":[{"taxonomy":"category","embeddable":true,"href":"https:\/\/inces.gob.ve\/index.php\/wp-json\/wp\/v2\/categories?post=51347"},{"taxonomy":"post_tag","embeddable":true,"href":"https:\/\/inces.gob.ve\/index.php\/wp-json\/wp\/v2\/tags?post=51347"}],"curies":[{"name":"wp","href":"https:\/\/api.w.org\/{rel}","templated":true}]}}