{"id":51383,"date":"2023-05-24T13:57:54","date_gmt":"2023-05-24T17:57:54","guid":{"rendered":"https:\/\/inces.gob.ve\/?p=51383"},"modified":"2023-05-24T13:58:10","modified_gmt":"2023-05-24T17:58:10","slug":"escuela-de-emprendedores-dicto-el-taller-resolucion-de-conflictos","status":"publish","type":"post","link":"https:\/\/inces.gob.ve\/index.php\/2023\/05\/24\/escuela-de-emprendedores-dicto-el-taller-resolucion-de-conflictos\/","title":{"rendered":"Escuela de Emprendedores dict\u00f3 el taller Resoluci\u00f3n de Conflictos"},"content":{"rendered":"<p style=\"text-align: justify;\"><span style=\"font-family: helvetica, arial, sans-serif; font-size: 14pt;\"><b><i>**El conflicto es inevitable, pero la lucha es opcional. Max Lucade<\/i><\/b><!--more--><\/span><\/p>\n<p style=\"text-align: justify;\"><span style=\"font-family: helvetica, arial, sans-serif; font-size: 14pt;\"><b><i>DIMAS P\u00c1EZ<\/i><\/b><\/span><\/p>\n<p style=\"text-align: justify;\"><span style=\"font-family: helvetica, arial, sans-serif; font-size: 14pt;\"><b><i>F\/Rafael Urbina<br \/>\n<\/i><\/b><\/span><\/p>\n<p style=\"text-align: justify;\"><span style=\"font-family: helvetica, arial, sans-serif; font-size: 14pt;\">La Escuela de Emprendedores del Instituto Nacional de Capacitaci\u00f3n y Educaci\u00f3n Socialista (Inces) dict\u00f3 el taller Resoluci\u00f3n de Conflictos, dirigido por la Escuela de Derechos Humanos de la Defensor\u00eda del Pueblo. El facilitador fue el licenciado Johnny L\u00f3pez, adscrito a la Direcci\u00f3n General y Divulgaci\u00f3n de los Derechos Humanos de esa entidad.<\/span><\/p>\n<p style=\"text-align: justify;\"><span style=\"font-family: helvetica, arial, sans-serif; font-size: 14pt;\">Durante la formaci\u00f3n se supo que para hablar de resoluci\u00f3n de conflictos es necesario manejar herramientas, saberes y procedimientos que involucran t\u00e9rminos como comprensi\u00f3n, prevenci\u00f3n y resoluci\u00f3n pac\u00edfica; todo ello para coadyuvar en los posibles enfrentamientos y desavenencias que puedan presentarse entre dos o m\u00e1s personas, grupos de personas e incluso pa\u00edses.\u00a0<\/span><\/p>\n<p><img loading=\"lazy\" decoding=\"async\" class=\"aligncenter wp-image-51387 size-large\" src=\"https:\/\/inces.gob.ve\/wp-content\/uploads\/2023\/05\/DSC_1356-1024x685.jpg\" alt=\"\" width=\"640\" height=\"428\" srcset=\"https:\/\/inces.gob.ve\/wp-content\/uploads\/2023\/05\/DSC_1356-1024x685.jpg 1024w, https:\/\/inces.gob.ve\/wp-content\/uploads\/2023\/05\/DSC_1356-300x201.jpg 300w, https:\/\/inces.gob.ve\/wp-content\/uploads\/2023\/05\/DSC_1356-768x514.jpg 768w, https:\/\/inces.gob.ve\/wp-content\/uploads\/2023\/05\/DSC_1356-1536x1028.jpg 1536w, https:\/\/inces.gob.ve\/wp-content\/uploads\/2023\/05\/DSC_1356-2048x1371.jpg 2048w, https:\/\/inces.gob.ve\/wp-content\/uploads\/2023\/05\/DSC_1356-272x182.jpg 272w\" sizes=\"auto, (max-width: 640px) 100vw, 640px\" \/><\/p>\n<p>&nbsp;<\/p>\n<p style=\"text-align: justify;\"><span style=\"font-family: helvetica, arial, sans-serif; font-size: 14pt;\">Al respecto, Jhonny L\u00f3pez, manifest\u00f3: \u201cEn este taller se aplica el autoconocimiento y la autorregulaci\u00f3n. Nos enfocamos en los mecanismos alternativos a la resoluci\u00f3n de conflictos bajo una visi\u00f3n de negociaci\u00f3n. Nos enfocamos tambi\u00e9n en el \u00e1mbito de la mediaci\u00f3n y en el por qu\u00e9 necesitamos la mediaci\u00f3n de una tercera persona que nos oriente para entender la problem\u00e1tica y nos ofrezca algunas propuestas,es decir, que sea ese canal emocional de informaci\u00f3n en ese momento cuando se mezclan muchas emociones negativas\u201d.<\/span><\/p>\n<p style=\"text-align: justify;\"><span style=\"font-family: helvetica, arial, sans-serif; font-size: 14pt;\">Continu\u00f3 el facilitador: \u201cEl mediador va a brindarnos las herramientas necesarias o elementos que nos permitan poder llegar a una soluci\u00f3n bastante positiva, o como dir\u00edamos nosotros, un ganar &#8211; ganar, donde nadie pierda y reine la paz, la igualdad y donde la equidad predomine\u201d, expuso L\u00f3pez.<\/span><\/p>\n<p style=\"text-align: justify;\"><img loading=\"lazy\" decoding=\"async\" class=\"aligncenter wp-image-51386 size-large\" src=\"https:\/\/inces.gob.ve\/wp-content\/uploads\/2023\/05\/DSC_1361-1024x685.jpg\" alt=\"\" width=\"640\" height=\"428\" srcset=\"https:\/\/inces.gob.ve\/wp-content\/uploads\/2023\/05\/DSC_1361-1024x685.jpg 1024w, https:\/\/inces.gob.ve\/wp-content\/uploads\/2023\/05\/DSC_1361-300x201.jpg 300w, https:\/\/inces.gob.ve\/wp-content\/uploads\/2023\/05\/DSC_1361-768x514.jpg 768w, https:\/\/inces.gob.ve\/wp-content\/uploads\/2023\/05\/DSC_1361-1536x1028.jpg 1536w, https:\/\/inces.gob.ve\/wp-content\/uploads\/2023\/05\/DSC_1361-2048x1371.jpg 2048w, https:\/\/inces.gob.ve\/wp-content\/uploads\/2023\/05\/DSC_1361-272x182.jpg 272w\" sizes=\"auto, (max-width: 640px) 100vw, 640px\" \/><\/p>\n<p>&nbsp;<\/p>\n<p style=\"text-align: justify;\"><span style=\"font-family: helvetica, arial, sans-serif; font-size: 14pt;\">Por su parte, el director general de Participaci\u00f3n Ciudadana de la Asamblea Nacional, Jos\u00e9 de Jes\u00fas Perales, participante del taller, explic\u00f3: \u201cMi motivaci\u00f3n fundamental para intervenir en este taller es que en el cargo que desempe\u00f1o me toca resolver diferentes conflictos en la interrelaci\u00f3n entre los ciudadanos y ciudadanas. Procuramos siempre que lo comunitario fluya de la mejor manera para que cuajen organizaciones como los Consejos Comunales\u201d.<\/span><\/p>\n<p>&nbsp;<\/p>\n<p><img loading=\"lazy\" decoding=\"async\" class=\"aligncenter wp-image-51385 size-large\" src=\"https:\/\/inces.gob.ve\/wp-content\/uploads\/2023\/05\/DSC_1368-1024x685.jpg\" alt=\"\" width=\"640\" height=\"428\" srcset=\"https:\/\/inces.gob.ve\/wp-content\/uploads\/2023\/05\/DSC_1368-1024x685.jpg 1024w, https:\/\/inces.gob.ve\/wp-content\/uploads\/2023\/05\/DSC_1368-300x201.jpg 300w, https:\/\/inces.gob.ve\/wp-content\/uploads\/2023\/05\/DSC_1368-768x514.jpg 768w, https:\/\/inces.gob.ve\/wp-content\/uploads\/2023\/05\/DSC_1368-1536x1028.jpg 1536w, https:\/\/inces.gob.ve\/wp-content\/uploads\/2023\/05\/DSC_1368-2048x1371.jpg 2048w, https:\/\/inces.gob.ve\/wp-content\/uploads\/2023\/05\/DSC_1368-272x182.jpg 272w\" sizes=\"auto, (max-width: 640px) 100vw, 640px\" \/><\/p>\n<p>&nbsp;<\/p>\n<p style=\"text-align: justify;\"><span style=\"font-family: helvetica, arial, sans-serif; font-size: 14pt;\">Jhonny L\u00f3pez refiri\u00f3 que la Escuela de Emprendedores aporta las herramientas y las iniciativas necesarias para evitar que\u00a0 muchas\u00a0 organizaciones fracasen por el poco o mal manejo de los conflicto y las relaciones interpersonales. \u201cSiempre profundizo en este aspecto, en el manejo del conflicto y de las relaciones interpersonales, porque considero que es una etapa previa a la formaci\u00f3n que sirve para enriquecer los emprendimientos, la participaci\u00f3n ciudadana y el quehacer diario\u201d.\u00a0\u00a0\u00a0\u00a0<\/span><\/p>\n<p style=\"text-align: justify;\">\n","protected":false},"excerpt":{"rendered":"<p>**El conflicto es inevitable, pero la lucha es opcional. Max Lucade<\/p>\n","protected":false},"author":4,"featured_media":51384,"comment_status":"closed","ping_status":"closed","sticky":false,"template":"","format":"standard","meta":{"footnotes":""},"categories":[2],"tags":[],"class_list":["post-51383","post","type-post","status-publish","format-standard","has-post-thumbnail","hentry","category-blog"],"_links":{"self":[{"href":"https:\/\/inces.gob.ve\/index.php\/wp-json\/wp\/v2\/posts\/51383","targetHints":{"allow":["GET"]}}],"collection":[{"href":"https:\/\/inces.gob.ve\/index.php\/wp-json\/wp\/v2\/posts"}],"about":[{"href":"https:\/\/inces.gob.ve\/index.php\/wp-json\/wp\/v2\/types\/post"}],"author":[{"embeddable":true,"href":"https:\/\/inces.gob.ve\/index.php\/wp-json\/wp\/v2\/users\/4"}],"replies":[{"embeddable":true,"href":"https:\/\/inces.gob.ve\/index.php\/wp-json\/wp\/v2\/comments?post=51383"}],"version-history":[{"count":2,"href":"https:\/\/inces.gob.ve\/index.php\/wp-json\/wp\/v2\/posts\/51383\/revisions"}],"predecessor-version":[{"id":51389,"href":"https:\/\/inces.gob.ve\/index.php\/wp-json\/wp\/v2\/posts\/51383\/revisions\/51389"}],"wp:featuredmedia":[{"embeddable":true,"href":"https:\/\/inces.gob.ve\/index.php\/wp-json\/wp\/v2\/media\/51384"}],"wp:attachment":[{"href":"https:\/\/inces.gob.ve\/index.php\/wp-json\/wp\/v2\/media?parent=51383"}],"wp:term":[{"taxonomy":"category","embeddable":true,"href":"https:\/\/inces.gob.ve\/index.php\/wp-json\/wp\/v2\/categories?post=51383"},{"taxonomy":"post_tag","embeddable":true,"href":"https:\/\/inces.gob.ve\/index.php\/wp-json\/wp\/v2\/tags?post=51383"}],"curies":[{"name":"wp","href":"https:\/\/api.w.org\/{rel}","templated":true}]}}