{"id":51452,"date":"2023-05-29T11:33:03","date_gmt":"2023-05-29T15:33:03","guid":{"rendered":"https:\/\/inces.gob.ve\/?p=51452"},"modified":"2023-05-29T11:33:27","modified_gmt":"2023-05-29T15:33:27","slug":"sucre-jovenes-del-pna-organizaron-una-actividad-recreativa-y-deportiva","status":"publish","type":"post","link":"https:\/\/inces.gob.ve\/index.php\/2023\/05\/29\/sucre-jovenes-del-pna-organizaron-una-actividad-recreativa-y-deportiva\/","title":{"rendered":"SUCRE | J\u00f3venes del PNA organizaron una actividad recreativa y deportiva"},"content":{"rendered":"<p dir=\"ltr\" style=\"text-align: justify;\"><em><strong><span style=\"font-family: helvetica, arial, sans-serif; font-size: 14pt;\">** El Inces procura la formaci\u00f3n integral de quienes hacen vida estudiantil en sus aulas<\/span><\/strong><\/em><!--more--><\/p>\n<p dir=\"ltr\" style=\"text-align: justify;\"><span style=\"font-family: helvetica, arial, sans-serif; font-size: 14pt;\">El Programa Nacional de Aprendizaje (PNA) del estado Sucre realiz\u00f3 una actividad Recreacional y Deportiva en las instalaciones del Centro de Formaci\u00f3n Socialista Comercio.<\/span><\/p>\n<p dir=\"ltr\" style=\"text-align: justify;\"><span style=\"font-family: helvetica, arial, sans-serif; font-size: 14pt;\">En la bailoterapia participaron 27 j\u00f3venes del PNA, bajo la direcci\u00f3n del profesor Ermen Aguilar, quien prest\u00f3 el apoyo a esta instituci\u00f3n, con la finalidad de llevar a cabo la actividad recreativa.\u00a0<\/span><\/p>\n<p dir=\"ltr\" style=\"text-align: justify;\"><span style=\"font-family: helvetica, arial, sans-serif; font-size: 14pt;\">Igualmente se realiz\u00f3 un encuentro de f\u00fatbol sala, donde participaron equipos del \u00e1rea de Electricidad y Administraci\u00f3n, dirigido y supervisado por el profesor Henry Lezama.\u00a0<\/span><\/p>\n<p dir=\"ltr\" style=\"text-align: justify;\"><span style=\"font-family: helvetica, arial, sans-serif; font-size: 14pt;\">Con la pr\u00e1ctica de este tipo de jornadas se busca inculcar en los j\u00f3venes el respeto entre compa\u00f1eros y la responsabilidad; igualmente el esp\u00edritu de competitividad. As\u00ed mismo incentivarlos a la pr\u00e1ctica del deporte para mantener una salud sana.\u00a0<\/span><\/p>\n<p dir=\"ltr\" style=\"text-align: justify;\"><span style=\"font-family: helvetica, arial, sans-serif; font-size: 14pt;\">La Gerencia General del Inces Sucre, a trav\u00e9s de sus programas, impulsa estas actividades, recreativas, deportivas y culturales, con la finalidad de crear h\u00e1bitos como mente sana y cuerpo sano.<\/span><\/p>\n","protected":false},"excerpt":{"rendered":"<p>** El Inces procura la formaci\u00f3n integral de quienes hacen vida estudiantil en sus aulas<\/p>\n","protected":false},"author":15,"featured_media":51453,"comment_status":"closed","ping_status":"closed","sticky":false,"template":"","format":"standard","meta":{"footnotes":""},"categories":[2],"tags":[],"class_list":["post-51452","post","type-post","status-publish","format-standard","has-post-thumbnail","hentry","category-blog"],"_links":{"self":[{"href":"https:\/\/inces.gob.ve\/index.php\/wp-json\/wp\/v2\/posts\/51452","targetHints":{"allow":["GET"]}}],"collection":[{"href":"https:\/\/inces.gob.ve\/index.php\/wp-json\/wp\/v2\/posts"}],"about":[{"href":"https:\/\/inces.gob.ve\/index.php\/wp-json\/wp\/v2\/types\/post"}],"author":[{"embeddable":true,"href":"https:\/\/inces.gob.ve\/index.php\/wp-json\/wp\/v2\/users\/15"}],"replies":[{"embeddable":true,"href":"https:\/\/inces.gob.ve\/index.php\/wp-json\/wp\/v2\/comments?post=51452"}],"version-history":[{"count":2,"href":"https:\/\/inces.gob.ve\/index.php\/wp-json\/wp\/v2\/posts\/51452\/revisions"}],"predecessor-version":[{"id":51455,"href":"https:\/\/inces.gob.ve\/index.php\/wp-json\/wp\/v2\/posts\/51452\/revisions\/51455"}],"wp:featuredmedia":[{"embeddable":true,"href":"https:\/\/inces.gob.ve\/index.php\/wp-json\/wp\/v2\/media\/51453"}],"wp:attachment":[{"href":"https:\/\/inces.gob.ve\/index.php\/wp-json\/wp\/v2\/media?parent=51452"}],"wp:term":[{"taxonomy":"category","embeddable":true,"href":"https:\/\/inces.gob.ve\/index.php\/wp-json\/wp\/v2\/categories?post=51452"},{"taxonomy":"post_tag","embeddable":true,"href":"https:\/\/inces.gob.ve\/index.php\/wp-json\/wp\/v2\/tags?post=51452"}],"curies":[{"name":"wp","href":"https:\/\/api.w.org\/{rel}","templated":true}]}}