{"id":51474,"date":"2023-05-20T10:31:36","date_gmt":"2023-05-20T14:31:36","guid":{"rendered":"https:\/\/inces.gob.ve\/?p=51474"},"modified":"2023-05-30T10:42:37","modified_gmt":"2023-05-30T14:42:37","slug":"apure-inces-participo-en-una-reunion-conjunta-con-la-secretaria-de-desarrollo-economico-productivo","status":"publish","type":"post","link":"https:\/\/inces.gob.ve\/index.php\/2023\/05\/20\/apure-inces-participo-en-una-reunion-conjunta-con-la-secretaria-de-desarrollo-economico-productivo\/","title":{"rendered":"APURE | Inces particip\u00f3 en una reuni\u00f3n conjunta con la Secretar\u00eda de Desarrollo Econ\u00f3mico Productivo"},"content":{"rendered":"<p style=\"text-align: justify;\"><strong><em><span style=\"font-family: helvetica, arial, sans-serif; font-size: 14pt;\">** El apoyo al emprendedor es una l\u00ednea directa del Ejecutivo Nacional<\/span><\/em><\/strong><strong><em><!--more--><\/em><\/strong><\/p>\n<p style=\"text-align: justify;\">\n<p style=\"text-align: justify;\"><span style=\"font-family: helvetica, arial, sans-serif; font-size: 14pt;\">El Inces particip\u00f3 en una reuni\u00f3n con la Secretar\u00eda de Desarrollo Econ\u00f3mico Productivo, en el municipio San Fernando, con el director general de Innovaci\u00f3n y Emprendimiento Angelo Soto, siguiendo orientaciones del gobernador de la regi\u00f3n, Germ\u00e1n Eduardo Pi\u00f1ate.<\/span><\/p>\n<p>&nbsp;<\/p>\n<p style=\"text-align: justify;\"><span style=\"font-size: 14pt; font-family: helvetica, arial, sans-serif;\">La actividad se realiz\u00f3 con la finalidad de coordinar una jornada masiva de informaci\u00f3n para emprendedores, unificando criterios en funci\u00f3n de facilitar los procesos de inscripci\u00f3n de estos peque\u00f1os empresarios en las plataformas digitales de estas instituciones, basados en el decreto n\u00b0 4783 de fecha 23 de febrero del 2023, donde se exonera el pago a los mismos por su respectiva inscripci\u00f3n.<\/span><\/p>\n<p>&nbsp;<\/p>\n<p style=\"text-align: justify;\"><span style=\"font-family: helvetica, arial, sans-serif; font-size: 14pt;\">En la reuni\u00f3n participaron el gerente regional del Inces Apure, Daviel Rodr\u00edguez; el jefe del Seniat Alexis Navarro; el jefe de Tributos del Inces, Horario Perdomo; el coordinador de Innovaci\u00f3n de Emprender Juntos, Elimar Andrades, la gerente estadal del Banco Nacional de Vivienda y H\u00e1bitat (Banavih), Isabel Mota y la directora de la Oficina Administrativa del Instituto Venezolano de los Seguros Sociales, Melody Hern\u00e1ndez.<\/span><\/p>\n","protected":false},"excerpt":{"rendered":"<p>** El apoyo al emprendedor es una l\u00ednea directa del Ejecutivo Nacional<\/p>\n","protected":false},"author":4,"featured_media":51475,"comment_status":"closed","ping_status":"closed","sticky":false,"template":"","format":"standard","meta":{"footnotes":""},"categories":[2],"tags":[],"class_list":["post-51474","post","type-post","status-publish","format-standard","has-post-thumbnail","hentry","category-blog"],"_links":{"self":[{"href":"https:\/\/inces.gob.ve\/index.php\/wp-json\/wp\/v2\/posts\/51474","targetHints":{"allow":["GET"]}}],"collection":[{"href":"https:\/\/inces.gob.ve\/index.php\/wp-json\/wp\/v2\/posts"}],"about":[{"href":"https:\/\/inces.gob.ve\/index.php\/wp-json\/wp\/v2\/types\/post"}],"author":[{"embeddable":true,"href":"https:\/\/inces.gob.ve\/index.php\/wp-json\/wp\/v2\/users\/4"}],"replies":[{"embeddable":true,"href":"https:\/\/inces.gob.ve\/index.php\/wp-json\/wp\/v2\/comments?post=51474"}],"version-history":[{"count":1,"href":"https:\/\/inces.gob.ve\/index.php\/wp-json\/wp\/v2\/posts\/51474\/revisions"}],"predecessor-version":[{"id":51476,"href":"https:\/\/inces.gob.ve\/index.php\/wp-json\/wp\/v2\/posts\/51474\/revisions\/51476"}],"wp:featuredmedia":[{"embeddable":true,"href":"https:\/\/inces.gob.ve\/index.php\/wp-json\/wp\/v2\/media\/51475"}],"wp:attachment":[{"href":"https:\/\/inces.gob.ve\/index.php\/wp-json\/wp\/v2\/media?parent=51474"}],"wp:term":[{"taxonomy":"category","embeddable":true,"href":"https:\/\/inces.gob.ve\/index.php\/wp-json\/wp\/v2\/categories?post=51474"},{"taxonomy":"post_tag","embeddable":true,"href":"https:\/\/inces.gob.ve\/index.php\/wp-json\/wp\/v2\/tags?post=51474"}],"curies":[{"name":"wp","href":"https:\/\/api.w.org\/{rel}","templated":true}]}}