{"id":51486,"date":"2023-05-30T11:37:02","date_gmt":"2023-05-30T15:37:02","guid":{"rendered":"https:\/\/inces.gob.ve\/?p=51486"},"modified":"2023-05-30T11:37:02","modified_gmt":"2023-05-30T15:37:02","slug":"apure-inces-y-el-centro-de-encuentro-para-la-calidad-educativa-afinan-detalles-para-la-formacion-de-los-futuros-bachilleres","status":"publish","type":"post","link":"https:\/\/inces.gob.ve\/index.php\/2023\/05\/30\/apure-inces-y-el-centro-de-encuentro-para-la-calidad-educativa-afinan-detalles-para-la-formacion-de-los-futuros-bachilleres\/","title":{"rendered":"APURE | Inces y el Centro de Encuentro para la Calidad Educativa afinan detalles para la formaci\u00f3n de los futuros bachilleres"},"content":{"rendered":"<p style=\"text-align: justify;\"><em><strong><span style=\"font-size: 14pt; font-family: helvetica, arial, sans-serif;\">** El plan de formaci\u00f3n para el mundo del trabajo, contempla la presentaci\u00f3n de formaciones t\u00e9cnicas pertinentes para el desarrollo productivo del pa\u00eds<\/span><\/strong><\/em><!--more--><\/p>\n<p style=\"text-align: justify;\">\n<p style=\"text-align: justify;\"><span style=\"font-size: 14pt; font-family: helvetica, arial, sans-serif;\">El gerente regional del Inces Apure, Daviel Rodr\u00edguez, visit\u00f3 el Centro de Encuentro para la Calidad Educativa, dOnde sostuvo una reuni\u00f3n con la coordinadora de Comunidades Educativas, organizaci\u00f3n institucional y territorial Matilde Gonz\u00e1lez, y el coordinador regional del Sistema Nacional de Ingresos, Eris Robersis Tableta, para coordinar la formaci\u00f3n de los futuros bachilleres del periodo escolar 2022-2023.<\/span><\/p>\n<p>&nbsp;<\/p>\n<p style=\"text-align: justify;\"><span style=\"font-size: 14pt; font-family: helvetica, arial, sans-serif;\">La reuni\u00f3n se realiza para dar respuesta al plan de Formaci\u00f3n Nacional para el mundo del trabajo, bajo lineamientos del presidente Nicol\u00e1s Maduro, y orientado a redimensionar la visi\u00f3n laboral y su praxis hacia el desarrollo de una pr\u00e1ctica social, liberadora, que potencie actitudes proactivas en los j\u00f3venes, y as\u00ed promover el trabajo emancipador que logr\u00e9 impulsar procesos de dignificaci\u00f3n hacia la poblaci\u00f3n estudiantil y el reimpulso de la econom\u00eda social.<\/span><\/p>\n<p>&nbsp;<\/p>\n<p style=\"text-align: justify;\"><span style=\"font-size: 14pt; font-family: helvetica, arial, sans-serif;\">Es importante destacar que desde el Ministerio de Educaci\u00f3n, a trav\u00e9s del Inces, se promueve la incorporaci\u00f3n consciente de los estudiantes de 5to y 6to a\u00f1o al procesos social del trabajo.<\/span><\/p>\n","protected":false},"excerpt":{"rendered":"<p>** El plan de formaci\u00f3n para el mundo del trabajo, contempla la presentaci\u00f3n de formaciones t\u00e9cnicas pertinentes para el desarrollo productivo del pa\u00eds<\/p>\n","protected":false},"author":4,"featured_media":51487,"comment_status":"closed","ping_status":"closed","sticky":false,"template":"","format":"standard","meta":{"footnotes":""},"categories":[2],"tags":[],"class_list":["post-51486","post","type-post","status-publish","format-standard","has-post-thumbnail","hentry","category-blog"],"_links":{"self":[{"href":"https:\/\/inces.gob.ve\/index.php\/wp-json\/wp\/v2\/posts\/51486","targetHints":{"allow":["GET"]}}],"collection":[{"href":"https:\/\/inces.gob.ve\/index.php\/wp-json\/wp\/v2\/posts"}],"about":[{"href":"https:\/\/inces.gob.ve\/index.php\/wp-json\/wp\/v2\/types\/post"}],"author":[{"embeddable":true,"href":"https:\/\/inces.gob.ve\/index.php\/wp-json\/wp\/v2\/users\/4"}],"replies":[{"embeddable":true,"href":"https:\/\/inces.gob.ve\/index.php\/wp-json\/wp\/v2\/comments?post=51486"}],"version-history":[{"count":1,"href":"https:\/\/inces.gob.ve\/index.php\/wp-json\/wp\/v2\/posts\/51486\/revisions"}],"predecessor-version":[{"id":51488,"href":"https:\/\/inces.gob.ve\/index.php\/wp-json\/wp\/v2\/posts\/51486\/revisions\/51488"}],"wp:featuredmedia":[{"embeddable":true,"href":"https:\/\/inces.gob.ve\/index.php\/wp-json\/wp\/v2\/media\/51487"}],"wp:attachment":[{"href":"https:\/\/inces.gob.ve\/index.php\/wp-json\/wp\/v2\/media?parent=51486"}],"wp:term":[{"taxonomy":"category","embeddable":true,"href":"https:\/\/inces.gob.ve\/index.php\/wp-json\/wp\/v2\/categories?post=51486"},{"taxonomy":"post_tag","embeddable":true,"href":"https:\/\/inces.gob.ve\/index.php\/wp-json\/wp\/v2\/tags?post=51486"}],"curies":[{"name":"wp","href":"https:\/\/api.w.org\/{rel}","templated":true}]}}