{"id":51532,"date":"2023-06-01T13:49:29","date_gmt":"2023-06-01T17:49:29","guid":{"rendered":"https:\/\/inces.gob.ve\/?p=51532"},"modified":"2023-06-01T13:49:29","modified_gmt":"2023-06-01T17:49:29","slug":"el-inces-estuvo-presente-en-la-feria-integral-de-la-salud-para-trabajadores-del-palacio-de-justicia","status":"publish","type":"post","link":"https:\/\/inces.gob.ve\/index.php\/2023\/06\/01\/el-inces-estuvo-presente-en-la-feria-integral-de-la-salud-para-trabajadores-del-palacio-de-justicia\/","title":{"rendered":"El Inces estuvo presente en la feria integral de la salud para trabajadores del Palacio de Justicia"},"content":{"rendered":"<p style=\"padding-left: 80px; text-align: justify;\"><span style=\"font-family: helvetica, arial, sans-serif; font-size: 14pt;\">** La invitaci\u00f3n a formarse en las aulas del Inces est\u00e1 abierta a todos los p\u00fablicos en todo el pa\u00eds\u00a0<\/span><!--more--><\/p>\n<div dir=\"auto\" style=\"text-align: justify;\"><\/div>\n<div dir=\"auto\" style=\"text-align: justify;\"><span style=\"font-family: helvetica, arial, sans-serif; font-size: 14pt;\">Mediante las alianzas que se tienen con el Viceministerio de la Suprema Felicidad Social del Pueblo, el Instituto Nacional de Capacitaci\u00f3n y Educaci\u00f3n Socialista (Inces) dej\u00f3 su huella en la Primera Feria Integral de la Salud, que tuvo lugar en el Palacio de Justicia.<\/span><\/div>\n<div dir=\"auto\"><\/div>\n<div dir=\"auto\" style=\"text-align: justify;\"><\/div>\n<div dir=\"auto\"><\/div>\n<div dir=\"auto\" style=\"text-align: justify;\"><span style=\"font-family: helvetica, arial, sans-serif; font-size: 14pt;\">Opciones formativas tales como refrigeraci\u00f3n, mantenimiento de computadoras, corte y costura, electricidad y an\u00e1lisis de sistemas, fueron las m\u00e1s buscadas por el p\u00fablico asistente.<\/span><\/div>\n<div dir=\"auto\" style=\"text-align: justify; padding-left: 40px;\"><\/div>\n<div dir=\"auto\"><\/div>\n<div dir=\"auto\" style=\"text-align: right;\"><\/div>\n<div dir=\"auto\" style=\"text-align: justify;\"><span style=\"font-family: helvetica, arial, sans-serif; font-size: 14pt;\">Se logr\u00f3 la captaci\u00f3n de cuarenta participantes, quienes inician sus formaciones en los pr\u00f3ximo d\u00edas.\u00a0<\/span><\/div>\n<div dir=\"auto\"><\/div>\n<div dir=\"auto\"><\/div>\n<div dir=\"auto\" style=\"text-align: justify;\"><span style=\"font-family: helvetica, arial, sans-serif; font-size: 14pt;\">Cabe destacar que fue una jornada dirigida para los trabajadores del Tribunal Supremo de Justicia, la Direccion Ejecutiva de la Magistratura, servidores p\u00fablicos y familiares que hacen vida en este recinto.<\/span><\/div>\n<div dir=\"auto\"><\/div>\n<div dir=\"auto\" style=\"text-align: justify;\"><\/div>\n<div dir=\"auto\" style=\"text-align: justify;\"><span style=\"font-family: helvetica, arial, sans-serif; font-size: 14pt;\">Hizo acto de presencia la presidenta del Alto Juzgado de la Sala Plena del Tribunal Supremo de Justicia y presidenta de la Sala Constitucional, Gladys Guti\u00e9rrez, quien agradeci\u00f3 al Inces por formar a los j\u00f3venes que ser\u00e1n el futuro de este pa\u00eds y recalc\u00f3 e invit\u00f3 a todo el personal a inscribirse en las formaciones de esta casa de estudio.<\/span><\/div>\n<div dir=\"auto\" style=\"text-align: justify;\"><\/div>\n<div dir=\"auto\" style=\"text-align: justify;\"><span style=\"font-family: helvetica, arial, sans-serif; font-size: 14pt;\">\u00abGracias Inces por mantener viva esa llama de la formaci\u00f3n, por estar presente en cada rinc\u00f3n de Caracas y de todo el territorio nacional con sus distintas formaciones y programas\u00bb, exclam\u00f3 la presidenta Gladys Guti\u00e9rrez.<\/span><\/div>\n<div class=\"yj6qo\" style=\"text-align: justify;\"><\/div>\n<div class=\"adL\" dir=\"auto\" style=\"text-align: justify;\"><\/div>\n<div class=\"adL\" dir=\"auto\" style=\"text-align: justify;\"><\/div>\n<div class=\"adL\" dir=\"auto\" style=\"text-align: justify;\"><\/div>\n","protected":false},"excerpt":{"rendered":"<p>** La invitaci\u00f3n a formarse en las aulas del Inces est\u00e1 abierta a todos los p\u00fablicos en todo el pa\u00eds\u00a0<\/p>\n","protected":false},"author":4,"featured_media":51534,"comment_status":"closed","ping_status":"closed","sticky":false,"template":"","format":"standard","meta":{"footnotes":""},"categories":[2,15],"tags":[],"class_list":["post-51532","post","type-post","status-publish","format-standard","has-post-thumbnail","hentry","category-blog","category-periodicos"],"_links":{"self":[{"href":"https:\/\/inces.gob.ve\/index.php\/wp-json\/wp\/v2\/posts\/51532","targetHints":{"allow":["GET"]}}],"collection":[{"href":"https:\/\/inces.gob.ve\/index.php\/wp-json\/wp\/v2\/posts"}],"about":[{"href":"https:\/\/inces.gob.ve\/index.php\/wp-json\/wp\/v2\/types\/post"}],"author":[{"embeddable":true,"href":"https:\/\/inces.gob.ve\/index.php\/wp-json\/wp\/v2\/users\/4"}],"replies":[{"embeddable":true,"href":"https:\/\/inces.gob.ve\/index.php\/wp-json\/wp\/v2\/comments?post=51532"}],"version-history":[{"count":2,"href":"https:\/\/inces.gob.ve\/index.php\/wp-json\/wp\/v2\/posts\/51532\/revisions"}],"predecessor-version":[{"id":51536,"href":"https:\/\/inces.gob.ve\/index.php\/wp-json\/wp\/v2\/posts\/51532\/revisions\/51536"}],"wp:featuredmedia":[{"embeddable":true,"href":"https:\/\/inces.gob.ve\/index.php\/wp-json\/wp\/v2\/media\/51534"}],"wp:attachment":[{"href":"https:\/\/inces.gob.ve\/index.php\/wp-json\/wp\/v2\/media?parent=51532"}],"wp:term":[{"taxonomy":"category","embeddable":true,"href":"https:\/\/inces.gob.ve\/index.php\/wp-json\/wp\/v2\/categories?post=51532"},{"taxonomy":"post_tag","embeddable":true,"href":"https:\/\/inces.gob.ve\/index.php\/wp-json\/wp\/v2\/tags?post=51532"}],"curies":[{"name":"wp","href":"https:\/\/api.w.org\/{rel}","templated":true}]}}