{"id":51595,"date":"2023-06-05T15:15:57","date_gmt":"2023-06-05T19:15:57","guid":{"rendered":"https:\/\/inces.gob.ve\/?p=51595"},"modified":"2023-06-05T15:17:45","modified_gmt":"2023-06-05T19:17:45","slug":"falcon-reconocen-la-labor-de-los-aprendices-del-inces-en-paraguana","status":"publish","type":"post","link":"https:\/\/inces.gob.ve\/index.php\/2023\/06\/05\/falcon-reconocen-la-labor-de-los-aprendices-del-inces-en-paraguana\/","title":{"rendered":"FALC\u00d3N | Reconocen la labor de los aprendices del Inces en Paraguan\u00e1"},"content":{"rendered":"<p style=\"text-align: justify;\" align=\"center\"><em><span style=\"font-family: helvetica, arial, sans-serif; font-size: 14pt;\"><b>** El reconocimiento se hizo en\u00a0<\/b>un acto organizado por la JPSUV para el encuentro de los diversos sectores laborales combativos del estado Falc\u00f3n<\/span><\/em><!--more--><\/p>\n<p style=\"text-align: justify;\" align=\"justify\"><span style=\"font-family: helvetica, arial, sans-serif; font-size: 14pt;\"><b>MIRIAM GONZ\u00c1LEZ VILLARROEL<\/b><\/span><\/p>\n<p style=\"text-align: justify;\" align=\"justify\"><span style=\"font-family: helvetica, arial, sans-serif; font-size: 14pt;\">En las instalaciones de la F\u00e1brica Venezolana de Telecomunicaciones, C.A. (Vtelca) en la Zona Franca de Paraguan\u00e1, se realiz\u00f3 el Acto de Reconocimiento a la <b>Vanguardia del Esfuerzo Obrero de la Clase Trabajadora Joven<\/b>, organizado por la Comisi\u00f3n de la Clase Obrera Joven de la Juventud del Partido Socialista Unido de Venezuela (Jpsuv) en el estado Falc\u00f3n.<\/span><\/p>\n<p align=\"justify\"><img loading=\"lazy\" decoding=\"async\" class=\"aligncenter wp-image-51599 size-full\" src=\"https:\/\/inces.gob.ve\/wp-content\/uploads\/2023\/06\/entrega-de-reconocimiento-3-e1685992376385.jpg\" alt=\"\" width=\"800\" height=\"600\" srcset=\"https:\/\/inces.gob.ve\/wp-content\/uploads\/2023\/06\/entrega-de-reconocimiento-3-e1685992376385.jpg 800w, https:\/\/inces.gob.ve\/wp-content\/uploads\/2023\/06\/entrega-de-reconocimiento-3-e1685992376385-300x225.jpg 300w, https:\/\/inces.gob.ve\/wp-content\/uploads\/2023\/06\/entrega-de-reconocimiento-3-e1685992376385-768x576.jpg 768w, https:\/\/inces.gob.ve\/wp-content\/uploads\/2023\/06\/entrega-de-reconocimiento-3-e1685992376385-136x102.jpg 136w\" sizes=\"auto, (max-width: 800px) 100vw, 800px\" \/><\/p>\n<p style=\"text-align: justify;\" align=\"justify\"><span style=\"font-family: helvetica, arial, sans-serif; font-size: 14pt;\">En este acto de reconocimiento al esfuerzo, intelecto y creatividad de la clase obrera joven, que construye desde cada espacio de lucha, la estabilidad econ\u00f3mica y productiva de la Patria, se distingui\u00f3 la trayectoria de dos aprendices del Programa Nacional de Aprendizaje (PNA) del Instituto Nacional de Capacitaci\u00f3n y Educaci\u00f3n Socialista (Inces), quienes estuvieron acompa\u00f1ados durante la actividad, por la gerente regional, Eneyda Mart\u00ednez Rodr\u00edguez y la Coordinadora del PNA, Mariner Mavo.<\/span><\/p>\n<p align=\"justify\"><img loading=\"lazy\" decoding=\"async\" class=\"aligncenter wp-image-51598 size-full\" src=\"https:\/\/inces.gob.ve\/wp-content\/uploads\/2023\/06\/entrega-de-reconocimiento-2-e1685992433139.jpg\" alt=\"\" width=\"800\" height=\"600\" srcset=\"https:\/\/inces.gob.ve\/wp-content\/uploads\/2023\/06\/entrega-de-reconocimiento-2-e1685992433139.jpg 800w, https:\/\/inces.gob.ve\/wp-content\/uploads\/2023\/06\/entrega-de-reconocimiento-2-e1685992433139-300x225.jpg 300w, https:\/\/inces.gob.ve\/wp-content\/uploads\/2023\/06\/entrega-de-reconocimiento-2-e1685992433139-768x576.jpg 768w, https:\/\/inces.gob.ve\/wp-content\/uploads\/2023\/06\/entrega-de-reconocimiento-2-e1685992433139-136x102.jpg 136w\" sizes=\"auto, (max-width: 800px) 100vw, 800px\" \/><\/p>\n<p style=\"text-align: justify;\" align=\"justify\"><span style=\"font-family: helvetica, arial, sans-serif; font-size: 14pt;\">Dentro de este acto, J<b>ahdai Mavo, aprendiz Inces en el oficio productivo: Asistente Administrativo<\/b> en la entidad de trabajo Multimax Paraguan\u00e1, fue la responsable de dirigirse a los presentes por la clase trabajadora joven, resaltando en primer t\u00e9rmino, la oportunidad de poder expresarse como joven y agradeci\u00f3 al centro de formaci\u00f3n y a todo su equipo de trabajo que ha permitido a la juventud la oportunidad de formarse en el \u00e1mbito personal y laboral.<\/span><\/p>\n<p style=\"text-align: justify;\" align=\"justify\"><span style=\"font-family: helvetica, arial, sans-serif; font-size: 14pt;\">Resalt\u00f3, es un gran logro, \u201cno ha sido individual, sino colectivo, porque detr\u00e1s de cada esfuerzo existen personas significativas como nuestros familiares, instructores y compa\u00f1eros, que con sus constantes consejos nos impulsan a seguir adelante, pese a las dificultades que se puedan presentar\u201d.<\/span><\/p>\n<p style=\"text-align: justify;\" align=\"justify\"><span style=\"font-family: helvetica, arial, sans-serif; font-size: 14pt;\">Exhort\u00f3 a los j\u00f3venes a permanecer en el pa\u00eds luchando y aprovechando las oportunidades que brindan instituciones del Estado, como el Inces, que ofrecen la oportunidad del primer empleo para crecer profesionalmente en \u00e1reas que responden al desarrollo del pa\u00eds. Manifest\u00f3, la oportunidad de formarme como trabajadora ha sido una experiencia muy gratificante, por lo que consider\u00f3, son pol\u00edticas educativas asertivas que se deben seguirse implementando para que muchos j\u00f3venes tengan la oportunidad de formar parte del cambio, de la transformaci\u00f3n econ\u00f3mica que requiere el pa\u00eds.<\/span><\/p>\n<p align=\"justify\"><img loading=\"lazy\" decoding=\"async\" class=\"aligncenter wp-image-51600 \" src=\"https:\/\/inces.gob.ve\/wp-content\/uploads\/2023\/06\/entrega-de-reconocimiento-4-e1685992453294-768x1024.jpg\" alt=\"\" width=\"453\" height=\"604\" \/><\/p>\n<p style=\"text-align: justify;\" align=\"justify\"><span style=\"font-family: helvetica, arial, sans-serif; font-size: 14pt;\">\u201cEn nuestro pa\u00eds, sea como sea, tenemos patria, tenemos pueblo, creo en un pa\u00eds de inmensas riqueza, de oportunidades, como Venezuela, en la cual nosotros como j\u00f3venes podemos contribuir al desarrollo de la naci\u00f3n de forma integral en todos los \u00f3rdenes\u201d, puntualiz\u00f3.<\/span><\/p>\n<p style=\"text-align: justify;\" align=\"justify\"><span style=\"font-family: helvetica, arial, sans-serif; font-size: 14pt;\">Por su parte el aprendiz <b>Segundo Marcano <\/b><b>del oficio Oficinista de Compras<\/b> en la entidad de trabajo CLX Paraguan\u00e1, habl\u00f3 sobre su experiencia y c\u00f3mo fueron sus inicios en el Instituto de Acci\u00f3n Docente Delegada, Vectores, \u201cen mi formaci\u00f3n como trabajador, aprend\u00ed a enfrentar los miedos, dejando muy claro que la edad no tiene limites y nunca hay que dejar de so\u00f1ar en grande: le digo a los j\u00f3venes,, <i>nunca dej<\/i><i>en<\/i> de perseguir sus sue\u00f1os. Si <i>tenemos<\/i> la fe suficiente, nuestro futuro podr\u00e1 ser maravilloso\u201d.<\/span><\/p>\n<p style=\"text-align: justify;\" align=\"justify\"><span style=\"font-family: helvetica, arial, sans-serif; font-size: 14pt;\">Agradeci\u00f3 a todos los que lo han apoyado en este crecimiento profesional, \u201csolo me queda decirles gracias, y este es el primer reconocimiento de muchos que est\u00e1n por venir\u201d.<\/span><\/p>\n","protected":false},"excerpt":{"rendered":"<p>** El reconocimiento se hizo en\u00a0un acto organizado por la JPSUV para el encuentro de los diversos sectores laborales combativos del estado Falc\u00f3n<\/p>\n","protected":false},"author":15,"featured_media":51597,"comment_status":"closed","ping_status":"closed","sticky":false,"template":"","format":"standard","meta":{"footnotes":""},"categories":[2],"tags":[],"class_list":["post-51595","post","type-post","status-publish","format-standard","has-post-thumbnail","hentry","category-blog"],"_links":{"self":[{"href":"https:\/\/inces.gob.ve\/index.php\/wp-json\/wp\/v2\/posts\/51595","targetHints":{"allow":["GET"]}}],"collection":[{"href":"https:\/\/inces.gob.ve\/index.php\/wp-json\/wp\/v2\/posts"}],"about":[{"href":"https:\/\/inces.gob.ve\/index.php\/wp-json\/wp\/v2\/types\/post"}],"author":[{"embeddable":true,"href":"https:\/\/inces.gob.ve\/index.php\/wp-json\/wp\/v2\/users\/15"}],"replies":[{"embeddable":true,"href":"https:\/\/inces.gob.ve\/index.php\/wp-json\/wp\/v2\/comments?post=51595"}],"version-history":[{"count":4,"href":"https:\/\/inces.gob.ve\/index.php\/wp-json\/wp\/v2\/posts\/51595\/revisions"}],"predecessor-version":[{"id":51604,"href":"https:\/\/inces.gob.ve\/index.php\/wp-json\/wp\/v2\/posts\/51595\/revisions\/51604"}],"wp:featuredmedia":[{"embeddable":true,"href":"https:\/\/inces.gob.ve\/index.php\/wp-json\/wp\/v2\/media\/51597"}],"wp:attachment":[{"href":"https:\/\/inces.gob.ve\/index.php\/wp-json\/wp\/v2\/media?parent=51595"}],"wp:term":[{"taxonomy":"category","embeddable":true,"href":"https:\/\/inces.gob.ve\/index.php\/wp-json\/wp\/v2\/categories?post=51595"},{"taxonomy":"post_tag","embeddable":true,"href":"https:\/\/inces.gob.ve\/index.php\/wp-json\/wp\/v2\/tags?post=51595"}],"curies":[{"name":"wp","href":"https:\/\/api.w.org\/{rel}","templated":true}]}}