{"id":51655,"date":"2023-06-07T21:49:24","date_gmt":"2023-06-08T01:49:24","guid":{"rendered":"https:\/\/inces.gob.ve\/?p=51655"},"modified":"2023-06-07T21:49:24","modified_gmt":"2023-06-08T01:49:24","slug":"se-realizo-una-primera-jornada-de-inscripciones-a-cielo-abierto-en-la-guaira","status":"publish","type":"post","link":"https:\/\/inces.gob.ve\/index.php\/2023\/06\/07\/se-realizo-una-primera-jornada-de-inscripciones-a-cielo-abierto-en-la-guaira\/","title":{"rendered":"Se realiz\u00f3 una primera jornada de inscripciones a cielo abierto en La Guaira"},"content":{"rendered":"<p style=\"text-align: justify;\"><span style=\"font-family: helvetica, arial, sans-serif; font-size: 14pt;\"><b><i>** Queremos llevar formaci\u00f3n a todos los venezolanos<\/i><\/b><\/span><!--more--><\/p>\n<p style=\"text-align: justify;\">\n<p style=\"text-align: justify;\"><span style=\"font-family: helvetica, arial, sans-serif; font-size: 14pt;\"><b><i>DIMAS P\u00c1EZ<\/i><\/b><\/span><\/p>\n<p style=\"text-align: justify;\"><span style=\"font-family: helvetica, arial, sans-serif; font-size: 14pt;\"><b><i>F\/Georgelys L\u00f3pez\u00a0<\/i><\/b><\/span><\/p>\n<p style=\"text-align: justify;\">\n<p style=\"text-align: justify;\"><span style=\"font-weight: 400; font-family: helvetica, arial, sans-serif; font-size: 14pt;\">Desde la plaza Bol\u00edvar de Catia la Mar, estado La Guaira, se realiz\u00f3 la primera jornada de inscripciones para la formaci\u00f3n de la poblaci\u00f3n guairense. El Instituto Nacional de Capacitaci\u00f3n y Educaci\u00f3n Socialista (Inces), ofrece 370\u00a0 unidades curriculares, para formar al pueblo venezolano.<\/span><\/p>\n<p style=\"text-align: justify;\">\n<p style=\"text-align: justify;\"><span style=\"font-weight: 400; font-family: helvetica, arial, sans-serif; font-size: 14pt;\">En la misma se realizaron muestras productivas en las \u00e1reas textil, gastronom\u00eda y barber\u00eda.\u00a0 El maestro t\u00e9cnico productivo (MTP) de barber\u00eda, Adonis Brice\u00f1o, en compa\u00f1\u00eda de varios estudiantes, prestaron el servicio de corte de cabello a los ni\u00f1os y hombres presentes en la jornada.\u00a0<\/span><\/p>\n<p>&nbsp;<\/p>\n<p style=\"text-align: justify;\"><img loading=\"lazy\" decoding=\"async\" class=\"aligncenter wp-image-51656 size-large\" src=\"https:\/\/inces.gob.ve\/wp-content\/uploads\/2023\/06\/WhatsApp-Image-2023-06-06-at-11.38.40-AM-768x1024.jpeg\" alt=\"\" width=\"640\" height=\"853\" srcset=\"https:\/\/inces.gob.ve\/wp-content\/uploads\/2023\/06\/WhatsApp-Image-2023-06-06-at-11.38.40-AM-768x1024.jpeg 768w, https:\/\/inces.gob.ve\/wp-content\/uploads\/2023\/06\/WhatsApp-Image-2023-06-06-at-11.38.40-AM-225x300.jpeg 225w, https:\/\/inces.gob.ve\/wp-content\/uploads\/2023\/06\/WhatsApp-Image-2023-06-06-at-11.38.40-AM.jpeg 810w\" sizes=\"auto, (max-width: 640px) 100vw, 640px\" \/><\/p>\n<p>&nbsp;<\/p>\n<p style=\"text-align: justify;\"><span style=\"font-weight: 400; font-family: helvetica, arial, sans-serif; font-size: 14pt;\">Por su parte, el gerente regional de Vargas, Gibran Henr\u00edquez, explic\u00f3 parte de la tarea que viene realizando el Inces en la regi\u00f3n: \u201cEn estos momentos estamos realizando la feria de inscripciones de los futuros participantes a quienes les ofrecemos tres Centros de Formaci\u00f3n Socialista (CFS). Contamos con cuarenta MTP y sesenta unidades curriculares formativas. En aula tenemos m\u00e1s de 900 j\u00f3venes. Adicionalmente tenemos a los muchachos del Programa Nacional de Aprendizaje y a los j\u00f3venes que hacen vida en las diferentes comunas del estado\u201d.<\/span><\/p>\n<p style=\"text-align: justify;\">\n<p style=\"text-align: justify;\"><span style=\"font-weight: 400; font-family: helvetica, arial, sans-serif; font-size: 14pt;\">Tambi\u00e9n los j\u00f3venes productivos cuentan con el Inces para sus formaciones en el \u00e1rea del emprendimiento. Este es un\u00a0 primer ensayo para ofrecerles a los habitantes de las diferentes comunidades del estado las diversas formaciones que tiene el Inces en motores como industrial y turismo, entre otros, para lograr incentivar y promover las acciones formativas que el Inces tiene\u00bb, finaliz\u00f3 Gibran Henr\u00edquez.<\/span><\/p>\n<p style=\"text-align: justify;\"><img loading=\"lazy\" decoding=\"async\" class=\"aligncenter wp-image-51658 size-large\" src=\"https:\/\/inces.gob.ve\/wp-content\/uploads\/2023\/06\/WhatsApp-Image-2023-06-06-at-11.44.16-AM-768x1024.jpeg\" alt=\"\" width=\"640\" height=\"853\" srcset=\"https:\/\/inces.gob.ve\/wp-content\/uploads\/2023\/06\/WhatsApp-Image-2023-06-06-at-11.44.16-AM-768x1024.jpeg 768w, https:\/\/inces.gob.ve\/wp-content\/uploads\/2023\/06\/WhatsApp-Image-2023-06-06-at-11.44.16-AM-225x300.jpeg 225w, https:\/\/inces.gob.ve\/wp-content\/uploads\/2023\/06\/WhatsApp-Image-2023-06-06-at-11.44.16-AM.jpeg 810w\" sizes=\"auto, (max-width: 640px) 100vw, 640px\" \/><\/p>\n<p style=\"text-align: justify;\"><span style=\"font-weight: 400; font-family: helvetica, arial, sans-serif; font-size: 14pt;\">El coordinador nacional del Programa Hotel-Escuela de Instituto Nacional de Turismo (Inatur) Edgar Velasco expuso: \u201cEstamos d\u00e1ndole justo valor y justicia al convenio que tiene firmado el Inces con Inatur, hoy venimos a ofrecer nuestro apoyo en la jornada de inscripci\u00f3n\u201d.\u00a0<\/span><\/p>\n<p style=\"text-align: justify;\">\n<p style=\"text-align: justify;\"><span style=\"font-weight: 400; font-family: helvetica, arial, sans-serif; font-size: 14pt;\">Para concretar Velasco, dijo: \u201cHoy se van a dictar diferentes charlas sobre dulcer\u00eda criolla y se van dar unos talleres de bartender donde el p\u00fablico podr\u00e1 observar c\u00f3mo se preparan los diferente cocteles; esto con el prop\u00f3sito de motivar al p\u00fablico presente a inscribirse en el Inces, para ser formados en el \u00e1rea gastron\u00f3mica\u201d.\u00a0<\/span><\/p>\n<p style=\"text-align: justify;\">\n<p style=\"text-align: justify;\"><span style=\"font-weight: 400; font-family: helvetica, arial, sans-serif; font-size: 14pt;\">La se\u00f1ora Yasmin Carvajal, opin\u00f3: \u201cYo siempre he querido prepararme en el Inces en el \u00e1rea Textil. En estos momentos estoy realizando mi inscripci\u00f3n de una manera r\u00e1pida, eficaz y sin muchos tramites; mi reflexi\u00f3n es\u00a0 para invitar a mis coterr\u00e1neos a inscribirse en las distintas formaciones que nos ofrece el Inces\u201d.<\/span><\/p>\n<p style=\"text-align: justify;\">\n<p style=\"text-align: justify;\"><span style=\"font-weight: 400; font-family: helvetica, arial, sans-serif; font-size: 14pt;\">Por su parte el MTP Germ\u00e1n S\u00e1nchez, junto con los trabajadores de gastronom\u00eda del Inces La Guaira, mostraron diferentes productos gastron\u00f3micos que fueron degustados por el p\u00fablico presente.\u00a0<\/span><\/p>\n<p style=\"text-align: justify;\">\n<p style=\"text-align: justify;\"><span style=\"font-weight: 400; font-family: helvetica, arial, sans-serif; font-size: 14pt;\">El p\u00fablico degust\u00f3 varios c\u00f3cteles preparados por Edgar Velasco, como Mojito, Daikiri y Destornillador. Este tipo de jornada est\u00e1 previsto realizarlas en diferentes puntos del estado.<\/span><\/p>\n<p style=\"text-align: justify;\">\n","protected":false},"excerpt":{"rendered":"<p>** Queremos llevar formaci\u00f3n a todos los venezolanos<\/p>\n","protected":false},"author":4,"featured_media":51660,"comment_status":"closed","ping_status":"closed","sticky":false,"template":"","format":"standard","meta":{"footnotes":""},"categories":[2],"tags":[],"class_list":["post-51655","post","type-post","status-publish","format-standard","has-post-thumbnail","hentry","category-blog"],"_links":{"self":[{"href":"https:\/\/inces.gob.ve\/index.php\/wp-json\/wp\/v2\/posts\/51655","targetHints":{"allow":["GET"]}}],"collection":[{"href":"https:\/\/inces.gob.ve\/index.php\/wp-json\/wp\/v2\/posts"}],"about":[{"href":"https:\/\/inces.gob.ve\/index.php\/wp-json\/wp\/v2\/types\/post"}],"author":[{"embeddable":true,"href":"https:\/\/inces.gob.ve\/index.php\/wp-json\/wp\/v2\/users\/4"}],"replies":[{"embeddable":true,"href":"https:\/\/inces.gob.ve\/index.php\/wp-json\/wp\/v2\/comments?post=51655"}],"version-history":[{"count":1,"href":"https:\/\/inces.gob.ve\/index.php\/wp-json\/wp\/v2\/posts\/51655\/revisions"}],"predecessor-version":[{"id":51661,"href":"https:\/\/inces.gob.ve\/index.php\/wp-json\/wp\/v2\/posts\/51655\/revisions\/51661"}],"wp:featuredmedia":[{"embeddable":true,"href":"https:\/\/inces.gob.ve\/index.php\/wp-json\/wp\/v2\/media\/51660"}],"wp:attachment":[{"href":"https:\/\/inces.gob.ve\/index.php\/wp-json\/wp\/v2\/media?parent=51655"}],"wp:term":[{"taxonomy":"category","embeddable":true,"href":"https:\/\/inces.gob.ve\/index.php\/wp-json\/wp\/v2\/categories?post=51655"},{"taxonomy":"post_tag","embeddable":true,"href":"https:\/\/inces.gob.ve\/index.php\/wp-json\/wp\/v2\/tags?post=51655"}],"curies":[{"name":"wp","href":"https:\/\/api.w.org\/{rel}","templated":true}]}}