{"id":51662,"date":"2023-06-07T21:52:45","date_gmt":"2023-06-08T01:52:45","guid":{"rendered":"https:\/\/inces.gob.ve\/?p=51662"},"modified":"2023-06-07T21:54:27","modified_gmt":"2023-06-08T01:54:27","slug":"yaracuy-futuros-bachilleres-del-liceo-inces-reciben-induccion-para-el-ingreso-al-sistema-opsu","status":"publish","type":"post","link":"https:\/\/inces.gob.ve\/index.php\/2023\/06\/07\/yaracuy-futuros-bachilleres-del-liceo-inces-reciben-induccion-para-el-ingreso-al-sistema-opsu\/","title":{"rendered":"YARACUY | Futuros bachilleres del Liceo Inces reciben inducci\u00f3n para el ingreso al sistema OPSU"},"content":{"rendered":"<p style=\"text-align: justify;\"><span style=\"font-family: helvetica, arial, sans-serif;\"><em>*** De igual manera fueron orientados sobre la revisi\u00f3n de documentos necesarios para obtener el t\u00edtulo de bachiller<\/em><\/span><!--more--><\/p>\n<p style=\"text-align: justify;\"><strong><span style=\"font-family: helvetica, arial, sans-serif; text-align: justify;\">YOLAICE VARGAS<\/span><\/strong><\/p>\n<p style=\"text-align: justify;\"><span style=\"font-family: helvetica, arial, sans-serif; text-align: justify;\">En v\u00edsperas de celebrarse el pr\u00f3ximo mes de julio las graduaciones de bachilleres correspondientes al lapso escolar 2022-2023, los estudiantes del sexto periodo del Liceo Inces, reciben inducci\u00f3n y orientaciones correspondientes al\u00a0\u00a0ingreso del sistema OPSU as\u00ed como de la documentaci\u00f3n reglamentaria para la obtenci\u00f3n del t\u00edtulo como bachilleres de la Rep\u00fablica Bolivariana de Venezuela.<\/span><\/p>\n<p>&nbsp;<\/p>\n<p style=\"text-align: justify;\"><span style=\"font-family: helvetica, arial, sans-serif;\">La informaci\u00f3n la dio a conocer el director del Liceo Inces, Andri Fonseca, quien destac\u00f3 que, durante el encuentro, los j\u00f3venes fueron notificados de la revisi\u00f3n de expedientes necesarios para cumplir ante el Centro de Desarrollo para la Calidad Educativa y la solicitud del t\u00edtulo que los acredita como bachilleres.<\/span><\/p>\n<p>&nbsp;<\/p>\n<p style=\"text-align: justify;\"><span style=\"font-family: helvetica, arial, sans-serif;\">Se\u00f1al\u00f3 que es de suma importancia ponerse al d\u00eda en caso de faltar alg\u00fan documento (copias de c\u00e9dula, partidas de nacimiento, notas de otras instituciones entre otros).<\/span><\/p>\n<p>&nbsp;<\/p>\n<p style=\"text-align: justify;\"><span style=\"font-family: helvetica, arial, sans-serif;\">De igual manera los futuros bachilleres recibieron la inducci\u00f3n del ingreso al sistema Opsu, paso importante para la prosecuci\u00f3n educativa a nivel universitario. Resalt\u00f3 que en los pr\u00f3ximos d\u00edas se realizar\u00e1 la feria universitaria en donde los estudiantes participar\u00e1n para conocer las oportunidades en cuanto al nivel superior que ofrecen las diferentes casas de estudio en la regi\u00f3n.<\/span><\/p>\n<p>&nbsp;<\/p>\n<p style=\"text-align: justify;\"><span style=\"font-family: helvetica, arial, sans-serif;\">Por otra parte Fonseca, mencion\u00f3 que los pr\u00f3ximos graduandos deben cumplir con car\u00e1cter de obligatoriedad una formaci\u00f3n extra c\u00e1tedra, la cual estar\u00e1 bajo la responsabilidad del MTP del Inces Jorge Peppas, y esta se denomina UC Eventos y Protocolo, puntualiz\u00f3.<\/span><\/p>\n<p style=\"text-align: justify;\">\n","protected":false},"excerpt":{"rendered":"<p>*** De igual manera fueron orientados sobre la revisi\u00f3n de documentos necesarios para obtener el t\u00edtulo de bachiller<\/p>\n","protected":false},"author":4,"featured_media":51663,"comment_status":"closed","ping_status":"closed","sticky":false,"template":"","format":"standard","meta":{"footnotes":""},"categories":[2],"tags":[],"class_list":["post-51662","post","type-post","status-publish","format-standard","has-post-thumbnail","hentry","category-blog"],"_links":{"self":[{"href":"https:\/\/inces.gob.ve\/index.php\/wp-json\/wp\/v2\/posts\/51662","targetHints":{"allow":["GET"]}}],"collection":[{"href":"https:\/\/inces.gob.ve\/index.php\/wp-json\/wp\/v2\/posts"}],"about":[{"href":"https:\/\/inces.gob.ve\/index.php\/wp-json\/wp\/v2\/types\/post"}],"author":[{"embeddable":true,"href":"https:\/\/inces.gob.ve\/index.php\/wp-json\/wp\/v2\/users\/4"}],"replies":[{"embeddable":true,"href":"https:\/\/inces.gob.ve\/index.php\/wp-json\/wp\/v2\/comments?post=51662"}],"version-history":[{"count":3,"href":"https:\/\/inces.gob.ve\/index.php\/wp-json\/wp\/v2\/posts\/51662\/revisions"}],"predecessor-version":[{"id":51666,"href":"https:\/\/inces.gob.ve\/index.php\/wp-json\/wp\/v2\/posts\/51662\/revisions\/51666"}],"wp:featuredmedia":[{"embeddable":true,"href":"https:\/\/inces.gob.ve\/index.php\/wp-json\/wp\/v2\/media\/51663"}],"wp:attachment":[{"href":"https:\/\/inces.gob.ve\/index.php\/wp-json\/wp\/v2\/media?parent=51662"}],"wp:term":[{"taxonomy":"category","embeddable":true,"href":"https:\/\/inces.gob.ve\/index.php\/wp-json\/wp\/v2\/categories?post=51662"},{"taxonomy":"post_tag","embeddable":true,"href":"https:\/\/inces.gob.ve\/index.php\/wp-json\/wp\/v2\/tags?post=51662"}],"curies":[{"name":"wp","href":"https:\/\/api.w.org\/{rel}","templated":true}]}}