{"id":51667,"date":"2023-06-07T22:54:05","date_gmt":"2023-06-08T02:54:05","guid":{"rendered":"https:\/\/inces.gob.ve\/?p=51667"},"modified":"2023-06-07T23:03:38","modified_gmt":"2023-06-08T03:03:38","slug":"inces-conecto-con-el-presidente-maduro-desde-la-parroquia-la-vega","status":"publish","type":"post","link":"https:\/\/inces.gob.ve\/index.php\/2023\/06\/07\/inces-conecto-con-el-presidente-maduro-desde-la-parroquia-la-vega\/","title":{"rendered":"Inces se conect\u00f3 con el presidente Maduro desde la parroquia La Vega"},"content":{"rendered":"<p style=\"text-align: justify;\"><span style=\"font-family: helvetica, arial, sans-serif; font-size: 14pt;\"><em><strong>** El Inces ratifica su pol\u00edtica de territorializaci\u00f3n de la formaci\u00f3n<\/strong><\/em><\/span><\/p>\n<p style=\"text-align: justify;\"><span style=\"font-family: helvetica, arial, sans-serif; font-size: 14pt;\"><!--more--><\/span><\/p>\n<p style=\"text-align: justify;\"><span style=\"font-family: helvetica, arial, sans-serif; font-size: 14pt;\">Durante la transmisi\u00f3n de un acto presidencial, la alcaldesa de Caracas, Carmen Mel\u00e9ndez, inaugur\u00f3 la Base de Misiones \u00abNico y Cilita\u00bb, ubicada en la parroquia La Vega. Durante el evento, el presidente de la Rep\u00fablica, Nicol\u00e1s Maduro Moros, fue informado de que el Instituto Nacional de Capacitaci\u00f3n y Educaci\u00f3n Socialista (Inces) est\u00e1 activo en la comunidad, proporcionando formaci\u00f3n y capacitaci\u00f3n a los locales.<\/span><\/p>\n<p>&nbsp;<\/p>\n<p style=\"text-align: justify;\"><span style=\"font-family: helvetica, arial, sans-serif; font-size: 14pt;\">\u00abEl Inces tiene aqu\u00ed un espacio para todos, para nuestra juventud;\u00a0 quienes quieran aprender un nuevo oficio, el Inces est\u00e1 ense\u00f1ando: produciendo y\u00a0 ense\u00f1ando\u00bb, espec\u00edfico Mel\u00e9ndez.<\/span><\/p>\n<p>&nbsp;<\/p>\n<p style=\"text-align: justify;\"><span style=\"font-family: helvetica, arial, sans-serif; font-size: 14pt;\">Durante su visita al stand de la casa de formaci\u00f3n profesional en Venezuela, la alcaldesa tuvo la oportunidad de compartir con el presidente de la instituci\u00f3n, Wuikelman Angel, as\u00ed como con las maestras y participantes que est\u00e1n recibiendo formaci\u00f3n en la comunidad de La Vega.<\/span><\/p>\n<p>&nbsp;<\/p>\n<p style=\"text-align: justify;\"><img loading=\"lazy\" decoding=\"async\" class=\"aligncenter wp-image-51669 size-large\" src=\"https:\/\/inces.gob.ve\/wp-content\/uploads\/2023\/06\/WhatsApp-Image-2023-06-07-at-6.19.40-PM-1024x768.jpeg\" alt=\"\" width=\"640\" height=\"480\" srcset=\"https:\/\/inces.gob.ve\/wp-content\/uploads\/2023\/06\/WhatsApp-Image-2023-06-07-at-6.19.40-PM-1024x768.jpeg 1024w, https:\/\/inces.gob.ve\/wp-content\/uploads\/2023\/06\/WhatsApp-Image-2023-06-07-at-6.19.40-PM-300x225.jpeg 300w, https:\/\/inces.gob.ve\/wp-content\/uploads\/2023\/06\/WhatsApp-Image-2023-06-07-at-6.19.40-PM-768x576.jpeg 768w, https:\/\/inces.gob.ve\/wp-content\/uploads\/2023\/06\/WhatsApp-Image-2023-06-07-at-6.19.40-PM-136x102.jpeg 136w, https:\/\/inces.gob.ve\/wp-content\/uploads\/2023\/06\/WhatsApp-Image-2023-06-07-at-6.19.40-PM.jpeg 1040w\" sizes=\"auto, (max-width: 640px) 100vw, 640px\" \/><\/p>\n<p>&nbsp;<\/p>\n<p style=\"text-align: justify;\"><span style=\"font-family: helvetica, arial, sans-serif; font-size: 14pt;\">Al respecto, Libia Garc\u00eda, aprendiz del \u00e1rea textil, manifest\u00f3: \u00abMi experiencia en el Inces ha sido muy bonita, porque he tenido la oportunidad de aprender a elaborar patrones y a manejar las m\u00e1quinas de coser. En los meses que tengo en el Inces este me ha dado muchos conocimientos, con la finalidad de que alg\u00fan d\u00eda tenga un emprendimiento y ayudar a las personas\u00bb.<\/span><\/p>\n<p>&nbsp;<\/p>\n<p style=\"text-align: justify;\"><span style=\"font-family: helvetica, arial, sans-serif; font-size: 14pt;\">Ante la declaraci\u00f3n de la joven, la alcaldesa de Caracas le garantiz\u00f3 el financiamiento de su emprendimiento a trav\u00e9s el Instituto Municipal de Cr\u00e9dito \u00abpara que sea una joven productora de La Vega\u00bb, dijo.<\/span><\/p>\n<p>&nbsp;<\/p>\n<p style=\"text-align: justify;\"><span style=\"font-family: helvetica, arial, sans-serif; font-size: 14pt;\">El Inces tiene presencia en todo el territorio nacional y est\u00e1 enfocado en atender a aquellos interesados en recibir formaci\u00f3n en sus propias comunidades, lugares de trabajo, instalaciones militares y cualquier otro espacio fuera de sus centros de formaci\u00f3n, donde se requiera su presencia.<\/span><\/p>\n","protected":false},"excerpt":{"rendered":"<p>** El Inces ratifica su pol\u00edtica de territorializaci\u00f3n de la formaci\u00f3n<\/p>\n","protected":false},"author":4,"featured_media":51668,"comment_status":"closed","ping_status":"closed","sticky":false,"template":"","format":"standard","meta":{"footnotes":""},"categories":[2],"tags":[],"class_list":["post-51667","post","type-post","status-publish","format-standard","has-post-thumbnail","hentry","category-blog"],"_links":{"self":[{"href":"https:\/\/inces.gob.ve\/index.php\/wp-json\/wp\/v2\/posts\/51667","targetHints":{"allow":["GET"]}}],"collection":[{"href":"https:\/\/inces.gob.ve\/index.php\/wp-json\/wp\/v2\/posts"}],"about":[{"href":"https:\/\/inces.gob.ve\/index.php\/wp-json\/wp\/v2\/types\/post"}],"author":[{"embeddable":true,"href":"https:\/\/inces.gob.ve\/index.php\/wp-json\/wp\/v2\/users\/4"}],"replies":[{"embeddable":true,"href":"https:\/\/inces.gob.ve\/index.php\/wp-json\/wp\/v2\/comments?post=51667"}],"version-history":[{"count":6,"href":"https:\/\/inces.gob.ve\/index.php\/wp-json\/wp\/v2\/posts\/51667\/revisions"}],"predecessor-version":[{"id":51675,"href":"https:\/\/inces.gob.ve\/index.php\/wp-json\/wp\/v2\/posts\/51667\/revisions\/51675"}],"wp:featuredmedia":[{"embeddable":true,"href":"https:\/\/inces.gob.ve\/index.php\/wp-json\/wp\/v2\/media\/51668"}],"wp:attachment":[{"href":"https:\/\/inces.gob.ve\/index.php\/wp-json\/wp\/v2\/media?parent=51667"}],"wp:term":[{"taxonomy":"category","embeddable":true,"href":"https:\/\/inces.gob.ve\/index.php\/wp-json\/wp\/v2\/categories?post=51667"},{"taxonomy":"post_tag","embeddable":true,"href":"https:\/\/inces.gob.ve\/index.php\/wp-json\/wp\/v2\/tags?post=51667"}],"curies":[{"name":"wp","href":"https:\/\/api.w.org\/{rel}","templated":true}]}}