{"id":51733,"date":"2023-06-12T13:49:07","date_gmt":"2023-06-12T17:49:07","guid":{"rendered":"https:\/\/inces.gob.ve\/?p=51733"},"modified":"2023-06-12T13:49:07","modified_gmt":"2023-06-12T17:49:07","slug":"san-fernando-inces-y-la-gobernacion-del-estado-apure-crean-alianza-formativa","status":"publish","type":"post","link":"https:\/\/inces.gob.ve\/index.php\/2023\/06\/12\/san-fernando-inces-y-la-gobernacion-del-estado-apure-crean-alianza-formativa\/","title":{"rendered":"SAN FERNANDO | Inces y la Gobernaci\u00f3n del estado Apure crean alianza formativa"},"content":{"rendered":"<p style=\"text-align: justify;\"><em><strong><span style=\"font-family: helvetica, arial, sans-serif; font-size: 14pt;\">** La formaci\u00f3n de la clase trabajadora es meta primordial para la casa formativa<\/span><\/strong><\/em><!--more--><\/p>\n<p>&nbsp;<\/p>\n<p style=\"text-align: justify;\"><span style=\"font-weight: 400; font-family: helvetica, arial, sans-serif; font-size: 14pt;\">En el marco de las relaciones interinstitucionales, el Instituto Nacional de Capacitaci\u00f3n y Educaci\u00f3n Socialista (Inces) formar\u00e1 en una primera fase a 40 funcionarios de la gobernaci\u00f3n del estado Apure en Administraci\u00f3n de Recursos Humanos, Organizaci\u00f3n y Administraci\u00f3n de Oficinas.<\/span><\/p>\n<p style=\"text-align: justify;\">\n<p style=\"text-align: justify;\"><span style=\"font-weight: 400; font-family: helvetica, arial, sans-serif; font-size: 14pt;\">El inicio de la formaci\u00f3n se desarroll\u00f3 en la Oficina de Seguridad de la gobernaci\u00f3n, con la presencia de la responsable de la Secretar\u00eda de Recursos Humanos, Ana Alonso Aguilera; el jefe del departamento de Reclutamiento y Selecci\u00f3n y miembro de la Comisi\u00f3n Evaluadora de Recursos Humanos, Rodolfo Chourio; el gerente regional del Inces Apure, Daviel Rodr\u00edguez, la jefa del centro de formaci\u00f3n socialista Biruaca, Shurlenny Mirabal; la directora del liceo Inces Apure, Ana Karina Ascanio, el jefe del centro de formaci\u00f3n socialista San Fernando, Jos\u00e9 P\u00e9rez, el maestro t\u00e9cnico productivo, Carlos Ramos y la maestra t\u00e9cnico productivo, Jenifer P\u00e9rez, quienes ser\u00e1n encargados de dictar las Unidades Curriculares.<\/span><\/p>\n<p style=\"text-align: justify;\"><span style=\"font-weight: 400; font-family: helvetica, arial, sans-serif; font-size: 14pt;\">\u00a0<\/span><\/p>\n<p style=\"text-align: justify;\"><span style=\"font-weight: 400; font-family: helvetica, arial, sans-serif; font-size: 14pt;\">Los participantes de estas formaciones podr\u00e1n desarrollar habilidades en Administraci\u00f3n de Recursos Humanos, Capacitaci\u00f3n y Desarrollo de Recursos Humanos, Competencias Laborales, Introducci\u00f3n a la Redacci\u00f3n, La Correspondencia, Tipos de Oficinas y Atenci\u00f3n al P\u00fablico, y estar\u00e1n conformadas por personal de\u00a0 los departamentos de Seguridad y Recursos Humanos, dentro de ellos Registro y Control, Atenci\u00f3n al Trabajador, Asesor\u00eda Legal, Relaciones Interinstitucionales y Servicios Generales.\u00a0<\/span><\/p>\n<p style=\"text-align: justify;\">\n<p style=\"text-align: justify;\"><span style=\"font-weight: 400; font-family: helvetica, arial, sans-serif; font-size: 14pt;\">Por su parte, la responsable de la Secretar\u00eda de Recursos Humanos de la gobernaci\u00f3n de la entidad, Ana Alonso Aguilera, detall\u00f3: \u00abHoy como l\u00edder de un gran equipo, estamos cumpliendo con una corresponsabilidad institucional con el Inces Apure y todo esa maravillosa gente que acompa\u00f1a al gerente Daviel Rodr\u00edguez. Estamos dando inicio a una jornada de formaci\u00f3n para nuestros trabajadores y trabajadoras, siguiendo instrucciones del gobernador Germ\u00e1n Eduardo Pi\u00f1ate, como l\u00edder de los derechos de los trabajadores, de nuestras reivindicaciones laborales, permitiendo as\u00ed el crecimiento personal y profesional de cada uno de ellos, seg\u00fan las \u00e1reas d\u00f3nde se desempe\u00f1an laboralmente, esto en miras de fortalecer los v\u00e9rtices del Apure Grande, Pr\u00f3spero y Productivo.\u00bb<\/span><\/p>\n<p style=\"text-align: justify;\">\n<p><img loading=\"lazy\" decoding=\"async\" class=\"aligncenter wp-image-51734 size-full\" src=\"https:\/\/inces.gob.ve\/wp-content\/uploads\/2023\/06\/WhatsApp-Image-2023-06-09-at-9.24.37-AM.jpeg\" alt=\"\" width=\"1020\" height=\"445\" srcset=\"https:\/\/inces.gob.ve\/wp-content\/uploads\/2023\/06\/WhatsApp-Image-2023-06-09-at-9.24.37-AM.jpeg 1020w, https:\/\/inces.gob.ve\/wp-content\/uploads\/2023\/06\/WhatsApp-Image-2023-06-09-at-9.24.37-AM-300x131.jpeg 300w, https:\/\/inces.gob.ve\/wp-content\/uploads\/2023\/06\/WhatsApp-Image-2023-06-09-at-9.24.37-AM-768x335.jpeg 768w\" sizes=\"auto, (max-width: 1020px) 100vw, 1020px\" \/><\/p>\n<p style=\"text-align: justify;\"><span style=\"font-weight: 400; font-family: helvetica, arial, sans-serif; font-size: 14pt;\">\u00abIniciamos con 40 trabajadores, sin embargo tenemos una proyecci\u00f3n de formar a 128 trabajadores que conforman diferentes departamentos, incluso en los pr\u00f3ximos meses se estar\u00e1 haciendo expansivo dentro de un plan de metas como gabinete amplio, para que nuestros trabajadores tengan la oportunidad de formarse siguiendo el legado que dej\u00f3 el presidente Hugo Ch\u00e1vez y que hoy a trav\u00e9s del presidente Nicol\u00e1s Maduro y el presidente del Inces Wuikelman \u00c1ngel Paredes, podemos cristalizar un proceso formativo y de trayectoria laboral de nuestro trabajadores\u00bb, a\u00f1adi\u00f3 Aguilera.<\/span><\/p>\n<p style=\"text-align: justify;\">\n<p style=\"text-align: justify;\"><span style=\"font-weight: 400; font-family: helvetica, arial, sans-serif; font-size: 14pt;\">En este sentido la jefa de la Unidad de Recepci\u00f3n de Documentos de la Gobernaci\u00f3n Katiusca Carrero afirm\u00f3: \u00bb Estoy agradecida primeramente del se\u00f1or, por este enlace que nos da con el Inces y la gobernaci\u00f3n del estado Apure, para el fortalecimiento, la preparaci\u00f3n y capacitaci\u00f3n del personal para prestar un servicio eficiente a cada ciudadano y cada trabajador que nos visita d\u00eda a d\u00eda a buscar respuestas satisfactorias.\u00bb<\/span><\/p>\n<p style=\"text-align: justify;\">\n<p style=\"text-align: justify;\"><span style=\"font-weight: 400; font-family: helvetica, arial, sans-serif; font-size: 14pt;\">Por otro lado, el gerente regional Daviel Rodr\u00edguez expres\u00f3: \u00abEl Inces est\u00e1 en perfecta articulaci\u00f3n que como un solo gobierno lleva la formaci\u00f3n a la clase trabajadora, este es el inicio de muchas formaciones que se estar\u00e1n realizando entre el Inces y en la gobernaci\u00f3n del estado.\u00bb<\/span><\/p>\n<p>&nbsp;<\/p>\n<p><img loading=\"lazy\" decoding=\"async\" class=\"aligncenter wp-image-51734 size-full\" src=\"https:\/\/inces.gob.ve\/wp-content\/uploads\/2023\/06\/WhatsApp-Image-2023-06-09-at-9.24.37-AM.jpeg\" alt=\"\" width=\"1020\" height=\"445\" srcset=\"https:\/\/inces.gob.ve\/wp-content\/uploads\/2023\/06\/WhatsApp-Image-2023-06-09-at-9.24.37-AM.jpeg 1020w, https:\/\/inces.gob.ve\/wp-content\/uploads\/2023\/06\/WhatsApp-Image-2023-06-09-at-9.24.37-AM-300x131.jpeg 300w, https:\/\/inces.gob.ve\/wp-content\/uploads\/2023\/06\/WhatsApp-Image-2023-06-09-at-9.24.37-AM-768x335.jpeg 768w\" sizes=\"auto, (max-width: 1020px) 100vw, 1020px\" \/><\/p>\n","protected":false},"excerpt":{"rendered":"<p>** La formaci\u00f3n de la clase trabajadora es meta primordial para la casa formativa<\/p>\n","protected":false},"author":4,"featured_media":51735,"comment_status":"closed","ping_status":"closed","sticky":false,"template":"","format":"standard","meta":{"footnotes":""},"categories":[2],"tags":[],"class_list":["post-51733","post","type-post","status-publish","format-standard","has-post-thumbnail","hentry","category-blog"],"_links":{"self":[{"href":"https:\/\/inces.gob.ve\/index.php\/wp-json\/wp\/v2\/posts\/51733","targetHints":{"allow":["GET"]}}],"collection":[{"href":"https:\/\/inces.gob.ve\/index.php\/wp-json\/wp\/v2\/posts"}],"about":[{"href":"https:\/\/inces.gob.ve\/index.php\/wp-json\/wp\/v2\/types\/post"}],"author":[{"embeddable":true,"href":"https:\/\/inces.gob.ve\/index.php\/wp-json\/wp\/v2\/users\/4"}],"replies":[{"embeddable":true,"href":"https:\/\/inces.gob.ve\/index.php\/wp-json\/wp\/v2\/comments?post=51733"}],"version-history":[{"count":1,"href":"https:\/\/inces.gob.ve\/index.php\/wp-json\/wp\/v2\/posts\/51733\/revisions"}],"predecessor-version":[{"id":51737,"href":"https:\/\/inces.gob.ve\/index.php\/wp-json\/wp\/v2\/posts\/51733\/revisions\/51737"}],"wp:featuredmedia":[{"embeddable":true,"href":"https:\/\/inces.gob.ve\/index.php\/wp-json\/wp\/v2\/media\/51735"}],"wp:attachment":[{"href":"https:\/\/inces.gob.ve\/index.php\/wp-json\/wp\/v2\/media?parent=51733"}],"wp:term":[{"taxonomy":"category","embeddable":true,"href":"https:\/\/inces.gob.ve\/index.php\/wp-json\/wp\/v2\/categories?post=51733"},{"taxonomy":"post_tag","embeddable":true,"href":"https:\/\/inces.gob.ve\/index.php\/wp-json\/wp\/v2\/tags?post=51733"}],"curies":[{"name":"wp","href":"https:\/\/api.w.org\/{rel}","templated":true}]}}