{"id":51808,"date":"2023-06-14T12:47:22","date_gmt":"2023-06-14T16:47:22","guid":{"rendered":"https:\/\/inces.gob.ve\/?p=51808"},"modified":"2023-06-14T16:34:35","modified_gmt":"2023-06-14T20:34:35","slug":"falcon-tributos-inces-participo-en-jornada-de-atencion-a-los-emprendedores","status":"publish","type":"post","link":"https:\/\/inces.gob.ve\/index.php\/2023\/06\/14\/falcon-tributos-inces-participo-en-jornada-de-atencion-a-los-emprendedores\/","title":{"rendered":"FALC\u00d3N | Tributos Inces particip\u00f3 en Jornada de Atenci\u00f3n a los Emprendedores"},"content":{"rendered":"<p style=\"text-align: justify;\" align=\"center\"><span style=\"font-family: helvetica, arial, sans-serif; font-size: 14pt;\">**<em><strong>*Como una actividad que responde a las pol\u00edticas de protecci\u00f3n y crecimiento econ\u00f3mico orientadas por el Gobierno Nacional<\/strong><\/em><\/span><!--more--><\/p>\n<p align=\"justify\">\n<p style=\"text-align: justify;\" align=\"justify\"><span style=\"font-family: helvetica, arial, sans-serif; font-size: 14pt;\">Instituciones p\u00fablicas del estado Falc\u00f3n se congregaron en el sal\u00f3n Sim\u00f3n Bol\u00edvar del Centro Comercial Shopping Center de la ciudad de Coro, para dar respuesta a los Emprendedores y como parte de las pol\u00edticas de protecci\u00f3n y crecimiento econ\u00f3mico que responden a las 4F del emprendimiento: F<span lang=\"es-ES\">ormaci\u00f3n, Formalizaci\u00f3n, Financiamiento y las Ferias de Ventas y Exposici\u00f3n de los Productos<\/span>.<\/span><\/p>\n<p align=\"justify\">\n<p style=\"text-align: justify;\" align=\"justify\"><span style=\"font-family: helvetica, arial, sans-serif; font-size: 14pt;\">La acci\u00f3n coordinada por el gobernador V\u00edctor Clark Bosc\u00e1n, la Secretar\u00eda de Econom\u00eda Productiva y el Ministerio de Comercio Nacional, estuvo planificada por el Movimiento Emprender Juntos de la entidad.<\/span><\/p>\n<p align=\"justify\">\n<p style=\"text-align: justify;\" align=\"justify\"><span style=\"font-family: helvetica, arial, sans-serif; font-size: 14pt;\">Esta Jornada Especial de Atenci\u00f3n a los Emprendedores desarrollada en el municipio Miranda y la Unidad de Ingresos Tributarios del Instituto Nacional de Capacitaci\u00f3n y Educaci\u00f3n Socialista (Inces) la cual se sum\u00f3 con su equipo de trabajo para dar respuestas a los asistentes sobre las obligaciones y deberes tributarios Inces.<\/span><\/p>\n<p align=\"justify\">\n<p style=\"text-align: justify;\"><span style=\"font-family: helvetica, arial, sans-serif; font-size: 14pt;\">Precis\u00f3 Nairobis Villegas, jefe de la Unidad de Ingresos Tributarios del Inces en Falc\u00f3n que la actividad se desarroll\u00f3 en pro de brindarles atenci\u00f3n a los emprendedores falconianos, como informaci\u00f3n y orientaciones con respecto a todo lo concerniente al cumplimiento de los Deberes Formales en materia de tributos.\u00bbEl trabajo en equipo nos genera resultados eficientes\u00bb, precis\u00f3 Villegas.<\/span><\/p>\n<p>&nbsp;<\/p>\n<p><img loading=\"lazy\" decoding=\"async\" class=\"aligncenter wp-image-51811 size-full\" src=\"https:\/\/inces.gob.ve\/wp-content\/uploads\/2023\/06\/TRIBUTOS-2.jpg\" alt=\"\" width=\"800\" height=\"800\" srcset=\"https:\/\/inces.gob.ve\/wp-content\/uploads\/2023\/06\/TRIBUTOS-2.jpg 800w, https:\/\/inces.gob.ve\/wp-content\/uploads\/2023\/06\/TRIBUTOS-2-300x300.jpg 300w, https:\/\/inces.gob.ve\/wp-content\/uploads\/2023\/06\/TRIBUTOS-2-150x150.jpg 150w, https:\/\/inces.gob.ve\/wp-content\/uploads\/2023\/06\/TRIBUTOS-2-768x768.jpg 768w\" sizes=\"auto, (max-width: 800px) 100vw, 800px\" \/><\/p>\n<p style=\"text-align: justify;\" align=\"justify\"><span style=\"font-family: helvetica, arial, sans-serif; font-size: 14pt;\">En esta Jornada los asistentes tambi\u00e9n recibieron asesor\u00eda general en: Sanidad, <span lang=\"es-ES\">Servicio Aut\u00f3nomo Nacional de Normalizaci\u00f3n, Calidad, Metrolog\u00eda y Reglamentos T\u00e9cnicos. (Sencamer)<\/span>, Registro \u00danico de Personas que Desarrollan Actividades Econ\u00f3micas (Rupdae), Vitrina Venezuela, Marcas y las formalidades que deben realizar ante instituciones como el Inces, Servicio Nacional Integrado de Administraci\u00f3n Aduanera y Tributaria (Seniat) y Banco Nacional de Vivienda y H\u00e1bitat (Banavih).<\/span><\/p>\n<p style=\"text-align: justify;\" align=\"justify\"><span style=\"font-family: helvetica, arial, sans-serif; font-size: 14pt;\">De igual forma, recibieron Asesor\u00edas de c\u00f3mo deben registrarse ante el Servicio Aut\u00f3nomo de Registros y Notar\u00edas (Saren), Emprender Juntos, Sistema Nacional Agroalimentario y el Sistema Integral de Control Agroalimentario (Sica).<\/span><\/p>\n","protected":false},"excerpt":{"rendered":"<p>***Como una actividad que responde a las pol\u00edticas de protecci\u00f3n y crecimiento econ\u00f3mico orientadas por el Gobierno Nacional<\/p>\n","protected":false},"author":15,"featured_media":51810,"comment_status":"closed","ping_status":"closed","sticky":false,"template":"","format":"standard","meta":{"footnotes":""},"categories":[2],"tags":[],"class_list":["post-51808","post","type-post","status-publish","format-standard","has-post-thumbnail","hentry","category-blog"],"_links":{"self":[{"href":"https:\/\/inces.gob.ve\/index.php\/wp-json\/wp\/v2\/posts\/51808","targetHints":{"allow":["GET"]}}],"collection":[{"href":"https:\/\/inces.gob.ve\/index.php\/wp-json\/wp\/v2\/posts"}],"about":[{"href":"https:\/\/inces.gob.ve\/index.php\/wp-json\/wp\/v2\/types\/post"}],"author":[{"embeddable":true,"href":"https:\/\/inces.gob.ve\/index.php\/wp-json\/wp\/v2\/users\/15"}],"replies":[{"embeddable":true,"href":"https:\/\/inces.gob.ve\/index.php\/wp-json\/wp\/v2\/comments?post=51808"}],"version-history":[{"count":8,"href":"https:\/\/inces.gob.ve\/index.php\/wp-json\/wp\/v2\/posts\/51808\/revisions"}],"predecessor-version":[{"id":51846,"href":"https:\/\/inces.gob.ve\/index.php\/wp-json\/wp\/v2\/posts\/51808\/revisions\/51846"}],"wp:featuredmedia":[{"embeddable":true,"href":"https:\/\/inces.gob.ve\/index.php\/wp-json\/wp\/v2\/media\/51810"}],"wp:attachment":[{"href":"https:\/\/inces.gob.ve\/index.php\/wp-json\/wp\/v2\/media?parent=51808"}],"wp:term":[{"taxonomy":"category","embeddable":true,"href":"https:\/\/inces.gob.ve\/index.php\/wp-json\/wp\/v2\/categories?post=51808"},{"taxonomy":"post_tag","embeddable":true,"href":"https:\/\/inces.gob.ve\/index.php\/wp-json\/wp\/v2\/tags?post=51808"}],"curies":[{"name":"wp","href":"https:\/\/api.w.org\/{rel}","templated":true}]}}