{"id":51858,"date":"2023-06-15T19:44:10","date_gmt":"2023-06-15T23:44:10","guid":{"rendered":"https:\/\/inces.gob.ve\/?p=51858"},"modified":"2023-06-15T20:02:19","modified_gmt":"2023-06-16T00:02:19","slug":"taller-operador-de-camara-del-inces-culmino-con-practicas-en-vive-tv","status":"publish","type":"post","link":"https:\/\/inces.gob.ve\/index.php\/2023\/06\/15\/taller-operador-de-camara-del-inces-culmino-con-practicas-en-vive-tv\/","title":{"rendered":"Taller Operador de C\u00e1mara del Inces culmin\u00f3 con pr\u00e1cticas en VIVE TV"},"content":{"rendered":"<p style=\"text-align: justify;\"><span style=\"font-size: 14pt; font-family: helvetica, arial, sans-serif;\"><em><b style=\"font-family: helvetica, arial, sans-serif; font-size: 14pt;\">** Las fechas y horarios de las futuras formaciones, en el \u00e1rea de la <\/b><span style=\"font-family: helvetica, arial, sans-serif;\"><span style=\"font-size: 18.6667px;\"><b>comunicaci\u00f3n<\/b><\/span><\/span><b style=\"font-family: helvetica, arial, sans-serif; font-size: 14pt;\">, est\u00e1n disponibles en las redes sociales y p\u00e1gina web de la instituci\u00f3n formativa<\/b><\/em><\/span><!--more--><\/p>\n<p>&nbsp;<\/p>\n<p style=\"text-align: justify;\"><span style=\"font-family: helvetica, arial, sans-serif; font-size: 14pt;\">Con una ma\u00f1ana de pr\u00e1cticas en los estudios de VIVE TV, el Instituto Nacional de Capacitaci\u00f3n y Educaci\u00f3n Socialista (Inces) cerr\u00f3 el taller Operador de C\u00e1mara, dictado por el ic\u00f3nico maestro del audiovisual, Ad\u00e1n Garc\u00eda.<\/span><\/p>\n<p>&nbsp;<\/p>\n<p><img loading=\"lazy\" decoding=\"async\" class=\"aligncenter wp-image-51864 size-large\" src=\"https:\/\/inces.gob.ve\/wp-content\/uploads\/2023\/06\/WhatsApp-Image-2023-06-15-at-1.53.55-PM-1024x768.jpeg\" alt=\"\" width=\"640\" height=\"480\" srcset=\"https:\/\/inces.gob.ve\/wp-content\/uploads\/2023\/06\/WhatsApp-Image-2023-06-15-at-1.53.55-PM-1024x768.jpeg 1024w, https:\/\/inces.gob.ve\/wp-content\/uploads\/2023\/06\/WhatsApp-Image-2023-06-15-at-1.53.55-PM-300x225.jpeg 300w, https:\/\/inces.gob.ve\/wp-content\/uploads\/2023\/06\/WhatsApp-Image-2023-06-15-at-1.53.55-PM-768x576.jpeg 768w, https:\/\/inces.gob.ve\/wp-content\/uploads\/2023\/06\/WhatsApp-Image-2023-06-15-at-1.53.55-PM-136x102.jpeg 136w, https:\/\/inces.gob.ve\/wp-content\/uploads\/2023\/06\/WhatsApp-Image-2023-06-15-at-1.53.55-PM.jpeg 1040w\" sizes=\"auto, (max-width: 640px) 100vw, 640px\" \/><\/p>\n<p>&nbsp;<\/p>\n<p style=\"text-align: justify;\"><span style=\"font-family: helvetica, arial, sans-serif; font-size: 14pt;\">Camar\u00f3grafos profesionales y noveles asistieron a las clases dictadas en las instalaciones de la <strong>Escuela de Medios y Comunicaci\u00f3n (EMCI)<\/strong> del Inces, con el objetivo de obtener los conocimientos necesarios para ejercer esa ocupaci\u00f3n o para perfeccionar y teorizar lo aprendido de manera emp\u00edrica.<\/span><\/p>\n<p>&nbsp;<\/p>\n<p style=\"text-align: justify;\"><span style=\"font-family: helvetica, arial, sans-serif; font-size: 14pt;\">El Inces, en su filosof\u00eda de aprender haciendo, <strong>logr\u00f3 convenir con la empresa televisiva VIVE<\/strong>, para que esta prestara sus equipos e instalaciones, con el objetivo de que quienes asistieron al curso tuvieran la oportunidad de manipular la tecnolog\u00eda que actualmente se utiliza en el pa\u00eds.<\/span><\/p>\n<p>&nbsp;<\/p>\n<p style=\"text-align: justify;\"><img loading=\"lazy\" decoding=\"async\" class=\"aligncenter wp-image-51861 size-large\" src=\"https:\/\/inces.gob.ve\/wp-content\/uploads\/2023\/06\/WhatsApp-Image-2023-06-15-at-1.53.56-PM-1-1024x768.jpeg\" alt=\"\" width=\"640\" height=\"480\" srcset=\"https:\/\/inces.gob.ve\/wp-content\/uploads\/2023\/06\/WhatsApp-Image-2023-06-15-at-1.53.56-PM-1-1024x768.jpeg 1024w, https:\/\/inces.gob.ve\/wp-content\/uploads\/2023\/06\/WhatsApp-Image-2023-06-15-at-1.53.56-PM-1-300x225.jpeg 300w, https:\/\/inces.gob.ve\/wp-content\/uploads\/2023\/06\/WhatsApp-Image-2023-06-15-at-1.53.56-PM-1-768x576.jpeg 768w, https:\/\/inces.gob.ve\/wp-content\/uploads\/2023\/06\/WhatsApp-Image-2023-06-15-at-1.53.56-PM-1-136x102.jpeg 136w, https:\/\/inces.gob.ve\/wp-content\/uploads\/2023\/06\/WhatsApp-Image-2023-06-15-at-1.53.56-PM-1.jpeg 1040w\" sizes=\"auto, (max-width: 640px) 100vw, 640px\" \/><\/p>\n<p>&nbsp;<\/p>\n<p style=\"text-align: justify;\"><span style=\"font-family: helvetica, arial, sans-serif; font-size: 14pt;\">Al terminar la formaci\u00f3n, los participantes manifestaron no solo su complacencia con el Inces, sino que se mostraron interesados en inscribirse en otras de las formaciones que ofrece la EMCI para armar un perfil productivo que les abra las puertas al mundo del trabajo o que les permita escalar dentro de las organizaciones donde ya laboran.<\/span><\/p>\n<p>&nbsp;<\/p>\n<p style=\"text-align: justify;\"><strong><span style=\"font-family: helvetica, arial, sans-serif; font-size: 14pt;\">FUTURAS FORMACIONES<\/span><\/strong><\/p>\n<p style=\"text-align: justify;\"><span style=\"font-family: helvetica, arial, sans-serif; font-size: 14pt;\">La semana del <strong>19 al 23 de junio corresponde a las formaciones \u00bfC\u00f3mo hacer un podcast audiovisual? y Producci\u00f3n padial<\/strong>, facilitadas por el realizador audiovisual Winder Rivero y el locutor y productor radial Luis J. Gonz\u00e1lez C., respectivamente.<\/span><\/p>\n<p>&nbsp;<\/p>\n<p style=\"text-align: justify;\"><span style=\"font-family: helvetica, arial, sans-serif; font-size: 14pt;\">Contin\u00faan las formaciones con Marketing Digital y Marketing Digital para Emprendedores, Fotograf\u00eda con Dispositivo M\u00f3vil, Guion Audiovisual y m\u00e1s.<\/span><\/p>\n<p>&nbsp;<\/p>\n<p><img loading=\"lazy\" decoding=\"async\" class=\"aligncenter wp-image-51866 size-large\" src=\"https:\/\/inces.gob.ve\/wp-content\/uploads\/2023\/06\/WhatsApp-Image-2023-06-15-at-1.53.54-PM-768x1024.jpeg\" alt=\"\" width=\"640\" height=\"853\" srcset=\"https:\/\/inces.gob.ve\/wp-content\/uploads\/2023\/06\/WhatsApp-Image-2023-06-15-at-1.53.54-PM-768x1024.jpeg 768w, https:\/\/inces.gob.ve\/wp-content\/uploads\/2023\/06\/WhatsApp-Image-2023-06-15-at-1.53.54-PM-225x300.jpeg 225w, https:\/\/inces.gob.ve\/wp-content\/uploads\/2023\/06\/WhatsApp-Image-2023-06-15-at-1.53.54-PM.jpeg 780w\" sizes=\"auto, (max-width: 640px) 100vw, 640px\" \/><\/p>\n<p>&nbsp;<\/p>\n<p style=\"text-align: justify;\"><span style=\"font-family: helvetica, arial, sans-serif; font-size: 14pt;\">Las personas interesadas en estas y otras formaciones\u00a0 deben estar atentas a las redes sociales oficiales de la instituci\u00f3n y a su p\u00e1gina web para que, de acuerdo a las fechas y horarios, puedan postularse enviando un correo electr\u00f3nico a emci.comunicaciones@gmail.com con sus datos personales y la especificaci\u00f3n del taller que quieren realizar.<\/span><\/p>\n<p style=\"text-align: justify;\">\n","protected":false},"excerpt":{"rendered":"<p>** Las fechas y horarios de las futuras formaciones, en el \u00e1rea de la comunicaci\u00f3n, est\u00e1n disponibles en las redes sociales y p\u00e1gina web de la instituci\u00f3n formativa<\/p>\n","protected":false},"author":4,"featured_media":51863,"comment_status":"closed","ping_status":"closed","sticky":false,"template":"","format":"standard","meta":{"footnotes":""},"categories":[2],"tags":[],"class_list":["post-51858","post","type-post","status-publish","format-standard","has-post-thumbnail","hentry","category-blog"],"_links":{"self":[{"href":"https:\/\/inces.gob.ve\/index.php\/wp-json\/wp\/v2\/posts\/51858","targetHints":{"allow":["GET"]}}],"collection":[{"href":"https:\/\/inces.gob.ve\/index.php\/wp-json\/wp\/v2\/posts"}],"about":[{"href":"https:\/\/inces.gob.ve\/index.php\/wp-json\/wp\/v2\/types\/post"}],"author":[{"embeddable":true,"href":"https:\/\/inces.gob.ve\/index.php\/wp-json\/wp\/v2\/users\/4"}],"replies":[{"embeddable":true,"href":"https:\/\/inces.gob.ve\/index.php\/wp-json\/wp\/v2\/comments?post=51858"}],"version-history":[{"count":5,"href":"https:\/\/inces.gob.ve\/index.php\/wp-json\/wp\/v2\/posts\/51858\/revisions"}],"predecessor-version":[{"id":51871,"href":"https:\/\/inces.gob.ve\/index.php\/wp-json\/wp\/v2\/posts\/51858\/revisions\/51871"}],"wp:featuredmedia":[{"embeddable":true,"href":"https:\/\/inces.gob.ve\/index.php\/wp-json\/wp\/v2\/media\/51863"}],"wp:attachment":[{"href":"https:\/\/inces.gob.ve\/index.php\/wp-json\/wp\/v2\/media?parent=51858"}],"wp:term":[{"taxonomy":"category","embeddable":true,"href":"https:\/\/inces.gob.ve\/index.php\/wp-json\/wp\/v2\/categories?post=51858"},{"taxonomy":"post_tag","embeddable":true,"href":"https:\/\/inces.gob.ve\/index.php\/wp-json\/wp\/v2\/tags?post=51858"}],"curies":[{"name":"wp","href":"https:\/\/api.w.org\/{rel}","templated":true}]}}