{"id":51964,"date":"2023-06-15T14:28:59","date_gmt":"2023-06-15T18:28:59","guid":{"rendered":"https:\/\/inces.gob.ve\/?p=51964"},"modified":"2023-06-21T14:29:58","modified_gmt":"2023-06-21T18:29:58","slug":"aragua-inces-destaca-la-importancia-de-la-actualizacion-de-conocimientos-desde-el-cfs-el-limon-en-conjunto-con-sus-maestros-egresados","status":"publish","type":"post","link":"https:\/\/inces.gob.ve\/index.php\/2023\/06\/15\/aragua-inces-destaca-la-importancia-de-la-actualizacion-de-conocimientos-desde-el-cfs-el-limon-en-conjunto-con-sus-maestros-egresados\/","title":{"rendered":"ARAGUA | Inces destaca la importancia de la actualizaci\u00f3n de conocimientos desde el CFS El Lim\u00f3n en conjunto con sus maestros egresados"},"content":{"rendered":"<div dir=\"auto\" style=\"text-align: justify;\"><em><strong><span style=\"font-family: helvetica, arial, sans-serif; font-size: 14pt;\">**Se planific\u00f3 un encuentro especial para promover el desarrollo y proceso de ense\u00f1anza-aprendizaje de las nuevas generaciones y su inserci\u00f3n en la sociedad del conocimiento.<\/span><\/strong><\/em><\/div>\n<p><!--more--><\/p>\n<div dir=\"auto\" style=\"text-align: justify;\"><\/div>\n<div dir=\"auto\" style=\"text-align: justify;\"><\/div>\n<div dir=\"auto\" style=\"text-align: justify;\"><span style=\"font-family: helvetica, arial, sans-serif; font-size: 14pt;\">La educaci\u00f3n en el mundo actual est\u00e1 sujeta a cambios, en donde el cambio social y econ\u00f3mico trae consigo la necesidad de capacitar a los estudiantes en torno al aprendizaje de conocimientos tradicionales y el manejo y la aplicaci\u00f3n de las nuevas tecnolog\u00edas de la informaci\u00f3n.<\/span><\/div>\n<div dir=\"auto\" style=\"text-align: justify;\"><\/div>\n<div dir=\"auto\" style=\"text-align: justify;\"><\/div>\n<div dir=\"auto\" style=\"text-align: justify;\"><span style=\"font-family: helvetica, arial, sans-serif; font-size: 14pt;\">En este sentido desde el Centro de Formaci\u00f3n Socialista (CFS) El Lim\u00f3n se program\u00f3 un encuentro cuyo objetivo fue el desarrollo de habilidades, destrezas y competencias para el desarrollo y sustentabilidad del pa\u00eds en conjunto con los maestros egresados y\u00a0 activos, para garantizar una buena capacitaci\u00f3n actualizada de los docentes y que estos puedan atender con eficiencia los nuevos lineamientos en las acciones a seguir, en el aprendizaje y en la transmisi\u00f3n de Ocupaciones Productivas de generaci\u00f3n en generaci\u00f3n.<\/span><\/div>\n<div dir=\"auto\" style=\"text-align: justify;\"><\/div>\n<div dir=\"auto\" style=\"text-align: justify;\"><\/div>\n<div dir=\"auto\" style=\"text-align: justify;\"><\/div>\n<div dir=\"auto\" style=\"text-align: justify;\"><span style=\"font-family: helvetica, arial, sans-serif; font-size: 14pt;\">\u201cEste tipo de conocimiento generalmente se transmite mediante la observaci\u00f3n y la imitaci\u00f3n o, dicho de otra manera, se adquiere mediante la experiencia y la pr\u00e1ctica. El prop\u00f3sito es mejorar la productividad y el rendimiento, as\u00ed como el avance hacia la misi\u00f3n formativa\u201d, afirm\u00f3 el ingeniero Sim\u00f3n Navarro, jefe de Formaci\u00f3n Profesional del Inces Aragua.<\/span><\/div>\n<div dir=\"auto\" style=\"text-align: justify;\"><\/div>\n<div dir=\"auto\" style=\"text-align: justify;\"><\/div>\n<div dir=\"auto\" style=\"text-align: justify;\"><span style=\"font-family: helvetica, arial, sans-serif; font-size: 14pt;\">\u201cEl objetivo de dicha actividad es visibilizar la importancia de la actualizaci\u00f3n de conocimientos dentro del desarrollo y proceso de ense\u00f1anza-aprendizaje y del estudiante, para su inserci\u00f3n en la\u200b_ sociedad con la capacidad de innovar en los sectores de su \u00e1rea y mejoramiento profesional, en esta oportunidad con la asistencia de 17 estudiantes de la Universidad Polit\u00e9cnica Territorial de Aragua \u00abFederico Brito Figueroa\u00bb (UPTA)\u201d, destac\u00f3\u00a0 Carlos Vivas, jefe del CFS Inces El Lim\u00f3n.<\/span><\/div>\n","protected":false},"excerpt":{"rendered":"<p>**Se planific\u00f3 un encuentro especial para promover el desarrollo y proceso de ense\u00f1anza-aprendizaje de las nuevas generaciones y su inserci\u00f3n en la sociedad del conocimiento.<\/p>\n","protected":false},"author":15,"featured_media":51966,"comment_status":"closed","ping_status":"closed","sticky":false,"template":"","format":"standard","meta":{"footnotes":""},"categories":[2],"tags":[],"class_list":["post-51964","post","type-post","status-publish","format-standard","has-post-thumbnail","hentry","category-blog"],"_links":{"self":[{"href":"https:\/\/inces.gob.ve\/index.php\/wp-json\/wp\/v2\/posts\/51964","targetHints":{"allow":["GET"]}}],"collection":[{"href":"https:\/\/inces.gob.ve\/index.php\/wp-json\/wp\/v2\/posts"}],"about":[{"href":"https:\/\/inces.gob.ve\/index.php\/wp-json\/wp\/v2\/types\/post"}],"author":[{"embeddable":true,"href":"https:\/\/inces.gob.ve\/index.php\/wp-json\/wp\/v2\/users\/15"}],"replies":[{"embeddable":true,"href":"https:\/\/inces.gob.ve\/index.php\/wp-json\/wp\/v2\/comments?post=51964"}],"version-history":[{"count":1,"href":"https:\/\/inces.gob.ve\/index.php\/wp-json\/wp\/v2\/posts\/51964\/revisions"}],"predecessor-version":[{"id":51965,"href":"https:\/\/inces.gob.ve\/index.php\/wp-json\/wp\/v2\/posts\/51964\/revisions\/51965"}],"wp:featuredmedia":[{"embeddable":true,"href":"https:\/\/inces.gob.ve\/index.php\/wp-json\/wp\/v2\/media\/51966"}],"wp:attachment":[{"href":"https:\/\/inces.gob.ve\/index.php\/wp-json\/wp\/v2\/media?parent=51964"}],"wp:term":[{"taxonomy":"category","embeddable":true,"href":"https:\/\/inces.gob.ve\/index.php\/wp-json\/wp\/v2\/categories?post=51964"},{"taxonomy":"post_tag","embeddable":true,"href":"https:\/\/inces.gob.ve\/index.php\/wp-json\/wp\/v2\/tags?post=51964"}],"curies":[{"name":"wp","href":"https:\/\/api.w.org\/{rel}","templated":true}]}}