{"id":51996,"date":"2023-06-22T12:31:00","date_gmt":"2023-06-22T16:31:00","guid":{"rendered":"https:\/\/inces.gob.ve\/?p=51996"},"modified":"2023-06-22T12:33:12","modified_gmt":"2023-06-22T16:33:12","slug":"guarico-el-programa-turismo-es-fundamental-para-la-patria","status":"publish","type":"post","link":"https:\/\/inces.gob.ve\/index.php\/2023\/06\/22\/guarico-el-programa-turismo-es-fundamental-para-la-patria\/","title":{"rendered":"GU\u00c1RICO | El Programa Turismo es fundamental para la Patria"},"content":{"rendered":"<p dir=\"ltr\" style=\"text-align: justify;\"><em><strong><span style=\"font-family: helvetica, arial, sans-serif; font-size: 14pt;\">1040** El Instituto Nacional de Capacitaci\u00f3n y Educaci\u00f3n Socialista (Inces), a trav\u00e9s del Programa Turismo, aporta herramientas para el desarrollo nacional<\/span><\/strong><\/em><!--more--><\/p>\n<p dir=\"ltr\" style=\"text-align: justify;\"><span style=\"font-family: helvetica, arial, sans-serif; font-size: 14pt;\">El Programa Turismo, unidad bajo la responsabilidad de la profesora Rosa Virginia P\u00e9rez, tiene como principal objetivo la formaci\u00f3n de sujetos interesados en el \u00e1rea tur\u00edstica.<\/span><\/p>\n<p dir=\"ltr\" style=\"text-align: justify;\"><span style=\"font-family: helvetica, arial, sans-serif; font-size: 14pt;\">Cuenta con formaciones completamente abiertas al p\u00fablico como panader\u00eda artesanal, pasteler\u00eda, reposter\u00eda, animaci\u00f3n y recreaci\u00f3n, gu\u00eda de turismo. Dentro de ellas, un abanico de unidades curriculares como panader\u00eda artesanal, amasador de pan, elaboraci\u00f3n de productos alimenticios sin gluten, masas b\u00e1sicas de pasteler\u00eda, reposter\u00eda, conservaci\u00f3n de alimentos y boller\u00eda con harinas alternativas.<\/span><\/p>\n<p dir=\"ltr\"><img loading=\"lazy\" decoding=\"async\" class=\"aligncenter wp-image-51999 size-full\" src=\"https:\/\/inces.gob.ve\/wp-content\/uploads\/2023\/06\/turisno-02--e1687451384546.jpeg\" alt=\"\" width=\"800\" height=\"600\" srcset=\"https:\/\/inces.gob.ve\/wp-content\/uploads\/2023\/06\/turisno-02--e1687451384546.jpeg 800w, https:\/\/inces.gob.ve\/wp-content\/uploads\/2023\/06\/turisno-02--e1687451384546-300x225.jpeg 300w, https:\/\/inces.gob.ve\/wp-content\/uploads\/2023\/06\/turisno-02--e1687451384546-768x576.jpeg 768w, https:\/\/inces.gob.ve\/wp-content\/uploads\/2023\/06\/turisno-02--e1687451384546-136x102.jpeg 136w\" sizes=\"auto, (max-width: 800px) 100vw, 800px\" \/><\/p>\n<p dir=\"ltr\" style=\"text-align: justify;\"><span style=\"font-family: helvetica, arial, sans-serif; font-size: 14pt;\">Se\u00f1ala la profesora Rosa Virginia P\u00e9rez, que al \u00e1rea gastron\u00f3mica se le ha dado m\u00e1s \u00e9nfasis por ser un oficio productivo, y desde el punto vista de la filosof\u00eda Robinsoniana, nos enfocamos desde el\u00a0 \u201cAprender Haciendo\u201d, ya que de forma\u00a0 pr\u00e1ctica y f\u00e1cil, las persona hacen la formaci\u00f3n, se agrupan y pueden poner a producir los conocimientos obtenidos, elaborando productos y poni\u00e9ndolos a ventas a trav\u00e9s de empresas de producci\u00f3n social.\u00a0\u00a0<\/span><\/p>\n<p dir=\"ltr\" style=\"text-align: justify;\"><span style=\"font-family: helvetica, arial, sans-serif; font-size: 14pt;\">En el tema relacionado con el Bachillerato Productivo, dirigido a j\u00f3venes mayores de 15 a\u00f1os, el Programa Turismo, a trav\u00e9s del componente Formaci\u00f3n Laboral Motor Turismo,\u00a0 ofrece la obtenci\u00f3n del t\u00edtulo de bachiller y la certificaci\u00f3n en alg\u00fan oficio del programa, con el objetivo de trascender el tema de la formaci\u00f3n que es parte importante de la instituci\u00f3n.\u00a0<\/span><\/p>\n<p dir=\"ltr\" style=\"text-align: justify;\"><span style=\"font-family: helvetica, arial, sans-serif; font-size: 14pt;\">As\u00ed mismo, se han realizado alianzas con otras instituciones, organizaciones y comunidades, con el fin de aportar estrategias que desarrollen y ampl\u00eden el Motor Turismo, tal es el caso con los suscritos con el Instituto Nacional de Nutrici\u00f3n (INN), CNAE, FUNDACITE, Cocineros y Cocineras de la Patria, Comunidades Aguas del Castrero, La Guamita, Bella Vista, Ortiz y entidades educativas con quienes que se busca lograr un nivel formativo de gran nivel, la conformaci\u00f3n de brigadas productivas de prestaciones de servicios, que permitan entrar al mercado laboral a trav\u00e9s del emprendimiento, no formarlos para trabajar para otro, sino que se formen para que sean emprendedores.<\/span><\/p>\n<p style=\"text-align: justify;\"><img loading=\"lazy\" decoding=\"async\" class=\"aligncenter wp-image-51998 size-full\" src=\"https:\/\/inces.gob.ve\/wp-content\/uploads\/2023\/06\/turismo-4--e1687451403518.jpeg\" alt=\"\" width=\"800\" height=\"600\" srcset=\"https:\/\/inces.gob.ve\/wp-content\/uploads\/2023\/06\/turismo-4--e1687451403518.jpeg 800w, https:\/\/inces.gob.ve\/wp-content\/uploads\/2023\/06\/turismo-4--e1687451403518-300x225.jpeg 300w, https:\/\/inces.gob.ve\/wp-content\/uploads\/2023\/06\/turismo-4--e1687451403518-768x576.jpeg 768w, https:\/\/inces.gob.ve\/wp-content\/uploads\/2023\/06\/turismo-4--e1687451403518-136x102.jpeg 136w\" sizes=\"auto, (max-width: 800px) 100vw, 800px\" \/><\/p>\n<p dir=\"ltr\" style=\"text-align: justify;\"><span style=\"font-family: helvetica, arial, sans-serif; font-size: 14pt;\">Uno de los principales logros que ha obtenido el Programa Turismo es la parte formativa, encadenado con las diferentes unidades curriculares, las cuales en estos momentos se encuentran nuevamente abiertas a quienes est\u00e9n interesados en inscribirse para formarse en esta instituci\u00f3n. Adem\u00e1s, est\u00e1n las acreditaciones y certificaciones. la idea es que cada d\u00eda se formen m\u00e1s personas en el \u00e1rea de turismo,\u00a0 atendiendo as\u00ed al llamado nacional y al planteamiento del rector de la instituci\u00f3n. \u00a0<\/span><\/p>\n","protected":false},"excerpt":{"rendered":"<p>1040** El Instituto Nacional de Capacitaci\u00f3n y Educaci\u00f3n Socialista (Inces), a trav\u00e9s del Programa Turismo, aporta herramientas para el desarrollo nacional<\/p>\n","protected":false},"author":15,"featured_media":51997,"comment_status":"closed","ping_status":"closed","sticky":false,"template":"","format":"standard","meta":{"footnotes":""},"categories":[2],"tags":[],"class_list":["post-51996","post","type-post","status-publish","format-standard","has-post-thumbnail","hentry","category-blog"],"_links":{"self":[{"href":"https:\/\/inces.gob.ve\/index.php\/wp-json\/wp\/v2\/posts\/51996","targetHints":{"allow":["GET"]}}],"collection":[{"href":"https:\/\/inces.gob.ve\/index.php\/wp-json\/wp\/v2\/posts"}],"about":[{"href":"https:\/\/inces.gob.ve\/index.php\/wp-json\/wp\/v2\/types\/post"}],"author":[{"embeddable":true,"href":"https:\/\/inces.gob.ve\/index.php\/wp-json\/wp\/v2\/users\/15"}],"replies":[{"embeddable":true,"href":"https:\/\/inces.gob.ve\/index.php\/wp-json\/wp\/v2\/comments?post=51996"}],"version-history":[{"count":3,"href":"https:\/\/inces.gob.ve\/index.php\/wp-json\/wp\/v2\/posts\/51996\/revisions"}],"predecessor-version":[{"id":52002,"href":"https:\/\/inces.gob.ve\/index.php\/wp-json\/wp\/v2\/posts\/51996\/revisions\/52002"}],"wp:featuredmedia":[{"embeddable":true,"href":"https:\/\/inces.gob.ve\/index.php\/wp-json\/wp\/v2\/media\/51997"}],"wp:attachment":[{"href":"https:\/\/inces.gob.ve\/index.php\/wp-json\/wp\/v2\/media?parent=51996"}],"wp:term":[{"taxonomy":"category","embeddable":true,"href":"https:\/\/inces.gob.ve\/index.php\/wp-json\/wp\/v2\/categories?post=51996"},{"taxonomy":"post_tag","embeddable":true,"href":"https:\/\/inces.gob.ve\/index.php\/wp-json\/wp\/v2\/tags?post=51996"}],"curies":[{"name":"wp","href":"https:\/\/api.w.org\/{rel}","templated":true}]}}