{"id":52152,"date":"2023-06-26T14:27:02","date_gmt":"2023-06-26T18:27:02","guid":{"rendered":"https:\/\/inces.gob.ve\/?p=52152"},"modified":"2023-06-26T14:28:44","modified_gmt":"2023-06-26T18:28:44","slug":"aragua-cfs-metalminero-maracay-realizo-la-fumigacion-de-sus-ambientes","status":"publish","type":"post","link":"https:\/\/inces.gob.ve\/index.php\/2023\/06\/26\/aragua-cfs-metalminero-maracay-realizo-la-fumigacion-de-sus-ambientes\/","title":{"rendered":"ARAGUA | CFS Metalminero Maracay realiz\u00f3 la fumigaci\u00f3n de sus ambientes"},"content":{"rendered":"<div dir=\"auto\" style=\"text-align: justify;\"><em><strong><span style=\"font-family: helvetica, arial, sans-serif; font-size: 14pt;\">** \u00abEstamos activos con el cuidado de nuestros espacios para ofrecer el mejor servicio formativo\u00bb, Sim\u00f3n Navarro<\/span><\/strong><\/em><\/div>\n<p><!--more--><\/p>\n<div dir=\"auto\" style=\"text-align: justify;\"><\/div>\n<div style=\"text-align: justify;\"><\/div>\n<div style=\"text-align: justify;\"><span style=\"font-family: helvetica, arial, sans-serif; font-size: 14pt;\">NINOSKA PATRIZ<\/span><\/div>\n<div dir=\"auto\" style=\"text-align: justify;\"><\/div>\n<div dir=\"auto\" style=\"text-align: justify;\"><span style=\"font-family: helvetica, arial, sans-serif; font-size: 14pt;\">Un plan especial de fumigaci\u00f3n se despleg\u00f3 en el Centro de Formaci\u00f3n Socialista (CFS) Metalminero Maracay, en un esfuerzo conjunto entre Inces y Corposalud.<\/span><\/div>\n<div dir=\"auto\" style=\"text-align: justify;\"><\/div>\n<div dir=\"auto\" style=\"text-align: justify;\"><\/div>\n<div dir=\"auto\" style=\"text-align: justify;\"><span style=\"font-family: helvetica, arial, sans-serif; font-size: 14pt;\">\u00abEl objetivo es contrarrestar el brote de zancudos, consecuencia del inicio de la temporada de lluvias\u00bb, aclar\u00f3 el jefe de Centro Jorge Navarro.<\/span><\/div>\n<div dir=\"auto\"><\/div>\n<div dir=\"auto\"><img loading=\"lazy\" decoding=\"async\" class=\"aligncenter wp-image-52155 size-full\" src=\"https:\/\/inces.gob.ve\/wp-content\/uploads\/2023\/06\/fumigacion-4-.jpg\" alt=\"\" width=\"780\" height=\"776\" srcset=\"https:\/\/inces.gob.ve\/wp-content\/uploads\/2023\/06\/fumigacion-4-.jpg 780w, https:\/\/inces.gob.ve\/wp-content\/uploads\/2023\/06\/fumigacion-4--300x298.jpg 300w, https:\/\/inces.gob.ve\/wp-content\/uploads\/2023\/06\/fumigacion-4--150x150.jpg 150w, https:\/\/inces.gob.ve\/wp-content\/uploads\/2023\/06\/fumigacion-4--768x764.jpg 768w\" sizes=\"auto, (max-width: 780px) 100vw, 780px\" \/><\/div>\n<div dir=\"auto\" style=\"text-align: justify;\"><\/div>\n<div dir=\"auto\" style=\"text-align: justify;\"><\/div>\n<div dir=\"auto\" style=\"text-align: justify;\"><span style=\"font-family: helvetica, arial, sans-serif; font-size: 14pt;\">\u00abEl \u00e9xito de esta actividad nos permitir\u00e1 contar con unos ambientes de trabajo sanos y fortalecer el desempe\u00f1o de las actividades formativas\u00bb, agreg\u00f3 Navarro.<\/span><\/div>\n<div dir=\"auto\" style=\"text-align: justify;\"><img loading=\"lazy\" decoding=\"async\" class=\"aligncenter wp-image-52154 size-full\" src=\"https:\/\/inces.gob.ve\/wp-content\/uploads\/2023\/06\/fumigacion-3-.jpg\" alt=\"\" width=\"780\" height=\"1040\" srcset=\"https:\/\/inces.gob.ve\/wp-content\/uploads\/2023\/06\/fumigacion-3-.jpg 780w, https:\/\/inces.gob.ve\/wp-content\/uploads\/2023\/06\/fumigacion-3--225x300.jpg 225w, https:\/\/inces.gob.ve\/wp-content\/uploads\/2023\/06\/fumigacion-3--768x1024.jpg 768w\" sizes=\"auto, (max-width: 780px) 100vw, 780px\" \/><\/div>\n<div dir=\"auto\" style=\"text-align: justify;\"><\/div>\n<div dir=\"auto\" style=\"text-align: justify;\"><span style=\"font-family: helvetica, arial, sans-serif; font-size: 14pt;\">En tal sentido, tambi\u00e9n expres\u00f3 su agradecimiento al equipo de trabajo que le acompa\u00f1a y hace vida laboral en las instalaciones del CFS por su valioso desempe\u00f1o en lo que va de a\u00f1o.<\/span><\/div>\n","protected":false},"excerpt":{"rendered":"<p>** \u00abEstamos activos con el cuidado de nuestros espacios para ofrecer el mejor servicio formativo\u00bb, Sim\u00f3n Navarro<\/p>\n","protected":false},"author":15,"featured_media":52156,"comment_status":"closed","ping_status":"closed","sticky":false,"template":"","format":"standard","meta":{"footnotes":""},"categories":[2],"tags":[],"class_list":["post-52152","post","type-post","status-publish","format-standard","has-post-thumbnail","hentry","category-blog"],"_links":{"self":[{"href":"https:\/\/inces.gob.ve\/index.php\/wp-json\/wp\/v2\/posts\/52152","targetHints":{"allow":["GET"]}}],"collection":[{"href":"https:\/\/inces.gob.ve\/index.php\/wp-json\/wp\/v2\/posts"}],"about":[{"href":"https:\/\/inces.gob.ve\/index.php\/wp-json\/wp\/v2\/types\/post"}],"author":[{"embeddable":true,"href":"https:\/\/inces.gob.ve\/index.php\/wp-json\/wp\/v2\/users\/15"}],"replies":[{"embeddable":true,"href":"https:\/\/inces.gob.ve\/index.php\/wp-json\/wp\/v2\/comments?post=52152"}],"version-history":[{"count":2,"href":"https:\/\/inces.gob.ve\/index.php\/wp-json\/wp\/v2\/posts\/52152\/revisions"}],"predecessor-version":[{"id":52158,"href":"https:\/\/inces.gob.ve\/index.php\/wp-json\/wp\/v2\/posts\/52152\/revisions\/52158"}],"wp:featuredmedia":[{"embeddable":true,"href":"https:\/\/inces.gob.ve\/index.php\/wp-json\/wp\/v2\/media\/52156"}],"wp:attachment":[{"href":"https:\/\/inces.gob.ve\/index.php\/wp-json\/wp\/v2\/media?parent=52152"}],"wp:term":[{"taxonomy":"category","embeddable":true,"href":"https:\/\/inces.gob.ve\/index.php\/wp-json\/wp\/v2\/categories?post=52152"},{"taxonomy":"post_tag","embeddable":true,"href":"https:\/\/inces.gob.ve\/index.php\/wp-json\/wp\/v2\/tags?post=52152"}],"curies":[{"name":"wp","href":"https:\/\/api.w.org\/{rel}","templated":true}]}}