{"id":52194,"date":"2023-06-23T16:36:31","date_gmt":"2023-06-23T20:36:31","guid":{"rendered":"https:\/\/inces.gob.ve\/?p=52194"},"modified":"2023-06-26T16:38:03","modified_gmt":"2023-06-26T20:38:03","slug":"distrito-capital-el-punto-de-inscripcion-inces-llego-a-la-plaza-la-candelaria","status":"publish","type":"post","link":"https:\/\/inces.gob.ve\/index.php\/2023\/06\/23\/distrito-capital-el-punto-de-inscripcion-inces-llego-a-la-plaza-la-candelaria\/","title":{"rendered":"DISTRITO CAPITAL | El punto de inscripci\u00f3n Inces lleg\u00f3 a la plaza La Candelaria"},"content":{"rendered":"<div dir=\"auto\" style=\"text-align: justify;\"><em><strong><span style=\"font-family: helvetica, arial, sans-serif; font-size: 14pt;\">** \u00abLlevando cada jornada seguimos cumpliendo las orientaciones de nuestro presidente Wuikelman Angel Paredes, las cuales nos permiten seguir llevando todas nuestras formaciones a nuestras comunidades\u00bb Tania D\u00edaz\u00a0<\/span><\/strong><\/em><\/div>\n<p><!--more--><\/p>\n<div dir=\"auto\"><\/div>\n<div dir=\"auto\" style=\"text-align: justify;\"><\/div>\n<div dir=\"auto\" style=\"text-align: justify;\"><span style=\"font-family: helvetica, arial, sans-serif; font-size: 14pt;\">Con muestras productivas y la exhibici\u00f3n de formaciones como Elaboraci\u00f3n de Pan y Panader\u00eda Fue llevada a cabo la segunda jornada de captaci\u00f3n de participantes en la plaza La Candelaria.\u00a0<\/span><\/div>\n<div dir=\"auto\"><\/div>\n<div dir=\"auto\" style=\"text-align: justify;\"><\/div>\n<div dir=\"auto\" style=\"text-align: justify;\"><span style=\"font-family: helvetica, arial, sans-serif; font-size: 14pt;\">Incentivar desde los m\u00e1s j\u00f3venes hasta los adultos mayores a participar en nuestras formaciones fue la principal funci\u00f3n del Instituto Nacional de Capacitaci\u00f3n y Educaci\u00f3n Socialista (Inces).<\/span><\/div>\n<div dir=\"auto\" style=\"text-align: justify;\"><\/div>\n<div dir=\"auto\"><\/div>\n<div dir=\"auto\" style=\"text-align: justify;\"><span style=\"font-family: helvetica, arial, sans-serif; font-size: 14pt;\">Por parte del Centro de Formaci\u00f3n Socialista (CFS) Bancaseguro se realiz\u00f3 la exhibici\u00f3n y culminaci\u00f3n de formaci\u00f3n de los j\u00f3venes en la ocupaci\u00f3n de panader\u00eda y elaboraci\u00f3n de panes.\u00a0<\/span><\/div>\n<div dir=\"auto\" style=\"text-align: justify;\"><\/div>\n<div dir=\"auto\"><\/div>\n<div dir=\"auto\" style=\"text-align: justify;\"><span style=\"font-family: helvetica, arial, sans-serif; font-size: 14pt;\">Eduardo Moreno, jefe del CFS Bancaseguro, indic\u00f3 que cada d\u00eda son m\u00e1s los j\u00f3venes que buscan al Inces para formarse, \u00abse est\u00e1 dando un gran paso en la formaci\u00f3n profesional\u00bb, asever\u00f3.\u00a0<\/span><\/div>\n<div dir=\"auto\" style=\"text-align: justify;\"><\/div>\n<div dir=\"auto\"><\/div>\n<div dir=\"auto\" style=\"text-align: justify;\"><span style=\"font-family: helvetica, arial, sans-serif; font-size: 14pt;\">La pr\u00f3xima jornada en Caracas se llevar\u00e1 a cabo el d\u00eda martes 27 en la plaza El venezolano<\/span><span style=\"font-family: helvetica, arial, sans-serif; font-size: 14pt;\">, donde se continuar\u00e1 captando gente e ingresando nuevos participantes<\/span><\/div>\n","protected":false},"excerpt":{"rendered":"<p>** \u00abLlevando cada jornada seguimos cumpliendo las orientaciones de nuestro presidente Wuikelman Angel Paredes, las cuales nos permiten seguir llevando todas nuestras formaciones a nuestras comunidades\u00bb Tania D\u00edaz\u00a0<\/p>\n","protected":false},"author":4,"featured_media":52196,"comment_status":"closed","ping_status":"closed","sticky":false,"template":"","format":"standard","meta":{"footnotes":""},"categories":[2],"tags":[],"class_list":["post-52194","post","type-post","status-publish","format-standard","has-post-thumbnail","hentry","category-blog"],"_links":{"self":[{"href":"https:\/\/inces.gob.ve\/index.php\/wp-json\/wp\/v2\/posts\/52194","targetHints":{"allow":["GET"]}}],"collection":[{"href":"https:\/\/inces.gob.ve\/index.php\/wp-json\/wp\/v2\/posts"}],"about":[{"href":"https:\/\/inces.gob.ve\/index.php\/wp-json\/wp\/v2\/types\/post"}],"author":[{"embeddable":true,"href":"https:\/\/inces.gob.ve\/index.php\/wp-json\/wp\/v2\/users\/4"}],"replies":[{"embeddable":true,"href":"https:\/\/inces.gob.ve\/index.php\/wp-json\/wp\/v2\/comments?post=52194"}],"version-history":[{"count":2,"href":"https:\/\/inces.gob.ve\/index.php\/wp-json\/wp\/v2\/posts\/52194\/revisions"}],"predecessor-version":[{"id":52198,"href":"https:\/\/inces.gob.ve\/index.php\/wp-json\/wp\/v2\/posts\/52194\/revisions\/52198"}],"wp:featuredmedia":[{"embeddable":true,"href":"https:\/\/inces.gob.ve\/index.php\/wp-json\/wp\/v2\/media\/52196"}],"wp:attachment":[{"href":"https:\/\/inces.gob.ve\/index.php\/wp-json\/wp\/v2\/media?parent=52194"}],"wp:term":[{"taxonomy":"category","embeddable":true,"href":"https:\/\/inces.gob.ve\/index.php\/wp-json\/wp\/v2\/categories?post=52194"},{"taxonomy":"post_tag","embeddable":true,"href":"https:\/\/inces.gob.ve\/index.php\/wp-json\/wp\/v2\/tags?post=52194"}],"curies":[{"name":"wp","href":"https:\/\/api.w.org\/{rel}","templated":true}]}}