{"id":52433,"date":"2023-07-04T12:18:07","date_gmt":"2023-07-04T16:18:07","guid":{"rendered":"https:\/\/inces.gob.ve\/?p=52433"},"modified":"2023-07-04T12:18:14","modified_gmt":"2023-07-04T16:18:14","slug":"yaracuy-mas-de-7-mil-jovenes-culminaron-con-exito-formacion-a-traves-del-inces","status":"publish","type":"post","link":"https:\/\/inces.gob.ve\/index.php\/2023\/07\/04\/yaracuy-mas-de-7-mil-jovenes-culminaron-con-exito-formacion-a-traves-del-inces\/","title":{"rendered":"YARACUY | M\u00e1s de 7 mil j\u00f3venes culminaron con \u00e9xito formaci\u00f3n a trav\u00e9s del Inces"},"content":{"rendered":"<p style=\"text-align: justify;\"><em><strong><span style=\"font-family: helvetica, arial, sans-serif; font-size: 14pt;\">*** Los j\u00f3venes se capacitaron en las diversas unidades curriculares\u00a0de las que se pueden mencionar: Cr\u00eda de Aves, Agricultura, Panader\u00eda, Reposter\u00eda, Electricidad, entre otras.<\/span><\/strong><\/em><!--more--><\/p>\n<p>&nbsp;<\/p>\n<p style=\"text-align: justify;\"><span style=\"font-family: helvetica, arial, sans-serif; font-size: 14pt;\"><strong>YOLAICE VARGAS<\/strong><\/span><\/p>\n<p style=\"text-align: justify;\"><span style=\"font-family: helvetica, arial, sans-serif; font-size: 14pt;\">M\u00e1s de 7 mil j\u00f3venes cursantes de los a\u00f1os quinto y sexto de media general y media t\u00e9cnica presentaron una muestra representativa de los productos elaborados durante la capacitaci\u00f3n impartida a trav\u00e9s del Instituto Nacional de Capacitaci\u00f3n y Educaci\u00f3n Socialista (Inces) en Yaracuy.<\/span><\/p>\n<p>&nbsp;<\/p>\n<p><img loading=\"lazy\" decoding=\"async\" class=\"aligncenter wp-image-52434 size-full\" src=\"https:\/\/inces.gob.ve\/wp-content\/uploads\/2023\/07\/IMG-20230701-WA0179-e1688487272652.jpg\" alt=\"\" width=\"800\" height=\"600\" srcset=\"https:\/\/inces.gob.ve\/wp-content\/uploads\/2023\/07\/IMG-20230701-WA0179-e1688487272652.jpg 800w, https:\/\/inces.gob.ve\/wp-content\/uploads\/2023\/07\/IMG-20230701-WA0179-e1688487272652-300x225.jpg 300w, https:\/\/inces.gob.ve\/wp-content\/uploads\/2023\/07\/IMG-20230701-WA0179-e1688487272652-768x576.jpg 768w, https:\/\/inces.gob.ve\/wp-content\/uploads\/2023\/07\/IMG-20230701-WA0179-e1688487272652-136x102.jpg 136w\" sizes=\"auto, (max-width: 800px) 100vw, 800px\" \/><\/p>\n<p style=\"text-align: justify;\"><span style=\"font-family: helvetica, arial, sans-serif; font-size: 14pt;\">La actividad tuvo lugar el centro de formaci\u00f3n socialista (CFS), San Felipe El Fuerte, en donde estuvo presente el gerente regional del Inces, Dalvi Torrealba, en compa\u00f1\u00eda de representantes del Centro de Desarrollo para la Calidad Educativa y de la Federaci\u00f3n Venezolana de Estudiantes de Educaci\u00f3n Media (Fevem).<\/span><\/p>\n<p>&nbsp;<\/p>\n<p><img loading=\"lazy\" decoding=\"async\" class=\"aligncenter wp-image-52438 size-full\" src=\"https:\/\/inces.gob.ve\/wp-content\/uploads\/2023\/07\/IMG-20230701-WA0191-e1688487312568.jpg\" alt=\"\" width=\"800\" height=\"600\" srcset=\"https:\/\/inces.gob.ve\/wp-content\/uploads\/2023\/07\/IMG-20230701-WA0191-e1688487312568.jpg 800w, https:\/\/inces.gob.ve\/wp-content\/uploads\/2023\/07\/IMG-20230701-WA0191-e1688487312568-300x225.jpg 300w, https:\/\/inces.gob.ve\/wp-content\/uploads\/2023\/07\/IMG-20230701-WA0191-e1688487312568-768x576.jpg 768w, https:\/\/inces.gob.ve\/wp-content\/uploads\/2023\/07\/IMG-20230701-WA0191-e1688487312568-136x102.jpg 136w\" sizes=\"auto, (max-width: 800px) 100vw, 800px\" \/><\/p>\n<p style=\"text-align: justify;\"><span style=\"font-family: helvetica, arial, sans-serif; font-size: 14pt;\">El titular de la instituci\u00f3n se\u00f1al\u00f3 que en total fueron 7.035 participantes quienes culminaron con total \u00e9xito el Plan Nacional de Formaci\u00f3n para el Mundo del Trabajo Bachilleres 2023; indic\u00f3 que la capacitaci\u00f3n se realiz\u00f3 de manera conjunta con el Centro de Desarrollo Para la Calidad Educativa, bajo la direcci\u00f3n de Lenyis Mart\u00ednez.<\/span><\/p>\n<p>&nbsp;<\/p>\n<p><img loading=\"lazy\" decoding=\"async\" class=\"aligncenter wp-image-52435 size-full\" src=\"https:\/\/inces.gob.ve\/wp-content\/uploads\/2023\/07\/IMG-20230701-WA0180-e1688487343494.jpg\" alt=\"\" width=\"800\" height=\"600\" srcset=\"https:\/\/inces.gob.ve\/wp-content\/uploads\/2023\/07\/IMG-20230701-WA0180-e1688487343494.jpg 800w, https:\/\/inces.gob.ve\/wp-content\/uploads\/2023\/07\/IMG-20230701-WA0180-e1688487343494-300x225.jpg 300w, https:\/\/inces.gob.ve\/wp-content\/uploads\/2023\/07\/IMG-20230701-WA0180-e1688487343494-768x576.jpg 768w, https:\/\/inces.gob.ve\/wp-content\/uploads\/2023\/07\/IMG-20230701-WA0180-e1688487343494-136x102.jpg 136w\" sizes=\"auto, (max-width: 800px) 100vw, 800px\" \/><\/p>\n<p style=\"text-align: justify;\"><span style=\"font-family: helvetica, arial, sans-serif; font-size: 14pt;\">Expres\u00f3 que el plan contempl\u00f3 la formaci\u00f3n en perfiles productivos a los estudiantes pr\u00f3ximos a graduarse de bachilleres de los 182 planteles educativos distribuidos en los 14 municipios de la regi\u00f3n yaracuyana.<\/span><\/p>\n<p style=\"text-align: justify;\"><span style=\"font-family: helvetica, arial, sans-serif; font-size: 14pt;\">Mencion\u00f3 que los j\u00f3venes se capacitaron en las unidades curriculares \u00a0relacionadas con Ganader\u00eda, Cr\u00eda de Aves, Agricultura, Panader\u00eda, Inform\u00e1tica, Confecci\u00f3n de prendas de Vestir, Barber\u00eda, Reposter\u00eda, Herrer\u00eda, Electricidad, entre otras.<\/span><\/p>\n<p><img loading=\"lazy\" decoding=\"async\" class=\"aligncenter wp-image-52437 size-full\" src=\"https:\/\/inces.gob.ve\/wp-content\/uploads\/2023\/07\/IMG-20230701-WA0190-e1688487379185.jpg\" alt=\"\" width=\"800\" height=\"600\" srcset=\"https:\/\/inces.gob.ve\/wp-content\/uploads\/2023\/07\/IMG-20230701-WA0190-e1688487379185.jpg 800w, https:\/\/inces.gob.ve\/wp-content\/uploads\/2023\/07\/IMG-20230701-WA0190-e1688487379185-300x225.jpg 300w, https:\/\/inces.gob.ve\/wp-content\/uploads\/2023\/07\/IMG-20230701-WA0190-e1688487379185-768x576.jpg 768w, https:\/\/inces.gob.ve\/wp-content\/uploads\/2023\/07\/IMG-20230701-WA0190-e1688487379185-136x102.jpg 136w\" sizes=\"auto, (max-width: 800px) 100vw, 800px\" \/><\/p>\n<p style=\"text-align: justify;\"><span style=\"font-family: helvetica, arial, sans-serif; font-size: 14pt;\"><strong>Formaci\u00f3n para la Vida<\/strong><\/span><\/p>\n<p style=\"text-align: justify;\"><span style=\"font-family: helvetica, arial, sans-serif; font-size: 14pt;\">Es de importancia destacar que los estudiantes coinciden en que la formaci\u00f3n a trav\u00e9s del Inces, es \u00fatil para la vida, ya que muchos de ellos iniciar\u00e1n un emprendimiento de acuerdo a lo aprendido para as\u00ed generar ingresos que les permitan costear sus estudios universitarios.<\/span><\/p>\n<p style=\"text-align: justify;\"><span style=\"font-family: helvetica, arial, sans-serif; font-size: 14pt;\">Asimismo, la muchachada mencion\u00f3 que la capacitaci\u00f3n fue excelente ya que recibieron de manera simult\u00e1nea formaci\u00f3n te\u00f3rico &#8211; pr\u00e1ctica, garantizando un nivel extraordinario de aprendizaje.<\/span><\/p>\n","protected":false},"excerpt":{"rendered":"<p>*** Los j\u00f3venes se capacitaron en las diversas unidades curriculares\u00a0de las que se pueden mencionar: Cr\u00eda de Aves, Agricultura, Panader\u00eda, Reposter\u00eda, Electricidad, entre otras.<\/p>\n","protected":false},"author":15,"featured_media":52436,"comment_status":"closed","ping_status":"closed","sticky":false,"template":"","format":"standard","meta":{"footnotes":""},"categories":[2],"tags":[],"class_list":["post-52433","post","type-post","status-publish","format-standard","has-post-thumbnail","hentry","category-blog"],"_links":{"self":[{"href":"https:\/\/inces.gob.ve\/index.php\/wp-json\/wp\/v2\/posts\/52433","targetHints":{"allow":["GET"]}}],"collection":[{"href":"https:\/\/inces.gob.ve\/index.php\/wp-json\/wp\/v2\/posts"}],"about":[{"href":"https:\/\/inces.gob.ve\/index.php\/wp-json\/wp\/v2\/types\/post"}],"author":[{"embeddable":true,"href":"https:\/\/inces.gob.ve\/index.php\/wp-json\/wp\/v2\/users\/15"}],"replies":[{"embeddable":true,"href":"https:\/\/inces.gob.ve\/index.php\/wp-json\/wp\/v2\/comments?post=52433"}],"version-history":[{"count":2,"href":"https:\/\/inces.gob.ve\/index.php\/wp-json\/wp\/v2\/posts\/52433\/revisions"}],"predecessor-version":[{"id":52440,"href":"https:\/\/inces.gob.ve\/index.php\/wp-json\/wp\/v2\/posts\/52433\/revisions\/52440"}],"wp:featuredmedia":[{"embeddable":true,"href":"https:\/\/inces.gob.ve\/index.php\/wp-json\/wp\/v2\/media\/52436"}],"wp:attachment":[{"href":"https:\/\/inces.gob.ve\/index.php\/wp-json\/wp\/v2\/media?parent=52433"}],"wp:term":[{"taxonomy":"category","embeddable":true,"href":"https:\/\/inces.gob.ve\/index.php\/wp-json\/wp\/v2\/categories?post=52433"},{"taxonomy":"post_tag","embeddable":true,"href":"https:\/\/inces.gob.ve\/index.php\/wp-json\/wp\/v2\/tags?post=52433"}],"curies":[{"name":"wp","href":"https:\/\/api.w.org\/{rel}","templated":true}]}}