{"id":52446,"date":"2023-07-06T11:49:57","date_gmt":"2023-07-06T15:49:57","guid":{"rendered":"https:\/\/inces.gob.ve\/?p=52446"},"modified":"2023-07-06T11:51:38","modified_gmt":"2023-07-06T15:51:38","slug":"amazona-inces-participo-en-un-intercambio-de-saberes-para-emprendedores","status":"publish","type":"post","link":"https:\/\/inces.gob.ve\/index.php\/2023\/07\/06\/amazona-inces-participo-en-un-intercambio-de-saberes-para-emprendedores\/","title":{"rendered":"Amazona | Inces particip\u00f3 en un intercambio de saberes para emprendedores"},"content":{"rendered":"<div dir=\"auto\" style=\"text-align: justify;\"><em><strong><span style=\"font-family: helvetica, arial, sans-serif; font-size: 14pt;\">**Inces contin\u00faa trabajando mancomunadamente con diferentes entes gubernamentales en pro del bienestar de los j\u00f3venes emprendedores amazonenses<\/span><\/strong><\/em><\/div>\n<p><!--more--><\/p>\n<p>&nbsp;<\/p>\n<div dir=\"auto\" style=\"text-align: justify;\"><\/div>\n<div dir=\"auto\" style=\"text-align: justify;\"><span style=\"font-family: helvetica, arial, sans-serif; font-size: 14pt;\">FELIX RUIZ<\/span><\/div>\n<div dir=\"auto\" style=\"text-align: justify;\"><\/div>\n<div dir=\"auto\" style=\"text-align: justify;\"><span style=\"font-family: helvetica, arial, sans-serif; font-size: 14pt;\">El Instituto Nacional de Capacitaci\u00f3n y Educaci\u00f3n Socialista (Inces) particip\u00f3 en un compartir de saberes con diferentes entes gubernamentales, desarrollando mesas de trabajos de articulaci\u00f3n interinstitucional, con la finalidad de explicarle a los entes los deberes y responsabilidades legales que corresponden al pago de los aportes Inces, unificando pol\u00edticas p\u00fablicas dirigidas a emprendedores.<\/span><\/div>\n<div dir=\"auto\"><\/div>\n<div dir=\"auto\" style=\"text-align: justify;\"><span style=\"font-family: helvetica, arial, sans-serif; font-size: 14pt;\"><img loading=\"lazy\" decoding=\"async\" class=\"aligncenter wp-image-52450 size-full\" src=\"https:\/\/inces.gob.ve\/wp-content\/uploads\/2023\/07\/intercambio-saberes-6--e1688658357549.jpg\" alt=\"\" width=\"800\" height=\"600\" srcset=\"https:\/\/inces.gob.ve\/wp-content\/uploads\/2023\/07\/intercambio-saberes-6--e1688658357549.jpg 800w, https:\/\/inces.gob.ve\/wp-content\/uploads\/2023\/07\/intercambio-saberes-6--e1688658357549-300x225.jpg 300w, https:\/\/inces.gob.ve\/wp-content\/uploads\/2023\/07\/intercambio-saberes-6--e1688658357549-768x576.jpg 768w, https:\/\/inces.gob.ve\/wp-content\/uploads\/2023\/07\/intercambio-saberes-6--e1688658357549-136x102.jpg 136w\" sizes=\"auto, (max-width: 800px) 100vw, 800px\" \/><\/span><\/div>\n<div dir=\"auto\" style=\"text-align: justify;\"><\/div>\n<div dir=\"auto\" style=\"text-align: justify;\"><span style=\"font-family: helvetica, arial, sans-serif; font-size: 14pt;\">La formaci\u00f3n, junto al Inces, fue dirigida por\u00a0 instituciones como el Instituto Nacional de Desarrollo de la Peque\u00f1a y Mediana Industria (Inapymi) y la Superintendencia Nacional de Gesti\u00f3n Agroalimentaria (Sunagro), quines brimdaron asesor\u00eda en cuanto a sistema de financiamiento,\u00a0 tributos y comercializaci\u00f3n de lo agroalimentario.<\/span><\/div>\n<div dir=\"auto\"><\/div>\n<div dir=\"auto\"><img loading=\"lazy\" decoding=\"async\" class=\"aligncenter wp-image-52447 size-full\" src=\"https:\/\/inces.gob.ve\/wp-content\/uploads\/2023\/07\/intercambio-saberes-1--e1688658377163.jpg\" alt=\"\" width=\"800\" height=\"600\" srcset=\"https:\/\/inces.gob.ve\/wp-content\/uploads\/2023\/07\/intercambio-saberes-1--e1688658377163.jpg 800w, https:\/\/inces.gob.ve\/wp-content\/uploads\/2023\/07\/intercambio-saberes-1--e1688658377163-300x225.jpg 300w, https:\/\/inces.gob.ve\/wp-content\/uploads\/2023\/07\/intercambio-saberes-1--e1688658377163-768x576.jpg 768w, https:\/\/inces.gob.ve\/wp-content\/uploads\/2023\/07\/intercambio-saberes-1--e1688658377163-136x102.jpg 136w\" sizes=\"auto, (max-width: 800px) 100vw, 800px\" \/><\/div>\n<div dir=\"auto\" style=\"text-align: justify;\"><\/div>\n<div dir=\"auto\" style=\"text-align: justify;\"><span style=\"font-family: helvetica, arial, sans-serif; font-size: 14pt;\">Por su parte, el Inces, organismo encargado de la formaci\u00f3n y autoformaci\u00f3n permanente, tiene como misi\u00f3n el desarrollo de las capacidades; de esta forma, los conocimientos van orientados a la producci\u00f3n de bienes y a la prestaci\u00f3n de servicios que satisfagan las necesidades de la poblaci\u00f3n amazonense.<\/span><\/div>\n<div dir=\"auto\"><\/div>\n<div dir=\"auto\"><img loading=\"lazy\" decoding=\"async\" class=\"aligncenter wp-image-52451 size-full\" src=\"https:\/\/inces.gob.ve\/wp-content\/uploads\/2023\/07\/intercambio-saberes-5--e1688658418344.jpg\" alt=\"\" width=\"800\" height=\"600\" srcset=\"https:\/\/inces.gob.ve\/wp-content\/uploads\/2023\/07\/intercambio-saberes-5--e1688658418344.jpg 800w, https:\/\/inces.gob.ve\/wp-content\/uploads\/2023\/07\/intercambio-saberes-5--e1688658418344-300x225.jpg 300w, https:\/\/inces.gob.ve\/wp-content\/uploads\/2023\/07\/intercambio-saberes-5--e1688658418344-768x576.jpg 768w, https:\/\/inces.gob.ve\/wp-content\/uploads\/2023\/07\/intercambio-saberes-5--e1688658418344-136x102.jpg 136w\" sizes=\"auto, (max-width: 800px) 100vw, 800px\" \/><\/div>\n<div dir=\"auto\" style=\"text-align: justify;\"><\/div>\n<div dir=\"auto\" style=\"text-align: justify;\"><span style=\"font-family: helvetica, arial, sans-serif; font-size: 14pt;\">Katiuska Perdomo del \u00e1rea de Tributos del Inces fue la encargada de explicarl a los j\u00f3venes emprendedores que tiene la obligaci\u00f3n de cotizar al Inces el dos porciento del salario mensual pagado. Este tributo se debe cancelar cada trimestre, seg\u00fan el art\u00edculo 49 del Decreto con Rango, Valor y Fuerza de la Ley del inces, promulgado el 13 de noviembre del a\u00f1o 2014.\u00a0<\/span><\/div>\n<div dir=\"auto\" style=\"text-align: justify;\"><\/div>\n<div dir=\"auto\" style=\"text-align: justify;\"><span style=\"font-family: helvetica, arial, sans-serif; font-size: 14pt;\">\u00abEl Registro Nacional de Contribuciones Parafiscal (RNCP) es el sistema implementado por el Inces para ejercer el control fiscal de la recaudaci\u00f3n por medio de los aportes de cada entidad de trabajo. Para cumplir con la obligaci\u00f3n legal es necesario inscribirse y afiliarse via electr\u00f3nica en un plazo legalmente establecido, este procedimiento es sumamente sencillo, acceder al portal web y ubicar cualquier de los links que te redirigir\u00e1n a la p\u00e1gina de inicio de la plataforma\u00bb, menciono Katiuska Perdomo trabajadora Inces.<\/span><\/div>\n<div dir=\"auto\"><img loading=\"lazy\" decoding=\"async\" class=\"aligncenter wp-image-52448 \" src=\"https:\/\/inces.gob.ve\/wp-content\/uploads\/2023\/07\/intercambio-saberes-2--e1688658556938-768x1024.jpg\" alt=\"\" width=\"568\" height=\"757\" srcset=\"https:\/\/inces.gob.ve\/wp-content\/uploads\/2023\/07\/intercambio-saberes-2--e1688658556938-768x1024.jpg 768w, https:\/\/inces.gob.ve\/wp-content\/uploads\/2023\/07\/intercambio-saberes-2--e1688658556938-225x300.jpg 225w, https:\/\/inces.gob.ve\/wp-content\/uploads\/2023\/07\/intercambio-saberes-2--e1688658556938.jpg 800w\" sizes=\"auto, (max-width: 568px) 100vw, 568px\" \/><\/div>\n<div dir=\"auto\" style=\"text-align: justify;\"><\/div>\n<div dir=\"auto\" style=\"text-align: justify;\"><span style=\"font-family: helvetica, arial, sans-serif; font-size: 14pt;\">En el encuentro de saberes estuvieron presente representantes de las instituciones como el Ministerio de Comercio Nacional, el\u00a0 Instituto Venezolano de los Seguros Sociales (IVSS), Movimiento de Emprendedores, Fondo de Ahorro Obligatorio para la Vivienda (FAOV), servicio aut\u00f3nomo de contralor\u00eda sanitarias (SACS),\u00a0 Servicio Nacional Integrado de Administraci\u00f3n Aduanera y Tributaria (SENIAT),\u00a0 \u00a0Servicio Aut\u00f3nomo de Registros y Notar\u00edas (SAREN), Banco de Desarrollo de la Mujer (BANMUJER),\u00a0 Gobernaci\u00f3n del Estado Amazonas y la alcald\u00eda del municipio Atures.<\/span><\/div>\n<div dir=\"auto\" style=\"text-align: justify;\"><\/div>\n<div dir=\"auto\" style=\"text-align: justify;\"><span style=\"font-family: helvetica, arial, sans-serif; font-size: 14pt;\">La actividad fue realizada en la instalaciones de SENIAT.\u00a0<\/span><\/div>\n<div class=\"yj6qo\"><\/div>\n<div class=\"adL\" dir=\"auto\"><\/div>\n","protected":false},"excerpt":{"rendered":"<p>**Inces contin\u00faa trabajando mancomunadamente con diferentes entes gubernamentales en pro del bienestar de los j\u00f3venes emprendedores amazonenses<\/p>\n","protected":false},"author":15,"featured_media":52449,"comment_status":"closed","ping_status":"closed","sticky":false,"template":"","format":"standard","meta":{"footnotes":""},"categories":[2],"tags":[],"class_list":["post-52446","post","type-post","status-publish","format-standard","has-post-thumbnail","hentry","category-blog"],"_links":{"self":[{"href":"https:\/\/inces.gob.ve\/index.php\/wp-json\/wp\/v2\/posts\/52446","targetHints":{"allow":["GET"]}}],"collection":[{"href":"https:\/\/inces.gob.ve\/index.php\/wp-json\/wp\/v2\/posts"}],"about":[{"href":"https:\/\/inces.gob.ve\/index.php\/wp-json\/wp\/v2\/types\/post"}],"author":[{"embeddable":true,"href":"https:\/\/inces.gob.ve\/index.php\/wp-json\/wp\/v2\/users\/15"}],"replies":[{"embeddable":true,"href":"https:\/\/inces.gob.ve\/index.php\/wp-json\/wp\/v2\/comments?post=52446"}],"version-history":[{"count":3,"href":"https:\/\/inces.gob.ve\/index.php\/wp-json\/wp\/v2\/posts\/52446\/revisions"}],"predecessor-version":[{"id":52454,"href":"https:\/\/inces.gob.ve\/index.php\/wp-json\/wp\/v2\/posts\/52446\/revisions\/52454"}],"wp:featuredmedia":[{"embeddable":true,"href":"https:\/\/inces.gob.ve\/index.php\/wp-json\/wp\/v2\/media\/52449"}],"wp:attachment":[{"href":"https:\/\/inces.gob.ve\/index.php\/wp-json\/wp\/v2\/media?parent=52446"}],"wp:term":[{"taxonomy":"category","embeddable":true,"href":"https:\/\/inces.gob.ve\/index.php\/wp-json\/wp\/v2\/categories?post=52446"},{"taxonomy":"post_tag","embeddable":true,"href":"https:\/\/inces.gob.ve\/index.php\/wp-json\/wp\/v2\/tags?post=52446"}],"curies":[{"name":"wp","href":"https:\/\/api.w.org\/{rel}","templated":true}]}}