{"id":52570,"date":"2023-07-11T15:28:33","date_gmt":"2023-07-11T19:28:33","guid":{"rendered":"https:\/\/inces.gob.ve\/?p=52570"},"modified":"2023-07-11T15:30:59","modified_gmt":"2023-07-11T19:30:59","slug":"delta-amacuro-inces-se-reunio-con-representantes-de-la-feveem-obe","status":"publish","type":"post","link":"https:\/\/inces.gob.ve\/index.php\/2023\/07\/11\/delta-amacuro-inces-se-reunio-con-representantes-de-la-feveem-obe\/","title":{"rendered":"DELTA AMACURO | Inces se reuni\u00f3 con representantes de la FEVEEM- OBE"},"content":{"rendered":"<p dir=\"ltr\" style=\"text-align: justify;\"><em><strong><span style=\"font-family: helvetica, arial, sans-serif; font-size: 14pt;\">**La instituci\u00f3n pone en marcha la formaci\u00f3n t\u00e9cnica especializada en el ramo de las telecomunicaciones como parte de la Alianza Conatel-Inces<\/span><\/strong><\/em><!--more--><\/p>\n<p dir=\"ltr\" style=\"text-align: justify;\"><span style=\"font-family: helvetica, arial, sans-serif; font-size: 14pt;\">TITO Y\u00c1NEZ\u00a0<\/span><\/p>\n<p dir=\"ltr\" style=\"text-align: justify;\"><span style=\"font-family: helvetica, arial, sans-serif; font-size: 14pt;\">El Instituto Nacional de Capacitaci\u00f3n y Educaci\u00f3n Socialista (Inces) sostuvo un importante encuentro con representantes de la Federaci\u00f3n Venezolana de Estudiantes de Educaci\u00f3n Media (FEVEEM) y la Organizaci\u00f3n Bolivariana Estudiantil (OBE) en el estado Delta Amacuro.\u00a0<\/span><\/p>\n<p dir=\"ltr\" style=\"text-align: justify;\"><span style=\"font-family: helvetica, arial, sans-serif; font-size: 14pt;\">Con el objetivo de socializar los lineamientos de la Alianza Conatel-Inces que busca impulsar la formaci\u00f3n t\u00e9cnica especializada en el ramo de las telecomunicaciones, en la sede del Inces en Delta Amacuro, la profesora Tamaiba Coll explic\u00f3 que entre las opciones se encuentran t\u00e9cnicos en soporte y mantenimiento de tecnolog\u00edas de informaci\u00f3n, redes y sistemas informativos, instalaciones de redes Wi-Fi, ensamblador de productos electr\u00f3nicos, entre otros.<\/span><\/p>\n<p dir=\"ltr\"><img loading=\"lazy\" decoding=\"async\" class=\"aligncenter wp-image-52574 size-full\" src=\"https:\/\/inces.gob.ve\/wp-content\/uploads\/2023\/07\/INCES-1.jpeg\" alt=\"\" width=\"538\" height=\"736\" srcset=\"https:\/\/inces.gob.ve\/wp-content\/uploads\/2023\/07\/INCES-1.jpeg 538w, https:\/\/inces.gob.ve\/wp-content\/uploads\/2023\/07\/INCES-1-219x300.jpeg 219w\" sizes=\"auto, (max-width: 538px) 100vw, 538px\" \/><\/p>\n<p dir=\"ltr\" style=\"text-align: justify;\"><span style=\"font-family: helvetica, arial, sans-serif; font-size: 14pt;\">Se determin\u00f3 que inicialmente la formaci\u00f3n pr\u00f3xima a iniciar ser\u00e1 el de T\u00e9cnico en Soporte y Mantenimiento de Tecnolog\u00eda de Informaci\u00f3n, donde se desarrollar\u00e1n sesis unidades curriculares, siendo dos (2) a trav\u00e9s del campus virtual Inces y otras cuatro (4) para completar el plan de formaci\u00f3n que ser\u00e1n impartidas presencialmente por el maestro t\u00e9cnico productivo Jos\u00e9 Guerra, en este mismo mes.\u00a0<\/span><\/p>\n<p dir=\"ltr\" style=\"text-align: justify;\"><span style=\"font-family: helvetica, arial, sans-serif; font-size: 14pt;\">Estas formaciones van dirigidas de forma especial a los voceros de la Feveem, Juventud del Partido Socialista Unido de Venezuela (JPSUV) y Federaci\u00f3n Venezolana de Estudiantes Universitarios (FVEU) para as\u00ed capacitar a los estudiantes con conocimientos que les permitan realizar el mantenimiento y reparaci\u00f3n de los equipos tecnol\u00f3gicos que se instalan en lugares p\u00fablicos como plazas y escuelas, los cuales dan acceso a las personas a la red de redes.<\/span><\/p>\n<p dir=\"ltr\" style=\"text-align: justify;\"><span style=\"font-family: helvetica, arial, sans-serif; font-size: 14pt;\">En la reuni\u00f3n con la profesora Tamaiba Coll, representando al Inces, estuvieron presentes Eduardo Rodr\u00edguez quien es Coordinador estadal de la OBE-Feveem y Carmen Salaza, responsable de la OBE-Feveem en el municipio Tucupita del Centro de Desarrollo de la Calidad Educativa Delta Amacuro, quienes aseguraron estar en toda la disposici\u00f3n y expresaron que estas formaciones son respuesta al ramo de las telecomunicaciones, uno de los sectores estrat\u00e9gicos y de mayor crecimiento del pa\u00eds.<\/span><\/p>\n","protected":false},"excerpt":{"rendered":"<p>**La instituci\u00f3n pone en marcha la formaci\u00f3n t\u00e9cnica especializada en el ramo de las telecomunicaciones como parte de la Alianza Conatel-Inces<\/p>\n","protected":false},"author":15,"featured_media":52572,"comment_status":"closed","ping_status":"closed","sticky":false,"template":"","format":"standard","meta":{"footnotes":""},"categories":[2],"tags":[],"class_list":["post-52570","post","type-post","status-publish","format-standard","has-post-thumbnail","hentry","category-blog"],"_links":{"self":[{"href":"https:\/\/inces.gob.ve\/index.php\/wp-json\/wp\/v2\/posts\/52570","targetHints":{"allow":["GET"]}}],"collection":[{"href":"https:\/\/inces.gob.ve\/index.php\/wp-json\/wp\/v2\/posts"}],"about":[{"href":"https:\/\/inces.gob.ve\/index.php\/wp-json\/wp\/v2\/types\/post"}],"author":[{"embeddable":true,"href":"https:\/\/inces.gob.ve\/index.php\/wp-json\/wp\/v2\/users\/15"}],"replies":[{"embeddable":true,"href":"https:\/\/inces.gob.ve\/index.php\/wp-json\/wp\/v2\/comments?post=52570"}],"version-history":[{"count":5,"href":"https:\/\/inces.gob.ve\/index.php\/wp-json\/wp\/v2\/posts\/52570\/revisions"}],"predecessor-version":[{"id":52580,"href":"https:\/\/inces.gob.ve\/index.php\/wp-json\/wp\/v2\/posts\/52570\/revisions\/52580"}],"wp:featuredmedia":[{"embeddable":true,"href":"https:\/\/inces.gob.ve\/index.php\/wp-json\/wp\/v2\/media\/52572"}],"wp:attachment":[{"href":"https:\/\/inces.gob.ve\/index.php\/wp-json\/wp\/v2\/media?parent=52570"}],"wp:term":[{"taxonomy":"category","embeddable":true,"href":"https:\/\/inces.gob.ve\/index.php\/wp-json\/wp\/v2\/categories?post=52570"},{"taxonomy":"post_tag","embeddable":true,"href":"https:\/\/inces.gob.ve\/index.php\/wp-json\/wp\/v2\/tags?post=52570"}],"curies":[{"name":"wp","href":"https:\/\/api.w.org\/{rel}","templated":true}]}}