{"id":52573,"date":"2023-06-19T15:27:33","date_gmt":"2023-06-19T19:27:33","guid":{"rendered":"https:\/\/inces.gob.ve\/?p=52573"},"modified":"2023-07-11T15:29:20","modified_gmt":"2023-07-11T19:29:20","slug":"participantes-se-aproximan-a-la-ciencia-como-fenomeno-omnipresente","status":"publish","type":"post","link":"https:\/\/inces.gob.ve\/index.php\/2023\/06\/19\/participantes-se-aproximan-a-la-ciencia-como-fenomeno-omnipresente\/","title":{"rendered":"Participantes se aproximan a la ciencia como fen\u00f3meno omnipresente"},"content":{"rendered":"<p align=\"justify\"><span style=\"color: #000000; font-size: 14pt; font-family: arial, helvetica, sans-serif;\"><b>*** De la mano del Inces y Juventud Productiva, amparados y tutelados por el Ministerio de Ciencia y Tecnolog\u00eda. El programa en general se denomina Semillero Cient\u00edfico Nacional e internamente: Ruta Cient\u00edfica Inces<\/b><\/span><!--more--><\/p>\n<p align=\"justify\">\n<p align=\"justify\">\n<p align=\"justify\"><span style=\"color: #000000; font-size: 14pt; font-family: arial, helvetica, sans-serif;\">La ciencia es una rama plena de conocimientos que est\u00e1 llena de otras materias que complementan su comprensi\u00f3n.\u00a0<b>A<\/b><b>l ser un \u00e1<\/b><b>rea<\/b><b>\u00a0sumamente pr\u00e1ctica\u00a0<\/b><b>puede resultar de mucho atractivo para los j\u00f3venes una vez que la aborden con conciencia.<\/b>\u00a0A prop\u00f3sito de \u00e9sto, el Ministerio de Ciencia y Tecnolog\u00eda lleva adelante un programa conformador de un gran Semillero Cient\u00edfico Nacional, donde se involucra el Instituto Nacional de Capacitaci\u00f3n y Educaci\u00f3n Socialista (Inces), a trav\u00e9s de Juventud Productiva en la denominada, Ruta Cient\u00edfica Inces.\u00a0<b>El acercamiento a la ciencia,es la consigna.<\/b><\/span><\/p>\n<p align=\"justify\">\n<p align=\"justify\"><span style=\"color: #000000; font-size: 14pt; font-family: arial, helvetica, sans-serif;\">De momento est\u00e1 por culminar un proceso de mesas de trabajo conducente a la materializaci\u00f3n de un convenio cuyo fin \u00faltimo es la aproximaci\u00f3n al maravilloso mundo de las ciencias,\u00a0<b>demostrando su utilidad y permanente presencia en todas las actividades humanas.<\/b><\/span><\/p>\n<p align=\"justify\">\n<p align=\"justify\"><span style=\"color: #000000; font-size: 14pt; font-family: arial, helvetica, sans-serif;\">Los j\u00f3venes bachilleres y aprendices, principalmente de \u201cSomos Aprendices Inces\u201d conducidos por el instituto y en n\u00famero de 40 en Miranda (Carrizal) y 40 en Caracas (Chacao),\u00a0<b>al d\u00eda de hoy han tenido experiencias experimentales y exploratorias<\/b>\u00a0con la ciencia, desde distintas instituciones nacionales.<\/span><\/p>\n<p align=\"justify\">\n<p><span style=\"font-size: 14pt; font-family: arial, helvetica, sans-serif;\">A trav\u00e9s de\u00a0esta\u00a0iniciativa\u00a0se\u00a0motiva al\u00a0participante\u00a0para que vea que sus esfuerzos tendr\u00e1n recompensa y una experiencia positiva. Los\u00a0j\u00f3venes\u00a0son conscientes, durante el desarrollo\u00a0de sus\u00a0intervenciones,\u00a0de\u00a0que l<b>a ciencia\u00a0<\/b><b>incide en su formaci\u00f3n y que\u00a0<\/b><b>el tiempo aqu\u00ed<\/b><b>\u00a0invertido tendr\u00e1 un reconocimiento futuro.<\/b><\/span><\/p>\n<p>&nbsp;<\/p>\n<p align=\"justify\"><span style=\"font-size: 14pt; font-family: arial, helvetica, sans-serif;\"><span style=\"color: #000000;\">Aprender de los otros compa\u00f1eros\u00a0<\/span><span style=\"color: #000000;\">y visualizar la ciencia como omnipresente\u00a0<\/span><span style=\"color: #000000;\"><b>es<\/b><\/span><span style=\"color: #000000;\"><b>\u00a0construir conocimiento\u00a0<\/b><\/span><span style=\"color: #000000;\"><b>propio<\/b><\/span><span style=\"color: #000000;\"><b>\u00a0a trav\u00e9s de la inte<\/b><\/span><span style=\"color: #000000;\">racci\u00f3n, procesa<\/span><span style=\"color: #000000;\">miento<\/span><span style=\"color: #000000;\">\u00a0y adqui<\/span><span style=\"color: #000000;\">sici\u00f3n<\/span><span style=\"color: #000000;\">\u00a0de forma<\/span><span style=\"color: #000000;\">s<\/span><span style=\"color: #000000;\">\u00a0conjunta<\/span><span style=\"color: #000000;\">s<\/span><span style=\"color: #000000;\">\u00a0<\/span><span style=\"color: #000000;\">de\u00a0<\/span><span style=\"color: #000000;\">nuevos conocimientos.\u00a0<\/span><span style=\"color: #000000;\">Estos<\/span><span style=\"color: #000000;\">\u00a0son algunos de los mayores beneficios que ofrece trabajar en grupo\u00a0<\/span><span style=\"color: #000000;\">como lo ofrece este proyecto.<\/span><\/span><\/p>\n<p align=\"justify\">\n<p align=\"justify\"><span style=\"font-size: 14pt; font-family: arial, helvetica, sans-serif;\"><span style=\"color: #000000;\">Es evidente que la ciencia promueve\u00a0<\/span><span style=\"color: #000000;\">un pensamiento cr\u00edtico y una capacidad de an\u00e1lisis basada en la evidencia,\u00a0<\/span><span style=\"color: #000000;\">lo cual<\/span><span style=\"color: #000000;\">\u00a0permite a<\/span><span style=\"color: #000000;\">l participante<\/span><span style=\"color: #000000;\">\u00a0tomar mejores decisiones en todos los \u00e1mbitos de su vida.\u00a0<\/span><span style=\"color: #000000;\"><b>La ense\u00f1anza de las ciencias es una necesidad inherente en nuestra sociedad<\/b><\/span><span style=\"color: #000000;\">. Esto permite que cualquier persona pueda opinar y participar sobre temas cient\u00edficos.<\/span><\/span><\/p>\n<p align=\"justify\">\n<p align=\"justify\"><span style=\"font-size: 14pt; font-family: arial, helvetica, sans-serif;\"><span style=\"color: #000000;\">Se ha interaccionado<\/span><span style=\"color: #000000;\">\u00a0con el Centro Nacional de Tecnolog\u00edas Qu\u00edmicas (Cntq),\u00a0<\/span><span style=\"color: #000000;\">siempre con lecciones te\u00f3rico-pr\u00e1cticas,<\/span><span style=\"color: #000000;\">\u00a0donde se ha planificado una din\u00e1mica b\u00e1sica que lleva por t\u00edtulo \u201cLa Qu\u00edmica y su incidencia Cotidiana\u201d donde se persigue humanizar esta c\u00e1tedra,\u00a0<\/span><span style=\"color: #000000;\"><b>haci\u00e9ndola ver como algo pr\u00f3ximo y no distante, abstracto e incomprensible.<\/b><\/span><\/span><\/p>\n<p align=\"justify\">\n<p align=\"justify\"><span style=\"font-size: 14pt; font-family: arial, helvetica, sans-serif;\"><span style=\"color: #000000;\">O<\/span><span style=\"color: #000000;\">tro tema que ser\u00e1 reforzado es el petroqu\u00edmico, vista Venezuela como un estandarte mundial de la producci\u00f3n petrolera.<\/span><\/span><\/p>\n<p align=\"justify\">\n<p align=\"justify\"><span style=\"color: #000000; font-size: 14pt; font-family: arial, helvetica, sans-serif;\">Otros aliados en esta loable iniciativa de acercamiento a la ciencia es la instituci\u00f3n Fundaci\u00f3n Nacional de Museos, donde se certifica adem\u00e1s que el arte tambi\u00e9n es ciencia.<\/span><\/p>\n<p align=\"justify\">\n<p align=\"justify\"><span style=\"font-size: 14pt; font-family: arial, helvetica, sans-serif;\"><span style=\"color: #000000;\">Finalmente existe un acercamiento con la Fundaci\u00f3n Instituto de Ingenier\u00eda y Desarrollo Tecnol\u00f3gico\u00a0<\/span><span style=\"color: #000000;\">(Fiiidt)<\/span><span style=\"color: #000000;\">\u00a0<\/span><span style=\"color: #000000;\">donde est\u00e1 previsto el pleno desarrollo de 4 aristas visualizadas en centros,\u00a0<\/span><span style=\"color: #000000;\">a saber<\/span><span style=\"color: #000000;\">: Mec\u00e1nica, Materiales, Georeferencia y Energ\u00e9tica.<\/span><\/span><\/p>\n<p align=\"justify\">\n<p align=\"justify\"><span style=\"font-size: 14pt; font-family: arial, helvetica, sans-serif;\"><span style=\"color: #000000;\">E<\/span><span style=\"color: #000000;\">n definitiva este plan piloto persigue la sensibilizaci\u00f3n y acercamiento hacia la ciencia\u00a0<\/span><span style=\"color: #000000;\">para abrir en los participantes un abanico de palpables posibilidades.<\/span><\/span><\/p>\n<p align=\"justify\">\n<p align=\"justify\"><span style=\"font-size: 14pt; font-family: arial, helvetica, sans-serif;\"><span style=\"color: #000000;\">L<\/span><span style=\"color: #000000;\">a ciencia es el resultado del esfuerzo del ser humano por la comprensi\u00f3n del medio en el que vive, fruto de la permanente b\u00fasqueda de respuestas a las preguntas que se plantea sobre s\u00ed mismo y sobre todo, lo que le rodea.<\/span><\/span><\/p>\n","protected":false},"excerpt":{"rendered":"<p>*** De la mano del Inces y Juventud Productiva, amparados y tutelados por el Ministerio de Ciencia y Tecnolog\u00eda. El programa en general se denomina Semillero Cient\u00edfico Nacional e internamente: Ruta Cient\u00edfica Inces<\/p>\n","protected":false},"author":4,"featured_media":0,"comment_status":"closed","ping_status":"closed","sticky":false,"template":"","format":"standard","meta":{"footnotes":""},"categories":[2],"tags":[],"class_list":["post-52573","post","type-post","status-publish","format-standard","hentry","category-blog"],"_links":{"self":[{"href":"https:\/\/inces.gob.ve\/index.php\/wp-json\/wp\/v2\/posts\/52573","targetHints":{"allow":["GET"]}}],"collection":[{"href":"https:\/\/inces.gob.ve\/index.php\/wp-json\/wp\/v2\/posts"}],"about":[{"href":"https:\/\/inces.gob.ve\/index.php\/wp-json\/wp\/v2\/types\/post"}],"author":[{"embeddable":true,"href":"https:\/\/inces.gob.ve\/index.php\/wp-json\/wp\/v2\/users\/4"}],"replies":[{"embeddable":true,"href":"https:\/\/inces.gob.ve\/index.php\/wp-json\/wp\/v2\/comments?post=52573"}],"version-history":[{"count":1,"href":"https:\/\/inces.gob.ve\/index.php\/wp-json\/wp\/v2\/posts\/52573\/revisions"}],"predecessor-version":[{"id":52577,"href":"https:\/\/inces.gob.ve\/index.php\/wp-json\/wp\/v2\/posts\/52573\/revisions\/52577"}],"wp:attachment":[{"href":"https:\/\/inces.gob.ve\/index.php\/wp-json\/wp\/v2\/media?parent=52573"}],"wp:term":[{"taxonomy":"category","embeddable":true,"href":"https:\/\/inces.gob.ve\/index.php\/wp-json\/wp\/v2\/categories?post=52573"},{"taxonomy":"post_tag","embeddable":true,"href":"https:\/\/inces.gob.ve\/index.php\/wp-json\/wp\/v2\/tags?post=52573"}],"curies":[{"name":"wp","href":"https:\/\/api.w.org\/{rel}","templated":true}]}}