{"id":52637,"date":"2023-07-13T15:46:44","date_gmt":"2023-07-13T19:46:44","guid":{"rendered":"https:\/\/inces.gob.ve\/?p=52637"},"modified":"2023-07-17T12:22:33","modified_gmt":"2023-07-17T16:22:33","slug":"falcon-inces-con-el-sistema-comunal-trazan-estrategias-para-la-consolidacion-del-plan-fornativo-comunal","status":"publish","type":"post","link":"https:\/\/inces.gob.ve\/index.php\/2023\/07\/13\/falcon-inces-con-el-sistema-comunal-trazan-estrategias-para-la-consolidacion-del-plan-fornativo-comunal\/","title":{"rendered":"FALC\u00d3N | Inces con el Sistema Comunal trazan estrategias para la consolidaci\u00f3n del Plan Formativo Comunal"},"content":{"rendered":"<div dir=\"auto\">\n<div dir=\"auto\"><em><strong><span style=\"font-size: 14pt; font-family: helvetica, arial, sans-serif;\">** Con la finalidad de contribuir en la consolidaci\u00f3n de la Comuna\u00a0 y el reconocimiento del saber a trav\u00e9s de la formaci\u00f3n y certificaci\u00f3n<\/span><\/strong><\/em><\/div>\n<\/div>\n<p><!--more--><\/p>\n<div dir=\"auto\"><\/div>\n<div dir=\"auto\">\n<div dir=\"auto\"><strong><span style=\"font-size: 14pt; font-family: helvetica, arial, sans-serif;\">MIRIAM GONZ\u00c1LEZ VILLARROEL.<\/span><\/strong><\/div>\n<div dir=\"auto\"><span style=\"font-size: 14pt; font-family: helvetica, arial, sans-serif;\">En los espacios de la Gerencia Regional del Instituto Nacional de Capacitaci\u00f3n y Educaci\u00f3n Socialista (Inces) en la ciudad de Santa Ana de Coro, este lunes 10 de julio, se celebr\u00f3 la primera reuni\u00f3n de articulaci\u00f3n entre el Ministerio del Poder Popular para las Comunas y Movimientos Sociales y el Inces, para coordinar acciones conjuntas que tributen al cumplimiento del Plan de Desarrollo Curricular y Popular para el Mundo del Trabajo, cumpliendo orientaciones del Gobierno Nacional.<\/span><\/div>\n<\/div>\n<div dir=\"auto\"><\/div>\n<div dir=\"auto\"><\/div>\n<div dir=\"auto\">\n<div dir=\"auto\"><span style=\"font-size: 14pt; font-family: helvetica, arial, sans-serif;\">En el encuentro se dieron cita representantes del Ministerio de\u00a0 las Comunas, Viceministerio de Econom\u00eda Comunal, Secretar\u00eda de las Comunas, Escuela para el Fortalecimiento del Poder Popular, Fondemi, Sunacoop,\u00a0 y el equipo del Inces integrado por las Coordinaciones de Encadenamiento Productivo,\u00a0 Agr\u00edcola, \u00c1mbito Comunas, Curr\u00edculo y Did\u00e1ctica, para coordinar, gestionar, dar acompa\u00f1amiento y sistematizar experiencias de Proyectos de Formaci\u00f3n y Autoformaci\u00f3n Productiva (PFAP) que fortalezcan al Poder Popular en Falc\u00f3n.<\/span><\/div>\n<\/div>\n<div dir=\"auto\"><\/div>\n<div dir=\"auto\"><\/div>\n<div dir=\"auto\"><img loading=\"lazy\" decoding=\"async\" class=\"aligncenter wp-image-52640 size-large\" src=\"https:\/\/inces.gob.ve\/wp-content\/uploads\/2023\/07\/20230710_111943-1-1024x768.jpg\" alt=\"\" width=\"640\" height=\"480\" srcset=\"https:\/\/inces.gob.ve\/wp-content\/uploads\/2023\/07\/20230710_111943-1-1024x768.jpg 1024w, https:\/\/inces.gob.ve\/wp-content\/uploads\/2023\/07\/20230710_111943-1-300x225.jpg 300w, https:\/\/inces.gob.ve\/wp-content\/uploads\/2023\/07\/20230710_111943-1-768x576.jpg 768w, https:\/\/inces.gob.ve\/wp-content\/uploads\/2023\/07\/20230710_111943-1-1536x1152.jpg 1536w, https:\/\/inces.gob.ve\/wp-content\/uploads\/2023\/07\/20230710_111943-1-2048x1536.jpg 2048w, https:\/\/inces.gob.ve\/wp-content\/uploads\/2023\/07\/20230710_111943-1-136x102.jpg 136w\" sizes=\"auto, (max-width: 640px) 100vw, 640px\" \/><\/div>\n<div dir=\"auto\">\n<div dir=\"auto\"><\/div>\n<div dir=\"auto\"><\/div>\n<div dir=\"auto\"><span style=\"font-size: 14pt; font-family: helvetica, arial, sans-serif;\">\u201cIdentificar y determinar aspectos priorizados, estableciendo la formaci\u00f3n desde la integralidad y que responda a la territorializaci\u00f3n de las comunidades, de los consejos comunales, bas\u00e1ndose en el desarrollo humano, de reconocerse como personas, es importante en la cadena de producci\u00f3n\u00bb, expres\u00f3 Olga Noguera,\u00a0 coordinadora de Encadenamiento Productivo del Inces.<\/span><\/div>\n<div dir=\"auto\"><\/div>\n<div dir=\"auto\"><\/div>\n<div dir=\"auto\"><span style=\"font-size: 14pt; font-family: helvetica, arial, sans-serif;\">Habl\u00f3 Noguera sobre el Plan Formativo Comunal para el Mundo del Trabajo,\u00a0 cuyos planes formativos dan respuesta de acuerdo a las necesidades de formaci\u00f3n,\u00a0 dijo, se cuenta con el Campus Virtual del Inces,\u00a0 el cual brinda m\u00e1s de 120 ofertas formativas, de autoformaci\u00f3n intr\u00ednseca, por lo que hay que determinar las necesidades de formaci\u00f3n para la creaci\u00f3n del Plan de Trabajo.<\/span><\/div>\n<div dir=\"auto\"><\/div>\n<div dir=\"auto\"><\/div>\n<div dir=\"auto\"><span style=\"font-size: 14pt; font-family: helvetica, arial, sans-serif;\">En este sentido, Franyalimar Higuera,\u00a0 Autoridad \u00danica de Las Comunas y Movimientos Sociales en Falc\u00f3n,\u00a0 precis\u00f3, establecer un diagn\u00f3stico, para luego realizar un levantamiento,\u00a0 con una Indagaci\u00f3n de contexto identificando los aspectos priorizados y elaborar el plan de desarrollo curricular.<\/span><\/div>\n<div dir=\"auto\"><\/div>\n<div dir=\"auto\"><\/div>\n<div dir=\"auto\"><span style=\"font-size: 14pt; font-family: helvetica, arial, sans-serif;\">\u201cSe esta dando Inicio al el di\u00e1logo constructivo y la definici\u00f3n de la intenci\u00f3n de los procesos de formaci\u00f3n y autoformaci\u00f3n dirigidos a las comunidades\u201d.<\/span><\/div>\n<div dir=\"auto\"><\/div>\n<div dir=\"auto\"><\/div>\n<div dir=\"auto\"><span style=\"font-size: 14pt; font-family: helvetica, arial, sans-serif;\">\u201cHay que retomar el hecho productivo y la sustentabilidad, donde se tenga en cuenta la autogesti\u00f3n, el autoemprendimiento y podamos ser, sustentables y sostenibles en el tiempo\u201d, apunt\u00f3 Jenny Ruiz, de la Sunacoop Falc\u00f3n.<\/span><\/div>\n<\/div>\n<div dir=\"auto\"><\/div>\n<div dir=\"auto\"><\/div>\n<div dir=\"auto\">\n<div dir=\"auto\"><span style=\"font-size: 14pt; font-family: helvetica, arial, sans-serif;\">Al finalizar el encuentro se acord\u00f3, la elaboraci\u00f3n del cronograma para la evaluaci\u00f3n, actualizaci\u00f3n y ejecuci\u00f3n de los perfiles productivos laborales y unidades curriculares de los PFAP, de acuerdo a la \u00e1reas de inter\u00e9s, priorizadas en el \u00e1mbito comunal e iniciar con la Programaci\u00f3n Formativa \u00c1mbito Comunas 2023.<\/span><\/div>\n<div dir=\"auto\"><\/div>\n<div dir=\"auto\"><\/div>\n<div dir=\"auto\"><span style=\"font-size: 14pt; font-family: helvetica, arial, sans-serif;\">Se hace necesario, indic\u00f3 Arturo Colmenares, garantizar la articulaci\u00f3n entre el Ministerio del Poder Popular para las Comunas y Movimientos Sociales, el Inces y dem\u00e1s instituciones vinculadas a las pol\u00edticas de Educaci\u00f3n y Formaci\u00f3n T\u00e9cnica Profesional para generar acciones estrat\u00e9gicas en esta nueva etapa de transici\u00f3n al socialismo a trav\u00e9s del nuevo sistema de las 3 R: Resistir, Renacer y Revolucionar, as\u00ed como de las l\u00edneas 7 l\u00edneas de trabajo 2023.<\/span><!--more--><\/div>\n<\/div>\n","protected":false},"excerpt":{"rendered":"<p>** Con la finalidad de contribuir en la consolidaci\u00f3n de la Comuna\u00a0 y el reconocimiento del saber a trav\u00e9s de la formaci\u00f3n y certificaci\u00f3n<\/p>\n","protected":false},"author":4,"featured_media":52638,"comment_status":"closed","ping_status":"closed","sticky":false,"template":"","format":"standard","meta":{"footnotes":""},"categories":[2],"tags":[],"class_list":["post-52637","post","type-post","status-publish","format-standard","has-post-thumbnail","hentry","category-blog"],"_links":{"self":[{"href":"https:\/\/inces.gob.ve\/index.php\/wp-json\/wp\/v2\/posts\/52637","targetHints":{"allow":["GET"]}}],"collection":[{"href":"https:\/\/inces.gob.ve\/index.php\/wp-json\/wp\/v2\/posts"}],"about":[{"href":"https:\/\/inces.gob.ve\/index.php\/wp-json\/wp\/v2\/types\/post"}],"author":[{"embeddable":true,"href":"https:\/\/inces.gob.ve\/index.php\/wp-json\/wp\/v2\/users\/4"}],"replies":[{"embeddable":true,"href":"https:\/\/inces.gob.ve\/index.php\/wp-json\/wp\/v2\/comments?post=52637"}],"version-history":[{"count":2,"href":"https:\/\/inces.gob.ve\/index.php\/wp-json\/wp\/v2\/posts\/52637\/revisions"}],"predecessor-version":[{"id":52687,"href":"https:\/\/inces.gob.ve\/index.php\/wp-json\/wp\/v2\/posts\/52637\/revisions\/52687"}],"wp:featuredmedia":[{"embeddable":true,"href":"https:\/\/inces.gob.ve\/index.php\/wp-json\/wp\/v2\/media\/52638"}],"wp:attachment":[{"href":"https:\/\/inces.gob.ve\/index.php\/wp-json\/wp\/v2\/media?parent=52637"}],"wp:term":[{"taxonomy":"category","embeddable":true,"href":"https:\/\/inces.gob.ve\/index.php\/wp-json\/wp\/v2\/categories?post=52637"},{"taxonomy":"post_tag","embeddable":true,"href":"https:\/\/inces.gob.ve\/index.php\/wp-json\/wp\/v2\/tags?post=52637"}],"curies":[{"name":"wp","href":"https:\/\/api.w.org\/{rel}","templated":true}]}}