{"id":52673,"date":"2023-07-14T14:59:54","date_gmt":"2023-07-14T18:59:54","guid":{"rendered":"https:\/\/inces.gob.ve\/?p=52673"},"modified":"2023-07-14T15:28:32","modified_gmt":"2023-07-14T19:28:32","slug":"delta-amacuro-inces-realiza-formacion-en-la-unidad-curricular-mantenimiento-del-computador-2","status":"publish","type":"post","link":"https:\/\/inces.gob.ve\/index.php\/2023\/07\/14\/delta-amacuro-inces-realiza-formacion-en-la-unidad-curricular-mantenimiento-del-computador-2\/","title":{"rendered":"DELTA AMACURO | Inces realiza formaci\u00f3n en la unidad curricular mantenimiento del computador\u00a0"},"content":{"rendered":"<p style=\"text-align: justify;\"><span style=\"font-size: 14pt;\"><em><strong>**25 participantes se forman en el Inces para aprender sobre mantenimiento y reparaci\u00f3n de computadores<\/strong><\/em><\/span><!--more--><\/p>\n<p style=\"text-align: justify;\"><span style=\"font-size: 14pt;\"><b>TITO Y\u00c1NEZ\u00a0<\/b><\/span><\/p>\n<p style=\"text-align: justify;\"><span style=\"font-weight: 400; font-size: 14pt;\">Desde la sede del Instituto Nacional de Capacitaci\u00f3n y Educaci\u00f3n Socialista (Inces) en Delta Amacuro contin\u00faa la formaci\u00f3n de la unidad curricular Mantenimiento del Computador, con una duraci\u00f3n de 62 horas, siendo dirigida a 25 participantes pertenecientes al bachillerato productivo y a la comunidad en general, impartida por el maestro t\u00e9cnico productivo (MTP) Jos\u00e9 Guerra.<\/span><\/p>\n<p>&nbsp;<\/p>\n<p style=\"text-align: justify;\"><span style=\"font-weight: 400; font-size: 14pt;\">Los participantes reciben formaci\u00f3n te\u00f3rico-pr\u00e1ctica para alcanzar las competencias que le permitir\u00e1n hacer el mantenimiento y reparaci\u00f3n de equipos de computaci\u00f3n, logrando tambi\u00e9n realizar distintos procedimientos preventivos y extender la vida \u00fatil de las m\u00e1quinas.\u00a0<\/span><\/p>\n<p><img loading=\"lazy\" decoding=\"async\" class=\"aligncenter wp-image-52670 size-large\" src=\"https:\/\/inces.gob.ve\/wp-content\/uploads\/2023\/07\/WhatsApp-Image-2023-07-12-at-02.26.07-1024x1024.jpeg\" alt=\"\" width=\"640\" height=\"640\" \/><\/p>\n<p style=\"text-align: justify;\"><span style=\"font-weight: 400; font-size: 14pt;\">Algunos de los temas a desarrollar en la unidad curricular, espec\u00edficamente desde la teor\u00eda antes de pasar a la pr\u00e1ctica, son la historia del computador, introducci\u00f3n a la inform\u00e1tica, conocimiento de los t\u00e9rminos t\u00e9cnicos, entre otros.\u00a0<\/span><\/p>\n<p>&nbsp;<\/p>\n<p style=\"text-align: justify;\"><span style=\"font-weight: 400; font-size: 14pt;\">El MTP Jos\u00e9 Guerra inform\u00f3 que la capacitaci\u00f3n del grupo se basar\u00e1 desde lo pr\u00e1ctico en c\u00f3mo poder detectar una falla a nivel de software o hardware, instalaci\u00f3n o desinstalaci\u00f3n de sistemas operativos y manejo adecuado de las herramientas; tambi\u00e9n expres\u00f3 que en los encuentros con los participantes estos han demostrado un gran inter\u00e9s y disposici\u00f3n en adquirir los conocimientos con responsabilidad y compromiso para desenvolverse en esta \u00e1rea y as\u00ed prestar un servicio t\u00e9cnico de calidad en el campo laboral.\u00a0<\/span><\/p>\n<p>&nbsp;<\/p>\n<p style=\"text-align: justify;\"><span style=\"font-weight: 400;\"><span style=\"font-size: 14pt;\">Finalmente, Guerra coment\u00f3 que esta formaci\u00f3n es de gran importancia porque permite que los participantes puedan aplicar los conocimientos en el hogar, iniciar en el campo laboral o inclinar sus estudios universitarios en esa \u00e1rea.<\/span> <\/span><\/p>\n","protected":false},"excerpt":{"rendered":"<p>**25 participantes se forman en el Inces para aprender sobre mantenimiento y reparaci\u00f3n de computadores<\/p>\n","protected":false},"author":4,"featured_media":52670,"comment_status":"closed","ping_status":"closed","sticky":false,"template":"","format":"standard","meta":{"footnotes":""},"categories":[2],"tags":[],"class_list":["post-52673","post","type-post","status-publish","format-standard","has-post-thumbnail","hentry","category-blog"],"_links":{"self":[{"href":"https:\/\/inces.gob.ve\/index.php\/wp-json\/wp\/v2\/posts\/52673","targetHints":{"allow":["GET"]}}],"collection":[{"href":"https:\/\/inces.gob.ve\/index.php\/wp-json\/wp\/v2\/posts"}],"about":[{"href":"https:\/\/inces.gob.ve\/index.php\/wp-json\/wp\/v2\/types\/post"}],"author":[{"embeddable":true,"href":"https:\/\/inces.gob.ve\/index.php\/wp-json\/wp\/v2\/users\/4"}],"replies":[{"embeddable":true,"href":"https:\/\/inces.gob.ve\/index.php\/wp-json\/wp\/v2\/comments?post=52673"}],"version-history":[{"count":2,"href":"https:\/\/inces.gob.ve\/index.php\/wp-json\/wp\/v2\/posts\/52673\/revisions"}],"predecessor-version":[{"id":52684,"href":"https:\/\/inces.gob.ve\/index.php\/wp-json\/wp\/v2\/posts\/52673\/revisions\/52684"}],"wp:featuredmedia":[{"embeddable":true,"href":"https:\/\/inces.gob.ve\/index.php\/wp-json\/wp\/v2\/media\/52670"}],"wp:attachment":[{"href":"https:\/\/inces.gob.ve\/index.php\/wp-json\/wp\/v2\/media?parent=52673"}],"wp:term":[{"taxonomy":"category","embeddable":true,"href":"https:\/\/inces.gob.ve\/index.php\/wp-json\/wp\/v2\/categories?post=52673"},{"taxonomy":"post_tag","embeddable":true,"href":"https:\/\/inces.gob.ve\/index.php\/wp-json\/wp\/v2\/tags?post=52673"}],"curies":[{"name":"wp","href":"https:\/\/api.w.org\/{rel}","templated":true}]}}