{"id":52693,"date":"2023-07-17T14:57:26","date_gmt":"2023-07-17T18:57:26","guid":{"rendered":"https:\/\/inces.gob.ve\/?p=52693"},"modified":"2023-07-17T15:19:47","modified_gmt":"2023-07-17T19:19:47","slug":"yaracuy-inces-y-mincomunas-articulan-esfuerzos-para-iniciar-procesos-formativos","status":"publish","type":"post","link":"https:\/\/inces.gob.ve\/index.php\/2023\/07\/17\/yaracuy-inces-y-mincomunas-articulan-esfuerzos-para-iniciar-procesos-formativos\/","title":{"rendered":"YARACUY | Inces y MinComunas articulan esfuerzos para iniciar procesos formativos"},"content":{"rendered":"<p style=\"text-align: justify;\"><em><strong><span style=\"font-family: helvetica, arial, sans-serif; font-size: 14pt;\">***En la segunda reuni\u00f3n las autoridades de ambas instituciones acordaron abordar nueve municipios de los catorce que conforman el estado en primera instancia<\/span><\/strong><\/em><!--more--><\/p>\n<p style=\"text-align: justify;\"><span style=\"font-family: helvetica, arial, sans-serif; font-size: 14pt;\"><strong>YOLAICE VARGAS<br \/>\n<\/strong><\/span><\/p>\n<p style=\"text-align: justify;\"><span style=\"font-family: helvetica, arial, sans-serif; font-size: 14pt;\">En aras de dar inicio al plan nacional de formaci\u00f3n Inces-Comunas 2023, se llev\u00f3 a cabo la segunda reuni\u00f3n de trabajo, entre el gerente regional del Instituto Nacional de Capacitaci\u00f3n y Educaci\u00f3n Socialista, Dalvi Torrealba y la directora regional del Ministerio del Poder Popular para las Comunas, Yecenia L\u00f3pez.<\/span><\/p>\n<p style=\"text-align: justify;\"><span style=\"font-family: helvetica, arial, sans-serif; font-size: 14pt;\">En el encuentro acordaron iniciar con el proceso formativo a los integrantes de las comunas priorizadas de nueve de los 14 \u00a0municipios que conforman la entidad yaracuyana a saber; Bol\u00edvar, Manuel Monge, Pe\u00f1a, Bruzual, Ar\u00edstides Bastidas, Sucre, La Trinidad, Cocorote y San Felipe.<\/span><\/p>\n<p><img loading=\"lazy\" decoding=\"async\" class=\"aligncenter wp-image-52695 size-full\" src=\"https:\/\/inces.gob.ve\/wp-content\/uploads\/2023\/07\/IMG-20230713-WA0033-e1689620194378.jpg\" alt=\"\" width=\"800\" height=\"600\" srcset=\"https:\/\/inces.gob.ve\/wp-content\/uploads\/2023\/07\/IMG-20230713-WA0033-e1689620194378.jpg 800w, https:\/\/inces.gob.ve\/wp-content\/uploads\/2023\/07\/IMG-20230713-WA0033-e1689620194378-300x225.jpg 300w, https:\/\/inces.gob.ve\/wp-content\/uploads\/2023\/07\/IMG-20230713-WA0033-e1689620194378-768x576.jpg 768w, https:\/\/inces.gob.ve\/wp-content\/uploads\/2023\/07\/IMG-20230713-WA0033-e1689620194378-136x102.jpg 136w\" sizes=\"auto, (max-width: 800px) 100vw, 800px\" \/><\/p>\n<p style=\"text-align: justify;\"><span style=\"font-family: helvetica, arial, sans-serif; font-size: 14pt;\">La informaci\u00f3n la dio a conocer el titular del Inces en Yaracuy, quien se\u00f1al\u00f3 \u00a0que durante el proceso de caracterizaci\u00f3n se evidenci\u00f3 la necesidad formativa en las \u00e1reas textil, gesti\u00f3n de proyectos socio productivos y en el tema agr\u00edcola en un primer abordaje.<\/span><\/p>\n<p style=\"text-align: justify;\"><span style=\"font-family: helvetica, arial, sans-serif; font-size: 14pt;\">Asimismo, indic\u00f3 que el trabajo se realizar\u00e1 de manera articulada y se contar\u00e1 adem\u00e1s con maestros t\u00e9cnicos voluntarios, quienes impartir\u00e1n conocimientos en las \u00e1reas antes mencionadas, para abarcar con mayor amplitud a todas las comunas y generar resultados extraordinarios, vislumbrando que el plan sea todo un \u00e9xito. <\/span><\/p>\n<p style=\"text-align: justify;\"><span style=\"font-family: helvetica, arial, sans-serif; font-size: 14pt;\">De igual manera Torrealba, asegur\u00f3 que se atender\u00e1n de manera progresiva\u00a0 a todas las comunas que funcionan en los 14 municipios, \u00a0cumpliendo con las siete l\u00edneas estrat\u00e9gicas de trabajo 2023, en funci\u00f3n de avanzar hacia la formaci\u00f3n t\u00e9cnica profesional, para lo cual es de suma importancia aplicar todas las pol\u00edticas de educaci\u00f3n y formaci\u00f3n vinculada a la nueva estrategia de transici\u00f3n al socialismo.<\/span><\/p>\n","protected":false},"excerpt":{"rendered":"<p>***En la segunda reuni\u00f3n las autoridades de ambas instituciones acordaron abordar nueve municipios de los catorce que conforman el estado en primera instancia<\/p>\n","protected":false},"author":15,"featured_media":52694,"comment_status":"closed","ping_status":"closed","sticky":false,"template":"","format":"standard","meta":{"footnotes":""},"categories":[2],"tags":[],"class_list":["post-52693","post","type-post","status-publish","format-standard","has-post-thumbnail","hentry","category-blog"],"_links":{"self":[{"href":"https:\/\/inces.gob.ve\/index.php\/wp-json\/wp\/v2\/posts\/52693","targetHints":{"allow":["GET"]}}],"collection":[{"href":"https:\/\/inces.gob.ve\/index.php\/wp-json\/wp\/v2\/posts"}],"about":[{"href":"https:\/\/inces.gob.ve\/index.php\/wp-json\/wp\/v2\/types\/post"}],"author":[{"embeddable":true,"href":"https:\/\/inces.gob.ve\/index.php\/wp-json\/wp\/v2\/users\/15"}],"replies":[{"embeddable":true,"href":"https:\/\/inces.gob.ve\/index.php\/wp-json\/wp\/v2\/comments?post=52693"}],"version-history":[{"count":1,"href":"https:\/\/inces.gob.ve\/index.php\/wp-json\/wp\/v2\/posts\/52693\/revisions"}],"predecessor-version":[{"id":52697,"href":"https:\/\/inces.gob.ve\/index.php\/wp-json\/wp\/v2\/posts\/52693\/revisions\/52697"}],"wp:featuredmedia":[{"embeddable":true,"href":"https:\/\/inces.gob.ve\/index.php\/wp-json\/wp\/v2\/media\/52694"}],"wp:attachment":[{"href":"https:\/\/inces.gob.ve\/index.php\/wp-json\/wp\/v2\/media?parent=52693"}],"wp:term":[{"taxonomy":"category","embeddable":true,"href":"https:\/\/inces.gob.ve\/index.php\/wp-json\/wp\/v2\/categories?post=52693"},{"taxonomy":"post_tag","embeddable":true,"href":"https:\/\/inces.gob.ve\/index.php\/wp-json\/wp\/v2\/tags?post=52693"}],"curies":[{"name":"wp","href":"https:\/\/api.w.org\/{rel}","templated":true}]}}