{"id":52718,"date":"2023-07-26T11:32:10","date_gmt":"2023-07-26T15:32:10","guid":{"rendered":"https:\/\/inces.gob.ve\/?p=52718"},"modified":"2023-07-26T12:32:54","modified_gmt":"2023-07-26T16:32:54","slug":"la-coral-inces-raul-delgado-marin-esta-de-aniversario","status":"publish","type":"post","link":"https:\/\/inces.gob.ve\/index.php\/2023\/07\/26\/la-coral-inces-raul-delgado-marin-esta-de-aniversario\/","title":{"rendered":"La Coral Inces \u00abRa\u00fal Delgado Mar\u00edn\u00bb est\u00e1 de aniversario"},"content":{"rendered":"<p><em><strong><span style=\"font-size: 14pt; font-family: helvetica, arial, sans-serif;\">** El 21 de julio se cumplen 40 a\u00f1os de labor art\u00edstica initerrumpida<\/span><\/strong><\/em><!--more--><\/p>\n<p style=\"text-align: justify;\"><span style=\"font-family: helvetica, arial, sans-serif; font-size: 14pt;\">La agrupaci\u00f3n Coral Inces \u00abRa\u00fal Delgado Mar\u00edn\u00bb celebra\u00a0 40 a\u00f1os de labor ininterrumpida, para ello ha planificado una serie de actividades que le permitan conmemorar tan significativa fecha. Los integrantes de la agruapaci\u00f3n art\u00edstica estar\u00e1n\u00a0 contando parte de sus\u00a0 vivencias a lo largo de estos a\u00f1os, a trav\u00e9s de material fotogr\u00e1fico y audiovisual que se presentar\u00e1 en diferentes plataformas digitales.<\/span><\/p>\n<p>&nbsp;<\/p>\n<p style=\"text-align: justify;\"><span style=\"font-family: helvetica, arial, sans-serif; font-size: 14pt;\"><img loading=\"lazy\" decoding=\"async\" class=\"aligncenter wp-image-30152 size-full\" src=\"https:\/\/inces.gob.ve\/wp-content\/uploads\/2019\/08\/Inces-Coral-del-Inces-36-a\u00f1os-fundada-1-.jpg\" alt=\"\" width=\"850\" height=\"638\" srcset=\"https:\/\/inces.gob.ve\/wp-content\/uploads\/2019\/08\/Inces-Coral-del-Inces-36-a\u00f1os-fundada-1-.jpg 850w, https:\/\/inces.gob.ve\/wp-content\/uploads\/2019\/08\/Inces-Coral-del-Inces-36-a\u00f1os-fundada-1--300x225.jpg 300w, https:\/\/inces.gob.ve\/wp-content\/uploads\/2019\/08\/Inces-Coral-del-Inces-36-a\u00f1os-fundada-1--768x576.jpg 768w, https:\/\/inces.gob.ve\/wp-content\/uploads\/2019\/08\/Inces-Coral-del-Inces-36-a\u00f1os-fundada-1--136x102.jpg 136w\" sizes=\"auto, (max-width: 850px) 100vw, 850px\" \/><\/span><\/p>\n<p>&nbsp;<\/p>\n<p style=\"text-align: justify;\"><span style=\"font-family: helvetica, arial, sans-serif; font-size: 14pt;\">Con esta iniciativa, quieren que el p\u00fablico conozca a los protagonistas de esta historia que comenz\u00f3 el 21 de julio de 1983, donde cada miembro de la coral, a trav\u00e9s de un relato autobiogr\u00e1fico, se\u00a0 acerque al p\u00fablico, porque sin su aplauso y apoyo el esfuerzo no tendr\u00eda raz\u00f3n de ser.<\/span><\/p>\n<p>&nbsp;<\/p>\n<p>&nbsp;<\/p>\n<p style=\"text-align: justify;\"><span style=\"font-family: helvetica, arial, sans-serif; font-size: 14pt;\"><img loading=\"lazy\" decoding=\"async\" class=\"aligncenter wp-image-30149 size-full\" src=\"https:\/\/inces.gob.ve\/wp-content\/uploads\/2019\/08\/Inces-Coral-del-Inces-36-a\u00f1os-fundada-4-.jpg\" alt=\"\" width=\"850\" height=\"638\" srcset=\"https:\/\/inces.gob.ve\/wp-content\/uploads\/2019\/08\/Inces-Coral-del-Inces-36-a\u00f1os-fundada-4-.jpg 850w, https:\/\/inces.gob.ve\/wp-content\/uploads\/2019\/08\/Inces-Coral-del-Inces-36-a\u00f1os-fundada-4--300x225.jpg 300w, https:\/\/inces.gob.ve\/wp-content\/uploads\/2019\/08\/Inces-Coral-del-Inces-36-a\u00f1os-fundada-4--768x576.jpg 768w, https:\/\/inces.gob.ve\/wp-content\/uploads\/2019\/08\/Inces-Coral-del-Inces-36-a\u00f1os-fundada-4--136x102.jpg 136w\" sizes=\"auto, (max-width: 850px) 100vw, 850px\" \/><\/span><\/p>\n<p style=\"text-align: justify;\"><span style=\"font-family: helvetica, arial, sans-serif; font-size: 14pt;\">La invitaci\u00f3n es a estar pendientes de esta y otras plataformas Inces para acompa\u00f1ar a estos hombres y mujeres por esta traves\u00eda del maravilloso mundo del canto coral.<\/span><\/p>\n<p>&nbsp;<\/p>\n<p style=\"text-align: justify;\"><span style=\"font-family: helvetica, arial, sans-serif; font-size: 14pt;\"><img loading=\"lazy\" decoding=\"async\" class=\"wp-image-29993 size-full\" src=\"https:\/\/inces.gob.ve\/wp-content\/uploads\/2019\/08\/Coral-del-Inces-5-.jpg\" alt=\"\" width=\"800\" height=\"533\" srcset=\"https:\/\/inces.gob.ve\/wp-content\/uploads\/2019\/08\/Coral-del-Inces-5-.jpg 800w, https:\/\/inces.gob.ve\/wp-content\/uploads\/2019\/08\/Coral-del-Inces-5--300x200.jpg 300w, https:\/\/inces.gob.ve\/wp-content\/uploads\/2019\/08\/Coral-del-Inces-5--768x512.jpg 768w\" sizes=\"auto, (max-width: 800px) 100vw, 800px\" \/><\/span><\/p>\n<div id=\":mc\" class=\"ii gt\">\n<div id=\":r5\" class=\"a3s aiL \">\n<p dir=\"ltr\" style=\"text-align: justify;\"><strong><span style=\"font-family: helvetica, arial, sans-serif; font-size: 14pt;\">Presentaci\u00f3n oficial de la Coral<\/span><\/strong><\/p>\n<p dir=\"ltr\" style=\"text-align: justify;\"><span style=\"font-family: helvetica, arial, sans-serif; font-size: 14pt;\">En el mes de julio de 1983 en el bicentenario del Libertador Sim\u00f3n Bol\u00edvar\u00a0 y ante una sala llena y un p\u00fablico emocionado, la coral hizo su debut con 40 integrantes en el auditorio del instituto, contando con la presencia de las autoridades para la \u00e9poca. Fue una presentaci\u00f3n cargada de emociones donde la agrupaci\u00f3n interpret\u00f3 el Himno Nacional y del Ince y cuatro piezas del folklore nacional e internacional\u00a0 que prepar\u00f3 a trav\u00e9s de seis meses de ensayo. El reto fue cumplido y el trabajo continu\u00f3&#8230;\u00bbCon fuerte voz y sin cesar\u00bb.<\/span><\/p>\n<p dir=\"ltr\" style=\"text-align: justify;\"><img loading=\"lazy\" decoding=\"async\" class=\"aligncenter wp-image-52722 size-full\" src=\"https:\/\/inces.gob.ve\/wp-content\/uploads\/2023\/07\/CORAL-Inces-002-.jpg\" alt=\"\" width=\"717\" height=\"555\" srcset=\"https:\/\/inces.gob.ve\/wp-content\/uploads\/2023\/07\/CORAL-Inces-002-.jpg 717w, https:\/\/inces.gob.ve\/wp-content\/uploads\/2023\/07\/CORAL-Inces-002--300x232.jpg 300w\" sizes=\"auto, (max-width: 717px) 100vw, 717px\" \/><\/p>\n<div class=\"yj6qo\">\n<p>Presentaci\u00f3n oficial de la Coral<\/p>\n<p>En el mes de julio de 1983 en el bicentenario del Libertador Sim\u00f3n Bol\u00edvar\u00a0 y ante una sala llena y un p\u00fablico emocionado, la Coral hizo su debut con 40 integrantes en el Auditorio del Instituto, contando con la presencia de las autoridades para la \u00e9poca. Fue una presentaci\u00f3n cargada de emociones donde la agrupaci\u00f3n interpret\u00f3: El Himno Nacional y del Ince y 4 piezas del folklore nacional e internacional\u00a0 que prepar\u00f3 a trav\u00e9s de los ensayos en 6 meses. El reto fue cumplido y el trabajo continu\u00f3&#8230;\u00bbCon fuerte voz y sin cesar\u00bb.<\/p>\n<p>&nbsp;<\/p>\n<\/div>\n<div class=\"adL\"><\/div>\n<\/div>\n<\/div>\n<div id=\":ob\" class=\"hq gt\">\n<div class=\"hp\"><\/div>\n<\/div>\n","protected":false},"excerpt":{"rendered":"<p>** El 21 de julio se cumplen 40 a\u00f1os de labor art\u00edstica initerrumpida<\/p>\n","protected":false},"author":15,"featured_media":29996,"comment_status":"closed","ping_status":"closed","sticky":false,"template":"","format":"standard","meta":{"footnotes":""},"categories":[2],"tags":[],"class_list":["post-52718","post","type-post","status-publish","format-standard","has-post-thumbnail","hentry","category-blog"],"_links":{"self":[{"href":"https:\/\/inces.gob.ve\/index.php\/wp-json\/wp\/v2\/posts\/52718","targetHints":{"allow":["GET"]}}],"collection":[{"href":"https:\/\/inces.gob.ve\/index.php\/wp-json\/wp\/v2\/posts"}],"about":[{"href":"https:\/\/inces.gob.ve\/index.php\/wp-json\/wp\/v2\/types\/post"}],"author":[{"embeddable":true,"href":"https:\/\/inces.gob.ve\/index.php\/wp-json\/wp\/v2\/users\/15"}],"replies":[{"embeddable":true,"href":"https:\/\/inces.gob.ve\/index.php\/wp-json\/wp\/v2\/comments?post=52718"}],"version-history":[{"count":9,"href":"https:\/\/inces.gob.ve\/index.php\/wp-json\/wp\/v2\/posts\/52718\/revisions"}],"predecessor-version":[{"id":52728,"href":"https:\/\/inces.gob.ve\/index.php\/wp-json\/wp\/v2\/posts\/52718\/revisions\/52728"}],"wp:featuredmedia":[{"embeddable":true,"href":"https:\/\/inces.gob.ve\/index.php\/wp-json\/wp\/v2\/media\/29996"}],"wp:attachment":[{"href":"https:\/\/inces.gob.ve\/index.php\/wp-json\/wp\/v2\/media?parent=52718"}],"wp:term":[{"taxonomy":"category","embeddable":true,"href":"https:\/\/inces.gob.ve\/index.php\/wp-json\/wp\/v2\/categories?post=52718"},{"taxonomy":"post_tag","embeddable":true,"href":"https:\/\/inces.gob.ve\/index.php\/wp-json\/wp\/v2\/tags?post=52718"}],"curies":[{"name":"wp","href":"https:\/\/api.w.org\/{rel}","templated":true}]}}